{"id":3297,"date":"2020-02-03T08:37:48","date_gmt":"2020-02-03T07:37:48","guid":{"rendered":"http:\/\/www.confagricoltura.org\/bologna\/?p=3297"},"modified":"2021-03-11T13:24:55","modified_gmt":"2021-03-11T12:24:55","slug":"reddito-di-inclusione-rivalutazione-importo","status":"publish","type":"post","link":"https:\/\/www.confagricoltura.org\/bologna\/reddito-di-inclusione-rivalutazione-importo\/","title":{"rendered":"Reddito di inclusione \u2013 rivalutazione importo."},"content":{"rendered":"<p>Con messaggio n. 161 del 17\/01\/2020, l\u2019I.N.P.S. ha provveduto a rivalutare gli importi dei trattamenti previdenziali ed assistenziali con particolare riferimento al Reddito di inclusione (ReI) ed alla Carta acquisti ordinaria.<\/p>\n<p>Come si ricorder\u00e0, il cosiddetto <b>Reddito di Inclusione (ReI)<\/b> \u00e8 una misura di contrasto alla povert\u00e0.<\/p>\n<p>Il ReI si compone di due elementi: un <b>beneficio economico<\/b>, erogato mensilmente attraverso una carta di pagamento elettronica (Carta ReI) ed un <b>progetto personalizzato<\/b> di attivazione e di inclusione sociale e lavorativa volto al superamento della condizione di povert\u00e0; il <b>progetto personalizzato \u00e8 predisposto con il supporto dei servizi sociali del Comune<\/b> in rete con gli altri servizi territoriali nell\u2019ambito degli interventi di contrasto alla povert\u00e0.<\/p>\n<p>&nbsp;<\/p>\n<p>Il progetto \u00e8 relativo a tutti i componenti del nucleo familiare e prevede l\u2019identificazione degli obiettivi che si intendono raggiungere, dei sostegni di cui il nucleo necessita, degli impegni da parte dei componenti il nucleo a svolgere specifiche attivit\u00e0 (ad esempio attivazione lavorativa, frequenza scolastica, tutela della salute, ecc. \u2026).<\/p>\n<p>&nbsp;<\/p>\n<p>La misura di contrasto alla povert\u00e0 \u00e8 stata sostituita dal c.d. Reddito di Cittadinanza, infatti, stante il disposto di cui all\u2019art. 13, decreto \u2013 legge 28 gennaio 2019, n. 4, istitutivo del reddito di Cittadinanza e della Pensione di Cittadinanza, il <b>Reddito di Inclusione (Rei)<\/b> non pu\u00f2 essere pi\u00f9 richiesto a partire dal 1\u00b0 marzo 2019, e dal successivo mese di aprile 2019 non \u00e8 pi\u00f9 riconosciuto n\u00e9 rinnovato per una seconda volta.<\/p>\n<p>Per coloro ai quali il Rei sia stato riconosciuto in data anteriore ad aprile 2019 (con le domande presentate entro il 28 febbraio 2019), il beneficio continua ad essere erogato per la durata inizialmente prevista, fatta salva la possibilit\u00e0 di presentare domanda per il il reddito \/Pensione di Cittadinanza.<\/p>\n<p>Dall\u2019accoglimento della eventuale domanda di Reddito \/ Pensione di Cittadinanza presentata dal soggetto interessato deriva la decadenza della domanda di Rei.<\/p>\n<p>&nbsp;<\/p>\n<p>Il <b>Reddito di Inclusione<\/b> era commisurato, in prima applicazione alla soglia economica oggettiva di \u20ac 2.250,00, crescente secondo le condizioni del nucleo familiare:<\/p>\n<p>&nbsp;<\/p>\n<p><img loading=\"lazy\" decoding=\"async\" class=\"alignnone size-full wp-image-3298 img-responsive\" src=\"http:\/\/www.confagricoltura.org\/bologna\/wp-content\/uploads\/sites\/4\/2020\/02\/Schema-redditto-di-inclusione.jpg\" alt=\"\" width=\"751\" height=\"233\" \/><\/p>\n<p>&nbsp;<\/p>\n<p>&nbsp;<\/p>\n<p>Il messaggio I.N.P.S. n\u00b0 161\/20 adegua, pertanto, i valori pregressi e ci\u00f2 a seguito dell\u2019emanazione del decreto del Ministero dell\u2019Economia e delle Finanze di concerto con il Ministero del Lavoro e delle Politiche Social del 15 novembre 2019 (pubblicato in Gazzetta Ufficiale, serie generale, n. 278 del 27 novembre 2019), recante \u201c<i>Valore della variazione della percentuale, salvo conguaglio, per il calcolo dell\u2019aumento di perequazione delle pensioni spettante per l\u2019anno 2019 con decorrenza dal 1\u00b0 gennaio 2020, nonch\u00e9 il valore definitivo della variazione <\/i><i>percentuale da considerarsi per l\u2019anno 2018 con decorrenza dal 1\u00b0 gennaio 2019<\/i>\u201d.<\/p>\n<p><b>\u00a0<\/b><\/p>\n<p>In particolare:<\/p>\n<p>A) Rivalutazione dell\u2019importo dell\u2019assegno sociale e del Reddito di Inclusione.<\/p>\n<p>Il beneficio economico del ReI, come \u00e8 noto, \u00e8 soggetto ad un tetto massimo di erogazione commisurato all\u2019ammontare annuo dell\u2019assegno sociale, maggiorato del 10%; l\u2019importo dell\u2019assegno sociale \u00e8 stato, quindi, rivalutato e, per l\u2019anno 2020, \u00e8 pari ad un valore annuo di \u20ac 5.977,79 che, maggiorato del 10%, equivale ad \u20ac 6.575,56; tale importo costituisce, pertanto, il valore massimo dell\u2019ammontare del Reddito di Inclusione per l\u2019anno 2020.<\/p>\n<p>B) Perequazione ed aggiornamento dei valori soglia ISEE e dei trattamenti per l\u2019accesso alla Carta acquisti ordinaria.<\/p>\n<p>La misura delle soglie per l\u2019accesso alla Carta acquisti ordinaria, ossia il valore ISEE e quello dei trattamenti e dei redditi previsti dal medesimo decreto, \u00e8 aumentata, come segue:<\/p>\n<ul>\n<li>il valore dell\u2019indicatore ISEE deve essere inferiore ad \u20ac 6.966,54 (tale valore rileva sia per la Carta acquisti minori che per la Carta acquisiti ultrasessantacinquenni);<\/li>\n<li>il valore dei redditi e dei trattamenti dei pensionati deve essere di importo inferiore a 6.966,54 se il richiedente \/ titolare \u00e8 di et\u00e0 compresa tra 65 anni e 69 anni o ad \u20ac 9.288,70 se il richiedente \/ titolare ha un\u2019et\u00e0 non inferiore a 70 anni (tale valore rileva solo per la Carta acquisiti ultrasessantacinquenni).<\/li>\n<\/ul>\n<p>(M. Mazzanti)<\/p>\n<p>&nbsp;<\/p>\n<p>&nbsp;<\/p>\n<p>&nbsp;<\/p>\n<p>&nbsp;<\/p>\n<p>&nbsp;<\/p>\n<p>&nbsp;<\/p>\n<p>&nbsp;<\/p>\n","protected":false},"excerpt":{"rendered":"<p>Con messaggio n. 161 del 17\/01\/2020, l\u2019I.N.P.S. ha provveduto a rivalutare gli importi dei trattamenti previdenziali ed assistenziali con particolare riferimento al Reddito di inclusione (ReI) ed alla Carta acquisti ordinaria. Come si ricorder\u00e0, il cosiddetto Reddito di Inclusione (ReI) \u00e8 una misura di contrasto alla povert\u00e0. Il ReI si compone di due elementi: un<\/p>\n","protected":false},"author":7,"featured_media":0,"comment_status":"open","ping_status":"open","sticky":false,"template":"","format":"standard","meta":{"wp_mapbox_gl_js_media":[],"footnotes":""},"categories":[29],"tags":[],"class_list":["post-3297","post","type-post","status-publish","format-standard","hentry","category-archivio"],"yoast_head":"<!-- This site is optimized with the Yoast SEO plugin v26.8 - https:\/\/yoast.com\/product\/yoast-seo-wordpress\/ -->\n<title>Reddito di inclusione \u2013 rivalutazione importo. - Confagricoltura Bologna<\/title>\n<meta name=\"robots\" content=\"index, follow, max-snippet:-1, max-image-preview:large, max-video-preview:-1\" \/>\n<link rel=\"canonical\" href=\"https:\/\/www.confagricoltura.org\/bologna\/reddito-di-inclusione-rivalutazione-importo\/\" \/>\n<meta property=\"og:locale\" content=\"it_IT\" \/>\n<meta property=\"og:type\" content=\"article\" \/>\n<meta property=\"og:title\" content=\"Reddito di inclusione \u2013 rivalutazione importo. - Confagricoltura Bologna\" \/>\n<meta property=\"og:description\" content=\"Con messaggio n. 161 del 17\/01\/2020, l\u2019I.N.P.S. ha provveduto a rivalutare gli importi dei trattamenti previdenziali ed assistenziali con particolare riferimento al Reddito di inclusione (ReI) ed alla Carta acquisti ordinaria. Come si ricorder\u00e0, il cosiddetto Reddito di Inclusione (ReI) \u00e8 una misura di contrasto alla povert\u00e0. Il ReI si compone di due elementi: un\" \/>\n<meta property=\"og:url\" content=\"https:\/\/www.confagricoltura.org\/bologna\/reddito-di-inclusione-rivalutazione-importo\/\" \/>\n<meta property=\"og:site_name\" content=\"Confagricoltura Bologna\" \/>\n<meta property=\"article:published_time\" content=\"2020-02-03T07:37:48+00:00\" \/>\n<meta property=\"article:modified_time\" content=\"2021-03-11T12:24:55+00:00\" \/>\n<meta property=\"og:image\" content=\"http:\/\/www.confagricoltura.org\/bologna\/wp-content\/uploads\/sites\/4\/2020\/02\/Schema-redditto-di-inclusione.jpg\" \/>\n<meta name=\"author\" content=\"confagricolturabologna\" \/>\n<meta name=\"twitter:card\" content=\"summary_large_image\" \/>\n<meta name=\"twitter:label1\" content=\"Scritto da\" \/>\n\t<meta name=\"twitter:data1\" content=\"confagricolturabologna\" \/>\n\t<meta name=\"twitter:label2\" content=\"Tempo di lettura stimato\" \/>\n\t<meta name=\"twitter:data2\" content=\"3 minuti\" \/>\n<script type=\"application\/ld+json\" class=\"yoast-schema-graph\">{\"@context\":\"https:\/\/schema.org\",\"@graph\":[{\"@type\":\"Article\",\"@id\":\"https:\/\/www.confagricoltura.org\/bologna\/reddito-di-inclusione-rivalutazione-importo\/#article\",\"isPartOf\":{\"@id\":\"https:\/\/www.confagricoltura.org\/bologna\/reddito-di-inclusione-rivalutazione-importo\/\"},\"author\":{\"name\":\"confagricolturabologna\",\"@id\":\"https:\/\/www.confagricoltura.org\/bologna\/#\/schema\/person\/277baa2a725fb840103c5f8898746c7f\"},\"headline\":\"Reddito di inclusione \u2013 rivalutazione importo.\",\"datePublished\":\"2020-02-03T07:37:48+00:00\",\"dateModified\":\"2021-03-11T12:24:55+00:00\",\"mainEntityOfPage\":{\"@id\":\"https:\/\/www.confagricoltura.org\/bologna\/reddito-di-inclusione-rivalutazione-importo\/\"},\"wordCount\":621,\"commentCount\":0,\"image\":{\"@id\":\"https:\/\/www.confagricoltura.org\/bologna\/reddito-di-inclusione-rivalutazione-importo\/#primaryimage\"},\"thumbnailUrl\":\"http:\/\/www.confagricoltura.org\/bologna\/wp-content\/uploads\/sites\/4\/2020\/02\/Schema-redditto-di-inclusione.jpg\",\"articleSection\":[\"Archivio\"],\"inLanguage\":\"it-IT\"},{\"@type\":\"WebPage\",\"@id\":\"https:\/\/www.confagricoltura.org\/bologna\/reddito-di-inclusione-rivalutazione-importo\/\",\"url\":\"https:\/\/www.confagricoltura.org\/bologna\/reddito-di-inclusione-rivalutazione-importo\/\",\"name\":\"Reddito di inclusione \u2013 rivalutazione importo. - Confagricoltura Bologna\",\"isPartOf\":{\"@id\":\"https:\/\/www.confagricoltura.org\/bologna\/#website\"},\"primaryImageOfPage\":{\"@id\":\"https:\/\/www.confagricoltura.org\/bologna\/reddito-di-inclusione-rivalutazione-importo\/#primaryimage\"},\"image\":{\"@id\":\"https:\/\/www.confagricoltura.org\/bologna\/reddito-di-inclusione-rivalutazione-importo\/#primaryimage\"},\"thumbnailUrl\":\"http:\/\/www.confagricoltura.org\/bologna\/wp-content\/uploads\/sites\/4\/2020\/02\/Schema-redditto-di-inclusione.jpg\",\"datePublished\":\"2020-02-03T07:37:48+00:00\",\"dateModified\":\"2021-03-11T12:24:55+00:00\",\"author\":{\"@id\":\"https:\/\/www.confagricoltura.org\/bologna\/#\/schema\/person\/277baa2a725fb840103c5f8898746c7f\"},\"breadcrumb\":{\"@id\":\"https:\/\/www.confagricoltura.org\/bologna\/reddito-di-inclusione-rivalutazione-importo\/#breadcrumb\"},\"inLanguage\":\"it-IT\",\"potentialAction\":[{\"@type\":\"ReadAction\",\"target\":[\"https:\/\/www.confagricoltura.org\/bologna\/reddito-di-inclusione-rivalutazione-importo\/\"]}]},{\"@type\":\"ImageObject\",\"inLanguage\":\"it-IT\",\"@id\":\"https:\/\/www.confagricoltura.org\/bologna\/reddito-di-inclusione-rivalutazione-importo\/#primaryimage\",\"url\":\"http:\/\/www.confagricoltura.org\/bologna\/wp-content\/uploads\/sites\/4\/2020\/02\/Schema-redditto-di-inclusione.jpg\",\"contentUrl\":\"http:\/\/www.confagricoltura.org\/bologna\/wp-content\/uploads\/sites\/4\/2020\/02\/Schema-redditto-di-inclusione.jpg\"},{\"@type\":\"BreadcrumbList\",\"@id\":\"https:\/\/www.confagricoltura.org\/bologna\/reddito-di-inclusione-rivalutazione-importo\/#breadcrumb\",\"itemListElement\":[{\"@type\":\"ListItem\",\"position\":1,\"name\":\"Home\",\"item\":\"https:\/\/www.confagricoltura.org\/bologna\/\"},{\"@type\":\"ListItem\",\"position\":2,\"name\":\"Reddito di inclusione \u2013 rivalutazione importo.\"}]},{\"@type\":\"WebSite\",\"@id\":\"https:\/\/www.confagricoltura.org\/bologna\/#website\",\"url\":\"https:\/\/www.confagricoltura.org\/bologna\/\",\"name\":\"Confagricoltura Bologna\",\"description\":\"Dalla parte degli Agricoltori\",\"potentialAction\":[{\"@type\":\"SearchAction\",\"target\":{\"@type\":\"EntryPoint\",\"urlTemplate\":\"https:\/\/www.confagricoltura.org\/bologna\/?s={search_term_string}\"},\"query-input\":{\"@type\":\"PropertyValueSpecification\",\"valueRequired\":true,\"valueName\":\"search_term_string\"}}],\"inLanguage\":\"it-IT\"},{\"@type\":\"Person\",\"@id\":\"https:\/\/www.confagricoltura.org\/bologna\/#\/schema\/person\/277baa2a725fb840103c5f8898746c7f\",\"name\":\"confagricolturabologna\",\"image\":{\"@type\":\"ImageObject\",\"inLanguage\":\"it-IT\",\"@id\":\"https:\/\/www.confagricoltura.org\/bologna\/#\/schema\/person\/image\/\",\"url\":\"https:\/\/secure.gravatar.com\/avatar\/edd9a034f35ea6aeadaf9744d1135acc?s=96&d=mm&r=g\",\"contentUrl\":\"https:\/\/secure.gravatar.com\/avatar\/edd9a034f35ea6aeadaf9744d1135acc?s=96&d=mm&r=g\",\"caption\":\"confagricolturabologna\"},\"url\":\"https:\/\/www.confagricoltura.org\/bologna\/author\/confagricolturabologna\/\"}]}<\/script>\n<!-- \/ Yoast SEO plugin. -->","yoast_head_json":{"title":"Reddito di inclusione \u2013 rivalutazione importo. - Confagricoltura Bologna","robots":{"index":"index","follow":"follow","max-snippet":"max-snippet:-1","max-image-preview":"max-image-preview:large","max-video-preview":"max-video-preview:-1"},"canonical":"https:\/\/www.confagricoltura.org\/bologna\/reddito-di-inclusione-rivalutazione-importo\/","og_locale":"it_IT","og_type":"article","og_title":"Reddito di inclusione \u2013 rivalutazione importo. - Confagricoltura Bologna","og_description":"Con messaggio n. 161 del 17\/01\/2020, l\u2019I.N.P.S. ha provveduto a rivalutare gli importi dei trattamenti previdenziali ed assistenziali con particolare riferimento al Reddito di inclusione (ReI) ed alla Carta acquisti ordinaria. Come si ricorder\u00e0, il cosiddetto Reddito di Inclusione (ReI) \u00e8 una misura di contrasto alla povert\u00e0. Il ReI si compone di due elementi: un","og_url":"https:\/\/www.confagricoltura.org\/bologna\/reddito-di-inclusione-rivalutazione-importo\/","og_site_name":"Confagricoltura Bologna","article_published_time":"2020-02-03T07:37:48+00:00","article_modified_time":"2021-03-11T12:24:55+00:00","og_image":[{"url":"http:\/\/www.confagricoltura.org\/bologna\/wp-content\/uploads\/sites\/4\/2020\/02\/Schema-redditto-di-inclusione.jpg","type":"","width":"","height":""}],"author":"confagricolturabologna","twitter_card":"summary_large_image","twitter_misc":{"Scritto da":"confagricolturabologna","Tempo di lettura stimato":"3 minuti"},"schema":{"@context":"https:\/\/schema.org","@graph":[{"@type":"Article","@id":"https:\/\/www.confagricoltura.org\/bologna\/reddito-di-inclusione-rivalutazione-importo\/#article","isPartOf":{"@id":"https:\/\/www.confagricoltura.org\/bologna\/reddito-di-inclusione-rivalutazione-importo\/"},"author":{"name":"confagricolturabologna","@id":"https:\/\/www.confagricoltura.org\/bologna\/#\/schema\/person\/277baa2a725fb840103c5f8898746c7f"},"headline":"Reddito di inclusione \u2013 rivalutazione importo.","datePublished":"2020-02-03T07:37:48+00:00","dateModified":"2021-03-11T12:24:55+00:00","mainEntityOfPage":{"@id":"https:\/\/www.confagricoltura.org\/bologna\/reddito-di-inclusione-rivalutazione-importo\/"},"wordCount":621,"commentCount":0,"image":{"@id":"https:\/\/www.confagricoltura.org\/bologna\/reddito-di-inclusione-rivalutazione-importo\/#primaryimage"},"thumbnailUrl":"http:\/\/www.confagricoltura.org\/bologna\/wp-content\/uploads\/sites\/4\/2020\/02\/Schema-redditto-di-inclusione.jpg","articleSection":["Archivio"],"inLanguage":"it-IT"},{"@type":"WebPage","@id":"https:\/\/www.confagricoltura.org\/bologna\/reddito-di-inclusione-rivalutazione-importo\/","url":"https:\/\/www.confagricoltura.org\/bologna\/reddito-di-inclusione-rivalutazione-importo\/","name":"Reddito di inclusione \u2013 rivalutazione importo. - Confagricoltura Bologna","isPartOf":{"@id":"https:\/\/www.confagricoltura.org\/bologna\/#website"},"primaryImageOfPage":{"@id":"https:\/\/www.confagricoltura.org\/bologna\/reddito-di-inclusione-rivalutazione-importo\/#primaryimage"},"image":{"@id":"https:\/\/www.confagricoltura.org\/bologna\/reddito-di-inclusione-rivalutazione-importo\/#primaryimage"},"thumbnailUrl":"http:\/\/www.confagricoltura.org\/bologna\/wp-content\/uploads\/sites\/4\/2020\/02\/Schema-redditto-di-inclusione.jpg","datePublished":"2020-02-03T07:37:48+00:00","dateModified":"2021-03-11T12:24:55+00:00","author":{"@id":"https:\/\/www.confagricoltura.org\/bologna\/#\/schema\/person\/277baa2a725fb840103c5f8898746c7f"},"breadcrumb":{"@id":"https:\/\/www.confagricoltura.org\/bologna\/reddito-di-inclusione-rivalutazione-importo\/#breadcrumb"},"inLanguage":"it-IT","potentialAction":[{"@type":"ReadAction","target":["https:\/\/www.confagricoltura.org\/bologna\/reddito-di-inclusione-rivalutazione-importo\/"]}]},{"@type":"ImageObject","inLanguage":"it-IT","@id":"https:\/\/www.confagricoltura.org\/bologna\/reddito-di-inclusione-rivalutazione-importo\/#primaryimage","url":"http:\/\/www.confagricoltura.org\/bologna\/wp-content\/uploads\/sites\/4\/2020\/02\/Schema-redditto-di-inclusione.jpg","contentUrl":"http:\/\/www.confagricoltura.org\/bologna\/wp-content\/uploads\/sites\/4\/2020\/02\/Schema-redditto-di-inclusione.jpg"},{"@type":"BreadcrumbList","@id":"https:\/\/www.confagricoltura.org\/bologna\/reddito-di-inclusione-rivalutazione-importo\/#breadcrumb","itemListElement":[{"@type":"ListItem","position":1,"name":"Home","item":"https:\/\/www.confagricoltura.org\/bologna\/"},{"@type":"ListItem","position":2,"name":"Reddito di inclusione \u2013 rivalutazione importo."}]},{"@type":"WebSite","@id":"https:\/\/www.confagricoltura.org\/bologna\/#website","url":"https:\/\/www.confagricoltura.org\/bologna\/","name":"Confagricoltura Bologna","description":"Dalla parte degli Agricoltori","potentialAction":[{"@type":"SearchAction","target":{"@type":"EntryPoint","urlTemplate":"https:\/\/www.confagricoltura.org\/bologna\/?s={search_term_string}"},"query-input":{"@type":"PropertyValueSpecification","valueRequired":true,"valueName":"search_term_string"}}],"inLanguage":"it-IT"},{"@type":"Person","@id":"https:\/\/www.confagricoltura.org\/bologna\/#\/schema\/person\/277baa2a725fb840103c5f8898746c7f","name":"confagricolturabologna","image":{"@type":"ImageObject","inLanguage":"it-IT","@id":"https:\/\/www.confagricoltura.org\/bologna\/#\/schema\/person\/image\/","url":"https:\/\/secure.gravatar.com\/avatar\/edd9a034f35ea6aeadaf9744d1135acc?s=96&d=mm&r=g","contentUrl":"https:\/\/secure.gravatar.com\/avatar\/edd9a034f35ea6aeadaf9744d1135acc?s=96&d=mm&r=g","caption":"confagricolturabologna"},"url":"https:\/\/www.confagricoltura.org\/bologna\/author\/confagricolturabologna\/"}]}},"_links":{"self":[{"href":"https:\/\/www.confagricoltura.org\/bologna\/wp-json\/wp\/v2\/posts\/3297","targetHints":{"allow":["GET"]}}],"collection":[{"href":"https:\/\/www.confagricoltura.org\/bologna\/wp-json\/wp\/v2\/posts"}],"about":[{"href":"https:\/\/www.confagricoltura.org\/bologna\/wp-json\/wp\/v2\/types\/post"}],"author":[{"embeddable":true,"href":"https:\/\/www.confagricoltura.org\/bologna\/wp-json\/wp\/v2\/users\/7"}],"replies":[{"embeddable":true,"href":"https:\/\/www.confagricoltura.org\/bologna\/wp-json\/wp\/v2\/comments?post=3297"}],"version-history":[{"count":1,"href":"https:\/\/www.confagricoltura.org\/bologna\/wp-json\/wp\/v2\/posts\/3297\/revisions"}],"predecessor-version":[{"id":4410,"href":"https:\/\/www.confagricoltura.org\/bologna\/wp-json\/wp\/v2\/posts\/3297\/revisions\/4410"}],"wp:attachment":[{"href":"https:\/\/www.confagricoltura.org\/bologna\/wp-json\/wp\/v2\/media?parent=3297"}],"wp:term":[{"taxonomy":"category","embeddable":true,"href":"https:\/\/www.confagricoltura.org\/bologna\/wp-json\/wp\/v2\/categories?post=3297"},{"taxonomy":"post_tag","embeddable":true,"href":"https:\/\/www.confagricoltura.org\/bologna\/wp-json\/wp\/v2\/tags?post=3297"}],"curies":[{"name":"wp","href":"https:\/\/api.w.org\/{rel}","templated":true}]}}