{"id":3159,"date":"2019-11-28T17:31:30","date_gmt":"2019-11-28T16:31:30","guid":{"rendered":"http:\/\/www.confagricoltura.org\/bologna\/?p=3159"},"modified":"2021-03-11T13:24:56","modified_gmt":"2021-03-11T12:24:56","slug":"avviso-agli-associati-convenzione-con-umana-s-p-a","status":"publish","type":"post","link":"https:\/\/www.confagricoltura.org\/bologna\/avviso-agli-associati-convenzione-con-umana-s-p-a\/","title":{"rendered":"Avviso agli Associati \u2013 Convenzione con UMANA S.p.A."},"content":{"rendered":"<p>Confagricoltura ha sottoscritto una convenzione con <b>UMANA S.p.A.<\/b> (primaria agenzia di somministrazione del lavoro autorizzata dal Ministero del Lavoro) al fine di consentire alle proprie aziende associate di usufruire di fornitura di manodopera, specie avventizia, nel rispetto delle previsioni legislative.<\/p>\n<p>\u00c8 nota in diversi casi la difficolt\u00e0 di reperire manodopera, specie avventizia, ed \u00e8 altres\u00ec diffuso l\u2019utilizzo di cooperative non sempre referenziate, che \u2013 come da noi pi\u00f9 volte sottolineato \u2013 comportano dei profili di rischio per i datori di lavoro, anche alla luce delle vigenti normative in materia di caporalato.<\/p>\n<p>Per cercare di venire incontro alle aziende, nel reperimento di manodopera, si inserisce questa collaborazione, utilizzando la somministrazione di lavoro per il tramite di un\u2019agenzia autorizzata, somministrazione che non ha nessun profilo di rischio non trattandosi in alcun modo di interposizione, vietata dalla vigente normativa.<\/p>\n<p>Nella sostanza, <b>Umana <\/b>assume il lavoratore agricolo e lo \u201csomministra\u201d all\u2019azienda agricola, a fronte di un pagamento sotto forma di fattura (la busta paga del lavoratore e relativi contributi sono a carico di Umana).<\/p>\n<p>Qualora l\u2019azienda si trovasse bene con il lavoratore, potrebbe in un futuro, assumerlo direttamente (previ accordi con il lavoratore stesso).<\/p>\n<p>In questo caso, l\u2019assunzione del dipendete tornerebbe in capo all\u2019azienda alle tariffe previste dal contratto.<\/p>\n<p>Nel caso un\u2019azienda, nostra associata, fosse interessata per una collaborazione con Umana, per l\u2019individuazione e somministrazione di prestazioni di operai agricoli avventizi, pu\u00f2 contattare i nostri uffici di zona, che gestiranno i primi contatti tra l\u2019azienda ed Umana.<\/p>\n<p>Importante \u00e8 ricordare che per poter utilizzare il lavoro in somministrazione, l\u2019azienda deve essere registrati all\u2019I.N.P.S. ed avere il relativo codice azienda e codice CIDA; anche se non si \u00e8 mai assunto alcun dipendente.<\/p>\n<p>&nbsp;<\/p>\n<p>(A. Flora)<\/p>\n<p>&nbsp;<\/p>\n","protected":false},"excerpt":{"rendered":"<p>Confagricoltura ha sottoscritto una convenzione con UMANA S.p.A. (primaria agenzia di somministrazione del lavoro autorizzata dal Ministero del Lavoro) al fine di consentire alle proprie aziende associate di usufruire di fornitura di manodopera, specie avventizia, nel rispetto delle previsioni legislative. \u00c8 nota in diversi casi la difficolt\u00e0 di reperire manodopera, specie avventizia, ed \u00e8 altres\u00ec<\/p>\n","protected":false},"author":7,"featured_media":0,"comment_status":"open","ping_status":"open","sticky":false,"template":"","format":"standard","meta":{"wp_mapbox_gl_js_media":[],"footnotes":""},"categories":[29],"tags":[],"class_list":["post-3159","post","type-post","status-publish","format-standard","hentry","category-archivio"],"yoast_head":"<!-- This site is optimized with the Yoast SEO plugin v26.8 - https:\/\/yoast.com\/product\/yoast-seo-wordpress\/ -->\n<title>Avviso agli Associati \u2013 Convenzione con UMANA S.p.A. - Confagricoltura Bologna<\/title>\n<meta name=\"robots\" content=\"index, follow, max-snippet:-1, max-image-preview:large, max-video-preview:-1\" \/>\n<link rel=\"canonical\" href=\"https:\/\/www.confagricoltura.org\/bologna\/avviso-agli-associati-convenzione-con-umana-s-p-a\/\" \/>\n<meta property=\"og:locale\" content=\"it_IT\" \/>\n<meta property=\"og:type\" content=\"article\" \/>\n<meta property=\"og:title\" content=\"Avviso agli Associati \u2013 Convenzione con UMANA S.p.A. - Confagricoltura Bologna\" \/>\n<meta property=\"og:description\" content=\"Confagricoltura ha sottoscritto una convenzione con UMANA S.p.A. (primaria agenzia di somministrazione del lavoro autorizzata dal Ministero del Lavoro) al fine di consentire alle proprie aziende associate di usufruire di fornitura di manodopera, specie avventizia, nel rispetto delle previsioni legislative. \u00c8 nota in diversi casi la difficolt\u00e0 di reperire manodopera, specie avventizia, ed \u00e8 altres\u00ec\" \/>\n<meta property=\"og:url\" content=\"https:\/\/www.confagricoltura.org\/bologna\/avviso-agli-associati-convenzione-con-umana-s-p-a\/\" \/>\n<meta property=\"og:site_name\" content=\"Confagricoltura Bologna\" \/>\n<meta property=\"article:published_time\" content=\"2019-11-28T16:31:30+00:00\" \/>\n<meta property=\"article:modified_time\" content=\"2021-03-11T12:24:56+00:00\" \/>\n<meta name=\"author\" content=\"confagricolturabologna\" \/>\n<meta name=\"twitter:card\" content=\"summary_large_image\" \/>\n<meta name=\"twitter:label1\" content=\"Scritto da\" \/>\n\t<meta name=\"twitter:data1\" content=\"confagricolturabologna\" \/>\n\t<meta name=\"twitter:label2\" content=\"Tempo di lettura stimato\" \/>\n\t<meta name=\"twitter:data2\" content=\"1 minuto\" \/>\n<script type=\"application\/ld+json\" class=\"yoast-schema-graph\">{\"@context\":\"https:\/\/schema.org\",\"@graph\":[{\"@type\":\"Article\",\"@id\":\"https:\/\/www.confagricoltura.org\/bologna\/avviso-agli-associati-convenzione-con-umana-s-p-a\/#article\",\"isPartOf\":{\"@id\":\"https:\/\/www.confagricoltura.org\/bologna\/avviso-agli-associati-convenzione-con-umana-s-p-a\/\"},\"author\":{\"name\":\"confagricolturabologna\",\"@id\":\"https:\/\/www.confagricoltura.org\/bologna\/#\/schema\/person\/277baa2a725fb840103c5f8898746c7f\"},\"headline\":\"Avviso agli Associati \u2013 Convenzione con UMANA S.p.A.\",\"datePublished\":\"2019-11-28T16:31:30+00:00\",\"dateModified\":\"2021-03-11T12:24:56+00:00\",\"mainEntityOfPage\":{\"@id\":\"https:\/\/www.confagricoltura.org\/bologna\/avviso-agli-associati-convenzione-con-umana-s-p-a\/\"},\"wordCount\":300,\"commentCount\":0,\"articleSection\":[\"Archivio\"],\"inLanguage\":\"it-IT\"},{\"@type\":\"WebPage\",\"@id\":\"https:\/\/www.confagricoltura.org\/bologna\/avviso-agli-associati-convenzione-con-umana-s-p-a\/\",\"url\":\"https:\/\/www.confagricoltura.org\/bologna\/avviso-agli-associati-convenzione-con-umana-s-p-a\/\",\"name\":\"Avviso agli Associati \u2013 Convenzione con UMANA S.p.A. - Confagricoltura Bologna\",\"isPartOf\":{\"@id\":\"https:\/\/www.confagricoltura.org\/bologna\/#website\"},\"datePublished\":\"2019-11-28T16:31:30+00:00\",\"dateModified\":\"2021-03-11T12:24:56+00:00\",\"author\":{\"@id\":\"https:\/\/www.confagricoltura.org\/bologna\/#\/schema\/person\/277baa2a725fb840103c5f8898746c7f\"},\"breadcrumb\":{\"@id\":\"https:\/\/www.confagricoltura.org\/bologna\/avviso-agli-associati-convenzione-con-umana-s-p-a\/#breadcrumb\"},\"inLanguage\":\"it-IT\",\"potentialAction\":[{\"@type\":\"ReadAction\",\"target\":[\"https:\/\/www.confagricoltura.org\/bologna\/avviso-agli-associati-convenzione-con-umana-s-p-a\/\"]}]},{\"@type\":\"BreadcrumbList\",\"@id\":\"https:\/\/www.confagricoltura.org\/bologna\/avviso-agli-associati-convenzione-con-umana-s-p-a\/#breadcrumb\",\"itemListElement\":[{\"@type\":\"ListItem\",\"position\":1,\"name\":\"Home\",\"item\":\"https:\/\/www.confagricoltura.org\/bologna\/\"},{\"@type\":\"ListItem\",\"position\":2,\"name\":\"Avviso agli Associati \u2013 Convenzione con UMANA S.p.A.\"}]},{\"@type\":\"WebSite\",\"@id\":\"https:\/\/www.confagricoltura.org\/bologna\/#website\",\"url\":\"https:\/\/www.confagricoltura.org\/bologna\/\",\"name\":\"Confagricoltura Bologna\",\"description\":\"Dalla parte degli Agricoltori\",\"potentialAction\":[{\"@type\":\"SearchAction\",\"target\":{\"@type\":\"EntryPoint\",\"urlTemplate\":\"https:\/\/www.confagricoltura.org\/bologna\/?s={search_term_string}\"},\"query-input\":{\"@type\":\"PropertyValueSpecification\",\"valueRequired\":true,\"valueName\":\"search_term_string\"}}],\"inLanguage\":\"it-IT\"},{\"@type\":\"Person\",\"@id\":\"https:\/\/www.confagricoltura.org\/bologna\/#\/schema\/person\/277baa2a725fb840103c5f8898746c7f\",\"name\":\"confagricolturabologna\",\"image\":{\"@type\":\"ImageObject\",\"inLanguage\":\"it-IT\",\"@id\":\"https:\/\/www.confagricoltura.org\/bologna\/#\/schema\/person\/image\/\",\"url\":\"https:\/\/secure.gravatar.com\/avatar\/edd9a034f35ea6aeadaf9744d1135acc?s=96&d=mm&r=g\",\"contentUrl\":\"https:\/\/secure.gravatar.com\/avatar\/edd9a034f35ea6aeadaf9744d1135acc?s=96&d=mm&r=g\",\"caption\":\"confagricolturabologna\"},\"url\":\"https:\/\/www.confagricoltura.org\/bologna\/author\/confagricolturabologna\/\"}]}<\/script>\n<!-- \/ Yoast SEO plugin. -->","yoast_head_json":{"title":"Avviso agli Associati \u2013 Convenzione con UMANA S.p.A. - Confagricoltura Bologna","robots":{"index":"index","follow":"follow","max-snippet":"max-snippet:-1","max-image-preview":"max-image-preview:large","max-video-preview":"max-video-preview:-1"},"canonical":"https:\/\/www.confagricoltura.org\/bologna\/avviso-agli-associati-convenzione-con-umana-s-p-a\/","og_locale":"it_IT","og_type":"article","og_title":"Avviso agli Associati \u2013 Convenzione con UMANA S.p.A. - Confagricoltura Bologna","og_description":"Confagricoltura ha sottoscritto una convenzione con UMANA S.p.A. (primaria agenzia di somministrazione del lavoro autorizzata dal Ministero del Lavoro) al fine di consentire alle proprie aziende associate di usufruire di fornitura di manodopera, specie avventizia, nel rispetto delle previsioni legislative. \u00c8 nota in diversi casi la difficolt\u00e0 di reperire manodopera, specie avventizia, ed \u00e8 altres\u00ec","og_url":"https:\/\/www.confagricoltura.org\/bologna\/avviso-agli-associati-convenzione-con-umana-s-p-a\/","og_site_name":"Confagricoltura Bologna","article_published_time":"2019-11-28T16:31:30+00:00","article_modified_time":"2021-03-11T12:24:56+00:00","author":"confagricolturabologna","twitter_card":"summary_large_image","twitter_misc":{"Scritto da":"confagricolturabologna","Tempo di lettura stimato":"1 minuto"},"schema":{"@context":"https:\/\/schema.org","@graph":[{"@type":"Article","@id":"https:\/\/www.confagricoltura.org\/bologna\/avviso-agli-associati-convenzione-con-umana-s-p-a\/#article","isPartOf":{"@id":"https:\/\/www.confagricoltura.org\/bologna\/avviso-agli-associati-convenzione-con-umana-s-p-a\/"},"author":{"name":"confagricolturabologna","@id":"https:\/\/www.confagricoltura.org\/bologna\/#\/schema\/person\/277baa2a725fb840103c5f8898746c7f"},"headline":"Avviso agli Associati \u2013 Convenzione con UMANA S.p.A.","datePublished":"2019-11-28T16:31:30+00:00","dateModified":"2021-03-11T12:24:56+00:00","mainEntityOfPage":{"@id":"https:\/\/www.confagricoltura.org\/bologna\/avviso-agli-associati-convenzione-con-umana-s-p-a\/"},"wordCount":300,"commentCount":0,"articleSection":["Archivio"],"inLanguage":"it-IT"},{"@type":"WebPage","@id":"https:\/\/www.confagricoltura.org\/bologna\/avviso-agli-associati-convenzione-con-umana-s-p-a\/","url":"https:\/\/www.confagricoltura.org\/bologna\/avviso-agli-associati-convenzione-con-umana-s-p-a\/","name":"Avviso agli Associati \u2013 Convenzione con UMANA S.p.A. - Confagricoltura Bologna","isPartOf":{"@id":"https:\/\/www.confagricoltura.org\/bologna\/#website"},"datePublished":"2019-11-28T16:31:30+00:00","dateModified":"2021-03-11T12:24:56+00:00","author":{"@id":"https:\/\/www.confagricoltura.org\/bologna\/#\/schema\/person\/277baa2a725fb840103c5f8898746c7f"},"breadcrumb":{"@id":"https:\/\/www.confagricoltura.org\/bologna\/avviso-agli-associati-convenzione-con-umana-s-p-a\/#breadcrumb"},"inLanguage":"it-IT","potentialAction":[{"@type":"ReadAction","target":["https:\/\/www.confagricoltura.org\/bologna\/avviso-agli-associati-convenzione-con-umana-s-p-a\/"]}]},{"@type":"BreadcrumbList","@id":"https:\/\/www.confagricoltura.org\/bologna\/avviso-agli-associati-convenzione-con-umana-s-p-a\/#breadcrumb","itemListElement":[{"@type":"ListItem","position":1,"name":"Home","item":"https:\/\/www.confagricoltura.org\/bologna\/"},{"@type":"ListItem","position":2,"name":"Avviso agli Associati \u2013 Convenzione con UMANA S.p.A."}]},{"@type":"WebSite","@id":"https:\/\/www.confagricoltura.org\/bologna\/#website","url":"https:\/\/www.confagricoltura.org\/bologna\/","name":"Confagricoltura Bologna","description":"Dalla parte degli Agricoltori","potentialAction":[{"@type":"SearchAction","target":{"@type":"EntryPoint","urlTemplate":"https:\/\/www.confagricoltura.org\/bologna\/?s={search_term_string}"},"query-input":{"@type":"PropertyValueSpecification","valueRequired":true,"valueName":"search_term_string"}}],"inLanguage":"it-IT"},{"@type":"Person","@id":"https:\/\/www.confagricoltura.org\/bologna\/#\/schema\/person\/277baa2a725fb840103c5f8898746c7f","name":"confagricolturabologna","image":{"@type":"ImageObject","inLanguage":"it-IT","@id":"https:\/\/www.confagricoltura.org\/bologna\/#\/schema\/person\/image\/","url":"https:\/\/secure.gravatar.com\/avatar\/edd9a034f35ea6aeadaf9744d1135acc?s=96&d=mm&r=g","contentUrl":"https:\/\/secure.gravatar.com\/avatar\/edd9a034f35ea6aeadaf9744d1135acc?s=96&d=mm&r=g","caption":"confagricolturabologna"},"url":"https:\/\/www.confagricoltura.org\/bologna\/author\/confagricolturabologna\/"}]}},"_links":{"self":[{"href":"https:\/\/www.confagricoltura.org\/bologna\/wp-json\/wp\/v2\/posts\/3159","targetHints":{"allow":["GET"]}}],"collection":[{"href":"https:\/\/www.confagricoltura.org\/bologna\/wp-json\/wp\/v2\/posts"}],"about":[{"href":"https:\/\/www.confagricoltura.org\/bologna\/wp-json\/wp\/v2\/types\/post"}],"author":[{"embeddable":true,"href":"https:\/\/www.confagricoltura.org\/bologna\/wp-json\/wp\/v2\/users\/7"}],"replies":[{"embeddable":true,"href":"https:\/\/www.confagricoltura.org\/bologna\/wp-json\/wp\/v2\/comments?post=3159"}],"version-history":[{"count":1,"href":"https:\/\/www.confagricoltura.org\/bologna\/wp-json\/wp\/v2\/posts\/3159\/revisions"}],"predecessor-version":[{"id":4433,"href":"https:\/\/www.confagricoltura.org\/bologna\/wp-json\/wp\/v2\/posts\/3159\/revisions\/4433"}],"wp:attachment":[{"href":"https:\/\/www.confagricoltura.org\/bologna\/wp-json\/wp\/v2\/media?parent=3159"}],"wp:term":[{"taxonomy":"category","embeddable":true,"href":"https:\/\/www.confagricoltura.org\/bologna\/wp-json\/wp\/v2\/categories?post=3159"},{"taxonomy":"post_tag","embeddable":true,"href":"https:\/\/www.confagricoltura.org\/bologna\/wp-json\/wp\/v2\/tags?post=3159"}],"curies":[{"name":"wp","href":"https:\/\/api.w.org\/{rel}","templated":true}]}}