{"id":3117,"date":"2019-10-14T08:44:26","date_gmt":"2019-10-14T06:44:26","guid":{"rendered":"http:\/\/www.confagricoltura.org\/bologna\/?p=3073"},"modified":"2021-03-11T13:24:56","modified_gmt":"2021-03-11T12:24:56","slug":"la-vendita-diretta","status":"publish","type":"post","link":"https:\/\/www.confagricoltura.org\/bologna\/la-vendita-diretta\/","title":{"rendered":"La vendita diretta."},"content":{"rendered":"<p>Negli ultimi anni si \u00e8 sviluppata nel nostro paese l\u2019azienda agricola multifunzionale ed in tale contesto, sempre pi\u00f9 frequentemente, il consumatore ha la possibilit\u00e0 di accedere direttamente ai prodotti agricoli \u201cdal campo alla mensa\u201d (ancorch\u00e9 non necessariamente a kilometro zero che \u00e8 elemento espressivo suggestivo ma sostanzialmente ed economicamente irrealistico). Il necessario elemento normativo, posto in origine allo sviluppo delle attivit\u00e0 commerciali agricole, \u00e8 rappresentato dall\u2019art. 2135 c.c., in particolare per quanto attiene alla concreta individuazione dell\u2019attivit\u00e0 di \u201ccommercializzazione\u201d, anche nell\u2019ambito della connessione (si ricorda, ad ogni buon conto, che la \u201cvendita\u201d, anche per i prodotti acquistati da terzi ed anche in vigenza del \u201cvecchio\u201d art. 2135 c.c., era considerata come attivit\u00e0 agricola, poich\u00e9 normale ed ancillare rispetto ai prodotti aziendali).<\/p>\n<p>&nbsp;<\/p>\n<p>Il 3\u00b0 comma della nuova formulazione dell\u2019art. 2135 c.c. (introdotta nel 2001) concerne le attivit\u00e0 di \u201c<i>manipolazione, conservazione, trasformazione, <\/i><i>commercializzazione<\/i><i> e valorizzazione che abbiano ad oggetto prodotti ottenuti prevalentemente dalla coltivazione del fondo o del bosco o dall\u2019allevamento di animali<\/i>\u201d; le predette attivit\u00e0 connesse possono svolgersi anche su prodotti ottenuti \u2013 dall\u2019imprenditore agricolo \u2013 non dalla coltivazione di un fondo rustico, dato che oggi, nella stesura riformata, il fondo \u00e8 considerato solo un elemento di riferimento.<\/p>\n<p>&nbsp;<\/p>\n<p>In generale, infatti, le attivit\u00e0 connesse previste dalla norma hanno lo scopo di valorizzare la trasformazione dei prodotti agricoli e la collocazione sul mercato da parte dell\u2019agricoltore; la parte inerente la vendita (commercializzazione e valorizzazione) \u00e8 da ritenersi pacificamente connaturata alla attivit\u00e0 imprenditoriale; il criterio per individuare l\u2019agrariet\u00e0 di queste attivit\u00e0 resta quello della prevalenza; le attivit\u00e0 di cui si \u00e8 detto rimangono agricole quando riguardano beni ottenuti per la gran parte dall\u2019attivit\u00e0 produttiva agricola. Gli interpreti hanno discusso a lungo sul fatto di valutare la prevalenza in relazione a livelli quantitativi o qualitativi; la dottrina prevalente ritiene di preferire il livello quantitativo: si resta, in buona sostanza, nel campo di applicazione civilistico dell\u2019imprenditore agricolo se il valore di quanto prodotto, conservato, trasformato e venduto sia costituito, prevalentemente, da beni ottenuti nell\u2019azienda dell\u2019imprenditore. L\u2019agricoltore pu\u00f2 vendere, trasformare, ecc., rimanendo imprenditore agricolo, anche prodotti acquistati da terzi, se questi ultimi non sono prevalenti rispetto alla totalit\u00e0 dei prodotti agricoli venduti, trasformati, dello stesso imprenditore agricolo.<\/p>\n<p>&nbsp;<\/p>\n<p>In tema di commercializzazione dei prodotti si ricorda, inoltre, la norma di cui all\u2019art. 4 del D.Lgs. n. 228 del 2001 (aggiornato da ultimo dall\u2019art. 30 \u2013 bis del D.L. 21 giugno 2013, n. 69, convertito con modificazioni in legge 9 agosto 2013, n. 98) che considera la vendita al minuto effettuata dall\u2019imprenditore agricolo itinerante al dettaglio; l\u2019imprenditore agricolo pu\u00f2 vendere in tutto il territorio nazionale e previa sola comunicazione al sindaco della localit\u00e0 ove \u201cha sede l\u2019azienda di produzione\u201d; se la vendita \u00e8 svolta su superfici all\u2019aperto pertinenziali dell\u2019azienda agricola, o in occasione di pubbliche manifestazioni (sagre e fiere), non \u00e8 richiesta la comunicazione di inizio attivit\u00e0. Si veda anche la nota Ministero Politiche Agricole n. 2855 del 2015, per la vendita diretta su aree private esterne all\u2019azienda agricola.<\/p>\n<p>Il 3\u00b0 comma dell\u2019art. 2135 c.c. prevede altres\u00ec ulteriori ipotesi, quali la valorizzazione del territorio e del patrimonio rurale e forestale, e la \u201cricezione ed ospitalit\u00e0 come definite dalla legge\u201d; da un lato per assicurare nuove fonti di reddito all\u2019imprenditore agricolo, questi potr\u00e0 svolgere attivit\u00e0 di interesse pubblico (cura del territorio e del patrimonio rurale e forestale); nella seconda ipotesi la legge annovera fra le attivit\u00e0 agricole anche quelle alberghiere e di ristorazione, ricettive, ludiche, didattiche, lato senso agrituristiche (vedi legge n. 730 del 1985 , ed art. 3 del D.Lgs. n. 228 del 2001 e legge 20 febbraio 2006, n. 96).<\/p>\n<p>&nbsp;<\/p>\n<p>Dal punto di vista previdenziale, in materia di connessione, si richiama la circolare INPS n. 53 del 14 marzo 2003 e per alcuni importanti principi la sentenza della Corte di Appello di Bologna (relativa ad attivit\u00e0 di agriturismo) n. 36\/2018.<\/p>\n<p>Relativamente alla commercializzazione, si segnala ancora la sentenza del Consiglio di Stato del 23 luglio 2018 n. 4441 che, in ordine alla vendita, fissa alcuni princ\u00ecpi da valutare nei casi che si prospettano all\u2019interprete.<\/p>\n<p>La disamina svolta in sentenza \u00e8 relativa alle seguenti fonti:<\/p>\n<ul>\n<li>art. 4 D.Lgs. n. 228\/2001;<\/li>\n<li>D.Lgs. n. 114\/2008;<\/li>\n<li>D.Lgs. n. 59\/2010, artt. 65 \u2013 70;<\/li>\n<\/ul>\n<p>&nbsp;<\/p>\n<p>Come innanzi si \u00e8 visto, l&#8217;imprenditore agricolo pu\u00f2 vendere in proprio al dettaglio i prodotti provenienti prevalentemente dalla propria azienda. Se la vendita al dettaglio \u00e8 svolta non in forma itinerante su aree pubbliche o in locali aperti al pubblico, la comunicazione di inizio attivit\u00e0 dovr\u00e0 essere indirizzata al Comune in cui si svolge la vendita; se la vendita al dettaglio \u00e8 svolta utilizzando un posteggio, nella predetta comunicazione si dovr\u00e0 indicare anche la richiesta di assegnazione del posteggio (come per gli ambulanti). La vendita diretta mediante il commercio elettronico (in internet) pu\u00f2 essere iniziata contestualmente all&#8217;invio della comunicazione al comune del luogo ove ha sede l&#8217;azienda di produzione.<\/p>\n<p>Ci\u00f2 relativamente ai prodotti agricoli veri e propri, e sia rispetto ai prodotti frutto di attivit\u00e0 di manipolazione o trasformazione dei prodotti aziendali. Alla vendita al dettaglio dei prodotti agricoli con le modalit\u00e0 sopra viste non si applicano le norme sul commercio; si applica il regime commerciale puro quando i ricavi derivanti dalla vendita dei prodotti non provenienti dalle rispettive aziende nell&#8217;anno solare precedente sono superiori a 160.000 euro per gli imprenditori individuali o a 4 milioni di euro per le societ\u00e0.<\/p>\n<p>Com&#8217;\u00e8 noto, l&#8217;esercizio dell&#8217;attivit\u00e0 commerciale, che riguarda prodotti a sua volta acquisiti dal commerciante per la cessione al consumatore finale, richiede invece la presentazione di una segnalazione certificata di inizio attivit\u00e0 al Comune.<\/p>\n<p>&nbsp;<\/p>\n<p>L\u2019attivit\u00e0 di vendita \u00e8, quindi, agricola quando colui che vende \u00e8 lo stesso che produce come imprenditore agricolo; i prodotti devono provenire prevalentemente dall&#8217;azienda agricola anche quelli soggetti ad attivit\u00e0 di manipolazione, conservazione, trasformazione, commercializzazione e valorizzazione.<\/p>\n<p>&nbsp;<\/p>\n<p>La sentenza del Consiglio di Stato n. 4441 del 2018 reputa valevole, relativamente alla prevalenza, il criterio del confronto quantitativo tra i prodotti derivanti dall&#8217;attivit\u00e0 agricola principale ed i prodotti acquistati da altri, confronto che potr\u00e0 effettuarsi unicamente per beni appartenenti allo stesso comparto agronomico. In caso di prodotti appartenenti a comparti diversi, la prevalenza sar\u00e0 da valutare in termini valoristici, ossia confrontando il valore normale dei prodotti agricoli ottenuti dall&#8217;attivit\u00e0 agricola principale e il valore dei prodotti acquistati da terzi. Secondo il Consiglio di Stato la soglia di fatturato (\u20ac 160.000,00 ad esempio) non definisce una zona franca al di sotto della quale l&#8217;azienda agricola pu\u00f2 vendere qualsiasi prodotto; anche per importi inferiori, si dovr\u00e0 valutare se l&#8217;imprenditore agricolo stia ponendo in vendita prevalentemente prodotti propri o meno. Inoltre, si chiarisce che i prodotti derivati e\/o trasformati che rientrano nel concetto di vendita diretta sono solo quelli che derivano da prodotti primari dell&#8217;azienda stessa e non di terzi. Sul punto si vedano anche le risoluzioni MISE 81039\/2016 e 169670\/2017. Rispetto alle attivit\u00e0 di \u201cmescita di prodotti cucinati\u201d, si segnala come l\u2019ANCI, in una nota del 5 marzo 2018 ed inerente la disciplina introdotta dalla legge 27 dicembre 2017, n. 205 (Legge di Bilancio 2018) &#8211; che, com&#8217;\u00e8 noto, ha introdotto la possibilit\u00e0 di vendere prodotti gi\u00e0 pronti per il consumo in laboratori mobili &#8211; ha chiarito che nell\u2019ambito delle attivit\u00e0 agricole che nel contesto agricolo sono vendibili solo i prodotti in precedenza preparati e poi riscaldati e non quelli soggetti a cottura in situ.<\/p>\n<p>&nbsp;<\/p>\n<p>Ancora da osservare che, con la legge di Bilancio 2019 (art. 1, comma 700, legge n. 145\/2018), \u00e8 stata introdotta una diversa ulteriore regolamentazione secondo cui, modificando quanto sopra detto relativamente alla legge di Bilancio 2018, i produttori agricoli singoli e associati \u201c<i>possono altres\u00ec vendere direttamente al dettaglio in tutto il territorio della repubblica i prodotti agricoli e alimentari, appartenenti ad uno o pi\u00f9 comparti agronomici diversi da quelli prodotti delle propria azienda, purch\u00e9 direttamente acquistati da altri imprenditori agricoli.<\/i> <i>Il fatturato derivante dalla vendita dei prodotti provenienti dalle rispettive aziende deve essere prevalente rispetto al fatturato proveniente dal totale dei prodotti acquistati da altri imprenditori agricoli\u201d.<\/i><\/p>\n<p><i>\u00a0<\/i><\/p>\n<p>In pratica, perci\u00f2, l\u2019allevatore di suini od ovini o quanto altro espresso dalle attivit\u00e0 zootecniche aziendali, potr\u00e0 vendere anche il vino, le marmellate, il formaggio, la frutta e la verdura, ci\u00f2 in abbinamento alle proprie carni ed insaccati. Ci\u00f2 qualora ed alla condizione che:<\/p>\n<ul>\n<li>l\u2019acquisto avvenga direttamente presso altri imprenditori agricoli e comunque<\/li>\n<li>non venga snaturata l\u2019origine del proprio reddito e, quindi, la prevalenza del fatturato proveniente dalla vendita sia originata dai propri prodotti.<\/li>\n<\/ul>\n<p>Con la nuova norma restano peraltro immutati i limiti di fatturato gi\u00e0 indicati innanzi (\u20ac 160.000,00 per gli imprenditori individuali e 4 milioni di euro per quelli associati).<\/p>\n<p>Per gli aspetti igienico sanitari, in tema di vendita diretta, occorre precisare che l\u2019agricoltore \u00e8 all\u2019uopo parificato all\u2019imprenditore ordinario (si veda art. 3 comma1 lettera f) bis DL 223\/2006, REG. CEE 852\/2004; al riguardo occorrer\u00e0 verificare le varie opzioni in sede di Comune e ASL locale.<\/p>\n<p>In conclusione l\u2019agricoltore di cui all\u2019art.2135 c.c. pu\u00f2 commercializzare con vendita diretta, salvo quanto sopra:<\/p>\n<ul>\n<li>all\u2019interno dell\u2019azienda agricola in forma stanziale<\/li>\n<li>all\u2019esterno della sede agricola in locali aperti al pubblico<\/li>\n<li>in forma ambulante su posteggio in area pubblica<\/li>\n<li>in modo itinerante su aree pubbliche<\/li>\n<li>in forma non itinerante su aree pubbliche<\/li>\n<li>in occasione di fiere, mercati, manifestazioni e simili<\/li>\n<li>in modalit\u00e0 steet &#8211; food<\/li>\n<li>con e \u2013 commerce.<\/li>\n<\/ul>\n<p>Si ricorda infine che le aziende agricole debbono essere dotate di iscrizione CCIAA e comunque di tutte le documentazioni amministrative Comunali e sanitarie relative ai prodotti oggetto di vendita, qualora siano previste norme speciali (es. vendita del latte fresco, macellazione ecc..).<\/p>\n<p>(M. Mazzanti)<\/p>\n<p>&nbsp;<\/p>\n<p>&nbsp;<\/p>\n<p>&nbsp;<\/p>\n","protected":false},"excerpt":{"rendered":"<p>Negli ultimi anni si \u00e8 sviluppata nel nostro paese l\u2019azienda agricola multifunzionale ed in tale contesto, sempre pi\u00f9 frequentemente, il consumatore ha la possibilit\u00e0 di accedere direttamente ai prodotti agricoli \u201cdal campo alla mensa\u201d (ancorch\u00e9 non necessariamente a kilometro zero che \u00e8 elemento espressivo suggestivo ma sostanzialmente ed economicamente irrealistico). Il necessario elemento normativo, posto<\/p>\n","protected":false},"author":7,"featured_media":0,"comment_status":"open","ping_status":"open","sticky":false,"template":"","format":"standard","meta":{"wp_mapbox_gl_js_media":[],"footnotes":""},"categories":[29],"tags":[],"class_list":["post-3117","post","type-post","status-publish","format-standard","hentry","category-archivio"],"yoast_head":"<!-- This site is optimized with the Yoast SEO plugin v26.8 - https:\/\/yoast.com\/product\/yoast-seo-wordpress\/ -->\n<title>La vendita diretta. - Confagricoltura Bologna<\/title>\n<meta name=\"robots\" content=\"index, follow, max-snippet:-1, max-image-preview:large, max-video-preview:-1\" \/>\n<link rel=\"canonical\" href=\"https:\/\/www.confagricoltura.org\/bologna\/la-vendita-diretta\/\" \/>\n<meta property=\"og:locale\" content=\"it_IT\" \/>\n<meta property=\"og:type\" content=\"article\" \/>\n<meta property=\"og:title\" content=\"La vendita diretta. - Confagricoltura Bologna\" \/>\n<meta property=\"og:description\" content=\"Negli ultimi anni si \u00e8 sviluppata nel nostro paese l\u2019azienda agricola multifunzionale ed in tale contesto, sempre pi\u00f9 frequentemente, il consumatore ha la possibilit\u00e0 di accedere direttamente ai prodotti agricoli \u201cdal campo alla mensa\u201d (ancorch\u00e9 non necessariamente a kilometro zero che \u00e8 elemento espressivo suggestivo ma sostanzialmente ed economicamente irrealistico). Il necessario elemento normativo, posto\" \/>\n<meta property=\"og:url\" content=\"https:\/\/www.confagricoltura.org\/bologna\/la-vendita-diretta\/\" \/>\n<meta property=\"og:site_name\" content=\"Confagricoltura Bologna\" \/>\n<meta property=\"article:published_time\" content=\"2019-10-14T06:44:26+00:00\" \/>\n<meta property=\"article:modified_time\" content=\"2021-03-11T12:24:56+00:00\" \/>\n<meta name=\"author\" content=\"confagricolturabologna\" \/>\n<meta name=\"twitter:card\" content=\"summary_large_image\" \/>\n<meta name=\"twitter:label1\" content=\"Scritto da\" \/>\n\t<meta name=\"twitter:data1\" content=\"confagricolturabologna\" \/>\n\t<meta name=\"twitter:label2\" content=\"Tempo di lettura stimato\" \/>\n\t<meta name=\"twitter:data2\" content=\"8 minuti\" \/>\n<script type=\"application\/ld+json\" class=\"yoast-schema-graph\">{\"@context\":\"https:\/\/schema.org\",\"@graph\":[{\"@type\":\"Article\",\"@id\":\"https:\/\/www.confagricoltura.org\/bologna\/la-vendita-diretta\/#article\",\"isPartOf\":{\"@id\":\"https:\/\/www.confagricoltura.org\/bologna\/la-vendita-diretta\/\"},\"author\":{\"name\":\"confagricolturabologna\",\"@id\":\"https:\/\/www.confagricoltura.org\/bologna\/#\/schema\/person\/277baa2a725fb840103c5f8898746c7f\"},\"headline\":\"La vendita diretta.\",\"datePublished\":\"2019-10-14T06:44:26+00:00\",\"dateModified\":\"2021-03-11T12:24:56+00:00\",\"mainEntityOfPage\":{\"@id\":\"https:\/\/www.confagricoltura.org\/bologna\/la-vendita-diretta\/\"},\"wordCount\":1565,\"commentCount\":0,\"articleSection\":[\"Archivio\"],\"inLanguage\":\"it-IT\"},{\"@type\":\"WebPage\",\"@id\":\"https:\/\/www.confagricoltura.org\/bologna\/la-vendita-diretta\/\",\"url\":\"https:\/\/www.confagricoltura.org\/bologna\/la-vendita-diretta\/\",\"name\":\"La vendita diretta. - Confagricoltura Bologna\",\"isPartOf\":{\"@id\":\"https:\/\/www.confagricoltura.org\/bologna\/#website\"},\"datePublished\":\"2019-10-14T06:44:26+00:00\",\"dateModified\":\"2021-03-11T12:24:56+00:00\",\"author\":{\"@id\":\"https:\/\/www.confagricoltura.org\/bologna\/#\/schema\/person\/277baa2a725fb840103c5f8898746c7f\"},\"breadcrumb\":{\"@id\":\"https:\/\/www.confagricoltura.org\/bologna\/la-vendita-diretta\/#breadcrumb\"},\"inLanguage\":\"it-IT\",\"potentialAction\":[{\"@type\":\"ReadAction\",\"target\":[\"https:\/\/www.confagricoltura.org\/bologna\/la-vendita-diretta\/\"]}]},{\"@type\":\"BreadcrumbList\",\"@id\":\"https:\/\/www.confagricoltura.org\/bologna\/la-vendita-diretta\/#breadcrumb\",\"itemListElement\":[{\"@type\":\"ListItem\",\"position\":1,\"name\":\"Home\",\"item\":\"https:\/\/www.confagricoltura.org\/bologna\/\"},{\"@type\":\"ListItem\",\"position\":2,\"name\":\"La vendita diretta.\"}]},{\"@type\":\"WebSite\",\"@id\":\"https:\/\/www.confagricoltura.org\/bologna\/#website\",\"url\":\"https:\/\/www.confagricoltura.org\/bologna\/\",\"name\":\"Confagricoltura Bologna\",\"description\":\"Dalla parte degli Agricoltori\",\"potentialAction\":[{\"@type\":\"SearchAction\",\"target\":{\"@type\":\"EntryPoint\",\"urlTemplate\":\"https:\/\/www.confagricoltura.org\/bologna\/?s={search_term_string}\"},\"query-input\":{\"@type\":\"PropertyValueSpecification\",\"valueRequired\":true,\"valueName\":\"search_term_string\"}}],\"inLanguage\":\"it-IT\"},{\"@type\":\"Person\",\"@id\":\"https:\/\/www.confagricoltura.org\/bologna\/#\/schema\/person\/277baa2a725fb840103c5f8898746c7f\",\"name\":\"confagricolturabologna\",\"image\":{\"@type\":\"ImageObject\",\"inLanguage\":\"it-IT\",\"@id\":\"https:\/\/www.confagricoltura.org\/bologna\/#\/schema\/person\/image\/\",\"url\":\"https:\/\/secure.gravatar.com\/avatar\/edd9a034f35ea6aeadaf9744d1135acc?s=96&d=mm&r=g\",\"contentUrl\":\"https:\/\/secure.gravatar.com\/avatar\/edd9a034f35ea6aeadaf9744d1135acc?s=96&d=mm&r=g\",\"caption\":\"confagricolturabologna\"},\"url\":\"https:\/\/www.confagricoltura.org\/bologna\/author\/confagricolturabologna\/\"}]}<\/script>\n<!-- \/ Yoast SEO plugin. -->","yoast_head_json":{"title":"La vendita diretta. - Confagricoltura Bologna","robots":{"index":"index","follow":"follow","max-snippet":"max-snippet:-1","max-image-preview":"max-image-preview:large","max-video-preview":"max-video-preview:-1"},"canonical":"https:\/\/www.confagricoltura.org\/bologna\/la-vendita-diretta\/","og_locale":"it_IT","og_type":"article","og_title":"La vendita diretta. - Confagricoltura Bologna","og_description":"Negli ultimi anni si \u00e8 sviluppata nel nostro paese l\u2019azienda agricola multifunzionale ed in tale contesto, sempre pi\u00f9 frequentemente, il consumatore ha la possibilit\u00e0 di accedere direttamente ai prodotti agricoli \u201cdal campo alla mensa\u201d (ancorch\u00e9 non necessariamente a kilometro zero che \u00e8 elemento espressivo suggestivo ma sostanzialmente ed economicamente irrealistico). Il necessario elemento normativo, posto","og_url":"https:\/\/www.confagricoltura.org\/bologna\/la-vendita-diretta\/","og_site_name":"Confagricoltura Bologna","article_published_time":"2019-10-14T06:44:26+00:00","article_modified_time":"2021-03-11T12:24:56+00:00","author":"confagricolturabologna","twitter_card":"summary_large_image","twitter_misc":{"Scritto da":"confagricolturabologna","Tempo di lettura stimato":"8 minuti"},"schema":{"@context":"https:\/\/schema.org","@graph":[{"@type":"Article","@id":"https:\/\/www.confagricoltura.org\/bologna\/la-vendita-diretta\/#article","isPartOf":{"@id":"https:\/\/www.confagricoltura.org\/bologna\/la-vendita-diretta\/"},"author":{"name":"confagricolturabologna","@id":"https:\/\/www.confagricoltura.org\/bologna\/#\/schema\/person\/277baa2a725fb840103c5f8898746c7f"},"headline":"La vendita diretta.","datePublished":"2019-10-14T06:44:26+00:00","dateModified":"2021-03-11T12:24:56+00:00","mainEntityOfPage":{"@id":"https:\/\/www.confagricoltura.org\/bologna\/la-vendita-diretta\/"},"wordCount":1565,"commentCount":0,"articleSection":["Archivio"],"inLanguage":"it-IT"},{"@type":"WebPage","@id":"https:\/\/www.confagricoltura.org\/bologna\/la-vendita-diretta\/","url":"https:\/\/www.confagricoltura.org\/bologna\/la-vendita-diretta\/","name":"La vendita diretta. - Confagricoltura Bologna","isPartOf":{"@id":"https:\/\/www.confagricoltura.org\/bologna\/#website"},"datePublished":"2019-10-14T06:44:26+00:00","dateModified":"2021-03-11T12:24:56+00:00","author":{"@id":"https:\/\/www.confagricoltura.org\/bologna\/#\/schema\/person\/277baa2a725fb840103c5f8898746c7f"},"breadcrumb":{"@id":"https:\/\/www.confagricoltura.org\/bologna\/la-vendita-diretta\/#breadcrumb"},"inLanguage":"it-IT","potentialAction":[{"@type":"ReadAction","target":["https:\/\/www.confagricoltura.org\/bologna\/la-vendita-diretta\/"]}]},{"@type":"BreadcrumbList","@id":"https:\/\/www.confagricoltura.org\/bologna\/la-vendita-diretta\/#breadcrumb","itemListElement":[{"@type":"ListItem","position":1,"name":"Home","item":"https:\/\/www.confagricoltura.org\/bologna\/"},{"@type":"ListItem","position":2,"name":"La vendita diretta."}]},{"@type":"WebSite","@id":"https:\/\/www.confagricoltura.org\/bologna\/#website","url":"https:\/\/www.confagricoltura.org\/bologna\/","name":"Confagricoltura Bologna","description":"Dalla parte degli Agricoltori","potentialAction":[{"@type":"SearchAction","target":{"@type":"EntryPoint","urlTemplate":"https:\/\/www.confagricoltura.org\/bologna\/?s={search_term_string}"},"query-input":{"@type":"PropertyValueSpecification","valueRequired":true,"valueName":"search_term_string"}}],"inLanguage":"it-IT"},{"@type":"Person","@id":"https:\/\/www.confagricoltura.org\/bologna\/#\/schema\/person\/277baa2a725fb840103c5f8898746c7f","name":"confagricolturabologna","image":{"@type":"ImageObject","inLanguage":"it-IT","@id":"https:\/\/www.confagricoltura.org\/bologna\/#\/schema\/person\/image\/","url":"https:\/\/secure.gravatar.com\/avatar\/edd9a034f35ea6aeadaf9744d1135acc?s=96&d=mm&r=g","contentUrl":"https:\/\/secure.gravatar.com\/avatar\/edd9a034f35ea6aeadaf9744d1135acc?s=96&d=mm&r=g","caption":"confagricolturabologna"},"url":"https:\/\/www.confagricoltura.org\/bologna\/author\/confagricolturabologna\/"}]}},"_links":{"self":[{"href":"https:\/\/www.confagricoltura.org\/bologna\/wp-json\/wp\/v2\/posts\/3117","targetHints":{"allow":["GET"]}}],"collection":[{"href":"https:\/\/www.confagricoltura.org\/bologna\/wp-json\/wp\/v2\/posts"}],"about":[{"href":"https:\/\/www.confagricoltura.org\/bologna\/wp-json\/wp\/v2\/types\/post"}],"author":[{"embeddable":true,"href":"https:\/\/www.confagricoltura.org\/bologna\/wp-json\/wp\/v2\/users\/7"}],"replies":[{"embeddable":true,"href":"https:\/\/www.confagricoltura.org\/bologna\/wp-json\/wp\/v2\/comments?post=3117"}],"version-history":[{"count":1,"href":"https:\/\/www.confagricoltura.org\/bologna\/wp-json\/wp\/v2\/posts\/3117\/revisions"}],"predecessor-version":[{"id":4463,"href":"https:\/\/www.confagricoltura.org\/bologna\/wp-json\/wp\/v2\/posts\/3117\/revisions\/4463"}],"wp:attachment":[{"href":"https:\/\/www.confagricoltura.org\/bologna\/wp-json\/wp\/v2\/media?parent=3117"}],"wp:term":[{"taxonomy":"category","embeddable":true,"href":"https:\/\/www.confagricoltura.org\/bologna\/wp-json\/wp\/v2\/categories?post=3117"},{"taxonomy":"post_tag","embeddable":true,"href":"https:\/\/www.confagricoltura.org\/bologna\/wp-json\/wp\/v2\/tags?post=3117"}],"curies":[{"name":"wp","href":"https:\/\/api.w.org\/{rel}","templated":true}]}}