{"id":3104,"date":"2019-09-16T10:36:16","date_gmt":"2019-09-16T08:36:16","guid":{"rendered":"http:\/\/www.confagricoltura.org\/bologna\/?p=3029"},"modified":"2021-03-11T13:24:57","modified_gmt":"2021-03-11T12:24:57","slug":"censimento-istat-dellagricoltura-obbligatorio-dal-2020-con-cadenza-decennale-dal-2021-la-cadenza-diventera-annuale","status":"publish","type":"post","link":"https:\/\/www.confagricoltura.org\/bologna\/censimento-istat-dellagricoltura-obbligatorio-dal-2020-con-cadenza-decennale-dal-2021-la-cadenza-diventera-annuale\/","title":{"rendered":"Censimento ISTAT dell\u2019agricoltura obbligatorio dal 2020 con cadenza decennale. Dal 2021 la cadenza diventer\u00e0 annuale."},"content":{"rendered":"<p>Nel 2020 l\u2019Istat avvier\u00e0 l&#8217;ultimo Censimento generale dell&#8217;agricoltura con cadenza decennale, poi dal 2021 il Censimento dell\u2019Agricoltura avr\u00e0 cadenza annuale.<\/p>\n<p>Sono chiamate a parteciparvi tutte le aziende agricole presenti in Italia.<\/p>\n<p>L&#8217;obiettivo principale del Censimento dell&#8217;agricoltura \u00e8 fornire un quadro informativo statistico sulla struttura del sistema agricolo e zootecnico a livello nazionale, regionale e locale.<\/p>\n<p>La data che sar\u00e0 presa a riferimento per il prossimo censimento sar\u00e0 il 5 ottobre 2020 e le informazioni da rilevare si riferiranno all\u2019annata agraria 2019-2020, vale a dire al periodo compreso tra il 1\u00b0 novembre 2019 e il 31 ottobre 2020.<\/p>\n<p>Come stabilito dai Regolamenti del Parlamento e del Consiglio europeo sul Sistema integrato delle statistiche (IFS) sulle aziende agricole, il Censimento generale fornir\u00e0 dati comparabili tra gli stati membri, informazioni indispensabili al monitoraggio delle politiche agricole e di sviluppo rurale della Comunit\u00e0 europea. La novit\u00e0 \u00e8 che dal 2021, il Censimento dell&#8217;agricoltura diventer\u00e0 permanente allineandosi quindi con le altre rilevazioni censuarie e avr\u00e0 cadenza annuale.<\/p>\n<p>\u00c8 prevista la possibilit\u00e0 di utilizzo di una nuova rete di rilevazione, della quale potranno fare parte i Centri di Assistenza agricola (CAA).<\/p>\n<p>La realizzazione di tale ipotesi per\u00f2 dovr\u00e0 essere prevista da una modifica normativa gi\u00e0 proposta e in discussione presso il Parlamento. <a href=\"https:\/\/www4.istat.it\/it\/censimenti-permanenti\/agricoltura\">https:\/\/www4.istat.it\/it\/censimenti-permanenti\/agricoltura<\/a><\/p>\n<p>&nbsp;<\/p>\n<p>(S. Casini)<\/p>\n","protected":false},"excerpt":{"rendered":"<p>Nel 2020 l\u2019Istat avvier\u00e0 l&#8217;ultimo Censimento generale dell&#8217;agricoltura con cadenza decennale, poi dal 2021 il Censimento dell\u2019Agricoltura avr\u00e0 cadenza annuale. Sono chiamate a parteciparvi tutte le aziende agricole presenti in Italia. L&#8217;obiettivo principale del Censimento dell&#8217;agricoltura \u00e8 fornire un quadro informativo statistico sulla struttura del sistema agricolo e zootecnico a livello nazionale, regionale e locale.<\/p>\n","protected":false},"author":7,"featured_media":0,"comment_status":"open","ping_status":"open","sticky":false,"template":"","format":"standard","meta":{"wp_mapbox_gl_js_media":[],"footnotes":""},"categories":[29],"tags":[],"class_list":["post-3104","post","type-post","status-publish","format-standard","hentry","category-archivio"],"yoast_head":"<!-- This site is optimized with the Yoast SEO plugin v26.8 - https:\/\/yoast.com\/product\/yoast-seo-wordpress\/ -->\n<title>Censimento ISTAT dell\u2019agricoltura obbligatorio dal 2020 con cadenza decennale. Dal 2021 la cadenza diventer\u00e0 annuale. - Confagricoltura Bologna<\/title>\n<meta name=\"robots\" content=\"index, follow, max-snippet:-1, max-image-preview:large, max-video-preview:-1\" \/>\n<link rel=\"canonical\" href=\"https:\/\/www.confagricoltura.org\/bologna\/censimento-istat-dellagricoltura-obbligatorio-dal-2020-con-cadenza-decennale-dal-2021-la-cadenza-diventera-annuale\/\" \/>\n<meta property=\"og:locale\" content=\"it_IT\" \/>\n<meta property=\"og:type\" content=\"article\" \/>\n<meta property=\"og:title\" content=\"Censimento ISTAT dell\u2019agricoltura obbligatorio dal 2020 con cadenza decennale. Dal 2021 la cadenza diventer\u00e0 annuale. - Confagricoltura Bologna\" \/>\n<meta property=\"og:description\" content=\"Nel 2020 l\u2019Istat avvier\u00e0 l&#8217;ultimo Censimento generale dell&#8217;agricoltura con cadenza decennale, poi dal 2021 il Censimento dell\u2019Agricoltura avr\u00e0 cadenza annuale. Sono chiamate a parteciparvi tutte le aziende agricole presenti in Italia. L&#8217;obiettivo principale del Censimento dell&#8217;agricoltura \u00e8 fornire un quadro informativo statistico sulla struttura del sistema agricolo e zootecnico a livello nazionale, regionale e locale.\" \/>\n<meta property=\"og:url\" content=\"https:\/\/www.confagricoltura.org\/bologna\/censimento-istat-dellagricoltura-obbligatorio-dal-2020-con-cadenza-decennale-dal-2021-la-cadenza-diventera-annuale\/\" \/>\n<meta property=\"og:site_name\" content=\"Confagricoltura Bologna\" \/>\n<meta property=\"article:published_time\" content=\"2019-09-16T08:36:16+00:00\" \/>\n<meta property=\"article:modified_time\" content=\"2021-03-11T12:24:57+00:00\" \/>\n<meta name=\"author\" content=\"confagricolturabologna\" \/>\n<meta name=\"twitter:card\" content=\"summary_large_image\" \/>\n<meta name=\"twitter:label1\" content=\"Scritto da\" \/>\n\t<meta name=\"twitter:data1\" content=\"confagricolturabologna\" \/>\n\t<meta name=\"twitter:label2\" content=\"Tempo di lettura stimato\" \/>\n\t<meta name=\"twitter:data2\" content=\"1 minuto\" \/>\n<script type=\"application\/ld+json\" class=\"yoast-schema-graph\">{\"@context\":\"https:\/\/schema.org\",\"@graph\":[{\"@type\":\"Article\",\"@id\":\"https:\/\/www.confagricoltura.org\/bologna\/censimento-istat-dellagricoltura-obbligatorio-dal-2020-con-cadenza-decennale-dal-2021-la-cadenza-diventera-annuale\/#article\",\"isPartOf\":{\"@id\":\"https:\/\/www.confagricoltura.org\/bologna\/censimento-istat-dellagricoltura-obbligatorio-dal-2020-con-cadenza-decennale-dal-2021-la-cadenza-diventera-annuale\/\"},\"author\":{\"name\":\"confagricolturabologna\",\"@id\":\"https:\/\/www.confagricoltura.org\/bologna\/#\/schema\/person\/277baa2a725fb840103c5f8898746c7f\"},\"headline\":\"Censimento ISTAT dell\u2019agricoltura obbligatorio dal 2020 con cadenza decennale. Dal 2021 la cadenza diventer\u00e0 annuale.\",\"datePublished\":\"2019-09-16T08:36:16+00:00\",\"dateModified\":\"2021-03-11T12:24:57+00:00\",\"mainEntityOfPage\":{\"@id\":\"https:\/\/www.confagricoltura.org\/bologna\/censimento-istat-dellagricoltura-obbligatorio-dal-2020-con-cadenza-decennale-dal-2021-la-cadenza-diventera-annuale\/\"},\"wordCount\":226,\"commentCount\":5,\"articleSection\":[\"Archivio\"],\"inLanguage\":\"it-IT\"},{\"@type\":\"WebPage\",\"@id\":\"https:\/\/www.confagricoltura.org\/bologna\/censimento-istat-dellagricoltura-obbligatorio-dal-2020-con-cadenza-decennale-dal-2021-la-cadenza-diventera-annuale\/\",\"url\":\"https:\/\/www.confagricoltura.org\/bologna\/censimento-istat-dellagricoltura-obbligatorio-dal-2020-con-cadenza-decennale-dal-2021-la-cadenza-diventera-annuale\/\",\"name\":\"Censimento ISTAT dell\u2019agricoltura obbligatorio dal 2020 con cadenza decennale. Dal 2021 la cadenza diventer\u00e0 annuale. - Confagricoltura Bologna\",\"isPartOf\":{\"@id\":\"https:\/\/www.confagricoltura.org\/bologna\/#website\"},\"datePublished\":\"2019-09-16T08:36:16+00:00\",\"dateModified\":\"2021-03-11T12:24:57+00:00\",\"author\":{\"@id\":\"https:\/\/www.confagricoltura.org\/bologna\/#\/schema\/person\/277baa2a725fb840103c5f8898746c7f\"},\"breadcrumb\":{\"@id\":\"https:\/\/www.confagricoltura.org\/bologna\/censimento-istat-dellagricoltura-obbligatorio-dal-2020-con-cadenza-decennale-dal-2021-la-cadenza-diventera-annuale\/#breadcrumb\"},\"inLanguage\":\"it-IT\",\"potentialAction\":[{\"@type\":\"ReadAction\",\"target\":[\"https:\/\/www.confagricoltura.org\/bologna\/censimento-istat-dellagricoltura-obbligatorio-dal-2020-con-cadenza-decennale-dal-2021-la-cadenza-diventera-annuale\/\"]}]},{\"@type\":\"BreadcrumbList\",\"@id\":\"https:\/\/www.confagricoltura.org\/bologna\/censimento-istat-dellagricoltura-obbligatorio-dal-2020-con-cadenza-decennale-dal-2021-la-cadenza-diventera-annuale\/#breadcrumb\",\"itemListElement\":[{\"@type\":\"ListItem\",\"position\":1,\"name\":\"Home\",\"item\":\"https:\/\/www.confagricoltura.org\/bologna\/\"},{\"@type\":\"ListItem\",\"position\":2,\"name\":\"Censimento ISTAT dell\u2019agricoltura obbligatorio dal 2020 con cadenza decennale. Dal 2021 la cadenza diventer\u00e0 annuale.\"}]},{\"@type\":\"WebSite\",\"@id\":\"https:\/\/www.confagricoltura.org\/bologna\/#website\",\"url\":\"https:\/\/www.confagricoltura.org\/bologna\/\",\"name\":\"Confagricoltura Bologna\",\"description\":\"Dalla parte degli Agricoltori\",\"potentialAction\":[{\"@type\":\"SearchAction\",\"target\":{\"@type\":\"EntryPoint\",\"urlTemplate\":\"https:\/\/www.confagricoltura.org\/bologna\/?s={search_term_string}\"},\"query-input\":{\"@type\":\"PropertyValueSpecification\",\"valueRequired\":true,\"valueName\":\"search_term_string\"}}],\"inLanguage\":\"it-IT\"},{\"@type\":\"Person\",\"@id\":\"https:\/\/www.confagricoltura.org\/bologna\/#\/schema\/person\/277baa2a725fb840103c5f8898746c7f\",\"name\":\"confagricolturabologna\",\"image\":{\"@type\":\"ImageObject\",\"inLanguage\":\"it-IT\",\"@id\":\"https:\/\/www.confagricoltura.org\/bologna\/#\/schema\/person\/image\/\",\"url\":\"https:\/\/secure.gravatar.com\/avatar\/edd9a034f35ea6aeadaf9744d1135acc?s=96&d=mm&r=g\",\"contentUrl\":\"https:\/\/secure.gravatar.com\/avatar\/edd9a034f35ea6aeadaf9744d1135acc?s=96&d=mm&r=g\",\"caption\":\"confagricolturabologna\"},\"url\":\"https:\/\/www.confagricoltura.org\/bologna\/author\/confagricolturabologna\/\"}]}<\/script>\n<!-- \/ Yoast SEO plugin. -->","yoast_head_json":{"title":"Censimento ISTAT dell\u2019agricoltura obbligatorio dal 2020 con cadenza decennale. Dal 2021 la cadenza diventer\u00e0 annuale. - Confagricoltura Bologna","robots":{"index":"index","follow":"follow","max-snippet":"max-snippet:-1","max-image-preview":"max-image-preview:large","max-video-preview":"max-video-preview:-1"},"canonical":"https:\/\/www.confagricoltura.org\/bologna\/censimento-istat-dellagricoltura-obbligatorio-dal-2020-con-cadenza-decennale-dal-2021-la-cadenza-diventera-annuale\/","og_locale":"it_IT","og_type":"article","og_title":"Censimento ISTAT dell\u2019agricoltura obbligatorio dal 2020 con cadenza decennale. Dal 2021 la cadenza diventer\u00e0 annuale. - Confagricoltura Bologna","og_description":"Nel 2020 l\u2019Istat avvier\u00e0 l&#8217;ultimo Censimento generale dell&#8217;agricoltura con cadenza decennale, poi dal 2021 il Censimento dell\u2019Agricoltura avr\u00e0 cadenza annuale. Sono chiamate a parteciparvi tutte le aziende agricole presenti in Italia. L&#8217;obiettivo principale del Censimento dell&#8217;agricoltura \u00e8 fornire un quadro informativo statistico sulla struttura del sistema agricolo e zootecnico a livello nazionale, regionale e locale.","og_url":"https:\/\/www.confagricoltura.org\/bologna\/censimento-istat-dellagricoltura-obbligatorio-dal-2020-con-cadenza-decennale-dal-2021-la-cadenza-diventera-annuale\/","og_site_name":"Confagricoltura Bologna","article_published_time":"2019-09-16T08:36:16+00:00","article_modified_time":"2021-03-11T12:24:57+00:00","author":"confagricolturabologna","twitter_card":"summary_large_image","twitter_misc":{"Scritto da":"confagricolturabologna","Tempo di lettura stimato":"1 minuto"},"schema":{"@context":"https:\/\/schema.org","@graph":[{"@type":"Article","@id":"https:\/\/www.confagricoltura.org\/bologna\/censimento-istat-dellagricoltura-obbligatorio-dal-2020-con-cadenza-decennale-dal-2021-la-cadenza-diventera-annuale\/#article","isPartOf":{"@id":"https:\/\/www.confagricoltura.org\/bologna\/censimento-istat-dellagricoltura-obbligatorio-dal-2020-con-cadenza-decennale-dal-2021-la-cadenza-diventera-annuale\/"},"author":{"name":"confagricolturabologna","@id":"https:\/\/www.confagricoltura.org\/bologna\/#\/schema\/person\/277baa2a725fb840103c5f8898746c7f"},"headline":"Censimento ISTAT dell\u2019agricoltura obbligatorio dal 2020 con cadenza decennale. Dal 2021 la cadenza diventer\u00e0 annuale.","datePublished":"2019-09-16T08:36:16+00:00","dateModified":"2021-03-11T12:24:57+00:00","mainEntityOfPage":{"@id":"https:\/\/www.confagricoltura.org\/bologna\/censimento-istat-dellagricoltura-obbligatorio-dal-2020-con-cadenza-decennale-dal-2021-la-cadenza-diventera-annuale\/"},"wordCount":226,"commentCount":5,"articleSection":["Archivio"],"inLanguage":"it-IT"},{"@type":"WebPage","@id":"https:\/\/www.confagricoltura.org\/bologna\/censimento-istat-dellagricoltura-obbligatorio-dal-2020-con-cadenza-decennale-dal-2021-la-cadenza-diventera-annuale\/","url":"https:\/\/www.confagricoltura.org\/bologna\/censimento-istat-dellagricoltura-obbligatorio-dal-2020-con-cadenza-decennale-dal-2021-la-cadenza-diventera-annuale\/","name":"Censimento ISTAT dell\u2019agricoltura obbligatorio dal 2020 con cadenza decennale. Dal 2021 la cadenza diventer\u00e0 annuale. - Confagricoltura Bologna","isPartOf":{"@id":"https:\/\/www.confagricoltura.org\/bologna\/#website"},"datePublished":"2019-09-16T08:36:16+00:00","dateModified":"2021-03-11T12:24:57+00:00","author":{"@id":"https:\/\/www.confagricoltura.org\/bologna\/#\/schema\/person\/277baa2a725fb840103c5f8898746c7f"},"breadcrumb":{"@id":"https:\/\/www.confagricoltura.org\/bologna\/censimento-istat-dellagricoltura-obbligatorio-dal-2020-con-cadenza-decennale-dal-2021-la-cadenza-diventera-annuale\/#breadcrumb"},"inLanguage":"it-IT","potentialAction":[{"@type":"ReadAction","target":["https:\/\/www.confagricoltura.org\/bologna\/censimento-istat-dellagricoltura-obbligatorio-dal-2020-con-cadenza-decennale-dal-2021-la-cadenza-diventera-annuale\/"]}]},{"@type":"BreadcrumbList","@id":"https:\/\/www.confagricoltura.org\/bologna\/censimento-istat-dellagricoltura-obbligatorio-dal-2020-con-cadenza-decennale-dal-2021-la-cadenza-diventera-annuale\/#breadcrumb","itemListElement":[{"@type":"ListItem","position":1,"name":"Home","item":"https:\/\/www.confagricoltura.org\/bologna\/"},{"@type":"ListItem","position":2,"name":"Censimento ISTAT dell\u2019agricoltura obbligatorio dal 2020 con cadenza decennale. Dal 2021 la cadenza diventer\u00e0 annuale."}]},{"@type":"WebSite","@id":"https:\/\/www.confagricoltura.org\/bologna\/#website","url":"https:\/\/www.confagricoltura.org\/bologna\/","name":"Confagricoltura Bologna","description":"Dalla parte degli Agricoltori","potentialAction":[{"@type":"SearchAction","target":{"@type":"EntryPoint","urlTemplate":"https:\/\/www.confagricoltura.org\/bologna\/?s={search_term_string}"},"query-input":{"@type":"PropertyValueSpecification","valueRequired":true,"valueName":"search_term_string"}}],"inLanguage":"it-IT"},{"@type":"Person","@id":"https:\/\/www.confagricoltura.org\/bologna\/#\/schema\/person\/277baa2a725fb840103c5f8898746c7f","name":"confagricolturabologna","image":{"@type":"ImageObject","inLanguage":"it-IT","@id":"https:\/\/www.confagricoltura.org\/bologna\/#\/schema\/person\/image\/","url":"https:\/\/secure.gravatar.com\/avatar\/edd9a034f35ea6aeadaf9744d1135acc?s=96&d=mm&r=g","contentUrl":"https:\/\/secure.gravatar.com\/avatar\/edd9a034f35ea6aeadaf9744d1135acc?s=96&d=mm&r=g","caption":"confagricolturabologna"},"url":"https:\/\/www.confagricoltura.org\/bologna\/author\/confagricolturabologna\/"}]}},"_links":{"self":[{"href":"https:\/\/www.confagricoltura.org\/bologna\/wp-json\/wp\/v2\/posts\/3104","targetHints":{"allow":["GET"]}}],"collection":[{"href":"https:\/\/www.confagricoltura.org\/bologna\/wp-json\/wp\/v2\/posts"}],"about":[{"href":"https:\/\/www.confagricoltura.org\/bologna\/wp-json\/wp\/v2\/types\/post"}],"author":[{"embeddable":true,"href":"https:\/\/www.confagricoltura.org\/bologna\/wp-json\/wp\/v2\/users\/7"}],"replies":[{"embeddable":true,"href":"https:\/\/www.confagricoltura.org\/bologna\/wp-json\/wp\/v2\/comments?post=3104"}],"version-history":[{"count":1,"href":"https:\/\/www.confagricoltura.org\/bologna\/wp-json\/wp\/v2\/posts\/3104\/revisions"}],"predecessor-version":[{"id":4476,"href":"https:\/\/www.confagricoltura.org\/bologna\/wp-json\/wp\/v2\/posts\/3104\/revisions\/4476"}],"wp:attachment":[{"href":"https:\/\/www.confagricoltura.org\/bologna\/wp-json\/wp\/v2\/media?parent=3104"}],"wp:term":[{"taxonomy":"category","embeddable":true,"href":"https:\/\/www.confagricoltura.org\/bologna\/wp-json\/wp\/v2\/categories?post=3104"},{"taxonomy":"post_tag","embeddable":true,"href":"https:\/\/www.confagricoltura.org\/bologna\/wp-json\/wp\/v2\/tags?post=3104"}],"curies":[{"name":"wp","href":"https:\/\/api.w.org\/{rel}","templated":true}]}}