{"id":3088,"date":"2017-03-31T09:40:22","date_gmt":"2017-03-31T07:40:22","guid":{"rendered":"http:\/\/www.confagricoltura.org\/bologna\/?p=1237"},"modified":"2021-03-11T13:26:00","modified_gmt":"2021-03-11T12:26:00","slug":"voucher-aboliti-per-referendum","status":"publish","type":"post","link":"https:\/\/www.confagricoltura.org\/bologna\/voucher-aboliti-per-referendum\/","title":{"rendered":"VOUCHER ABOLITI PER REFERENDUM."},"content":{"rendered":"<p><strong>Voucher aboliti per Referendum<\/strong>.<\/p>\n<p>Con una discutibilissima scelta politica, il Governo ha cancellato i buoni lavoro. Con decreto legge 17 marzo 2017, n. 25, concernente \u201c<em>Disposizioni urgenti per l\u2019abrogazione delle disposizioni in materia di lavoro accessorio nonch\u00e9 per la modifica delle disposizioni sulla responsabilit\u00e0 solidale in materia di appalti<\/em>\u201d, sono stati infatti abrogati gli articoli 48, 49 e 50 del decreto legislativo n. 81\/2015, relativi alla disciplina del lavoro accessorio.<\/p>\n<p>Il decreto legge \u00e8 stato pubblicato sulla Gazzetta Ufficiale n. 64 del 17 marzo 2017, ed \u00e8 entrato in vigore immediatamente. Non \u00e8 pi\u00f9 possibile, anche per il settore agricolo, accedere all\u2019uso dei voucher per prestazioni di lavoro accessorio.<\/p>\n<p>La decisione del Governo di abrogare i buoni lavoro \u00e8 direttamente collegata al previsto referendum abrogativo promosso dalla C.G.I.L..<\/p>\n<p>Il decreto legge n. 25\/2017 ha previsto un periodo transitorio (art. 1, c. 2) per i buoni acquistati entro il 17 marzo compreso, che potranno essere utilizzati per prestazioni di lavoro accessorio entro la fine dell\u2019anno (2017).<\/p>\n<p>Il Ministero del Lavoro e delle Politiche Sociali ha chiarito che l\u2019utilizzo dei buoni per prestazioni di lavoro accessorio, nel periodo transitorio sopra ricordato, dovr\u00e0 essere effettuato \u201cnel rispetto delle disposizioni in materia di lavoro accessorio previste nelle norme oggetto di abrogazione da parte del decreto\u201d.<\/p>\n<p>Nel periodo transitorio i buoni gi\u00e0 acquistati, pertanto, continueranno ad essere utilizzati (fino alla fine dell\u2019anno) con le previgenti regole.<\/p>\n<p>Tale chiarimento ha rimediato il vuoto normativo derivato dall\u2019abrogazione totale delle norme in materia di lavoro accessorio (artt. 48, 49 e 50 del D.Lgs. n. 81\/2015) in merito ai requisiti, ai limiti, alle modalit\u00e0 di utilizzo, alle sanzioni da applicare ai voucher ancora in circolazione.<\/p>\n<p>L\u2019INPS ha peraltro ripristinato il servizio on \u2013 line per l\u2019attivazione, la riscossione e il rimborso dei voucher acquistati entro il 17 marzo, che era stato sospeso per consentire l\u2019adeguamento delle procedure informatiche alle novit\u00e0 normative in parola.<\/p>\n<p>Pubblichiamo per completezza il testo delle norme richiamate, sottolineando la necessit\u00e0 che in sede di conversione del decreto legge siano apportate le opportune modifiche atte a chiarire meglio l\u2019ambito applicativo del periodo transitorio.<\/p>\n<p>Lo stesso decreto (art. 2) ha modificato le regole in tema di solidariet\u00e0 negli appalti e ci\u00f2 sempre allo scopo di evitare il referendum della C.G.I.L..<\/p>\n<p><strong><em>Art. 1 &#8211; <\/em><\/strong><em>Abrogazione degli articoli da 48 a 50 del decreto legislativo n.\u00a0 81 <\/em><em>del 2015 <\/em><\/p>\n<ol>\n<li><em> Gli articoli 48, 49 a 50 del decreto legislativo 15 giugno 2015, n. 81, sono abrogati. <\/em><\/li>\n<li><em> I buoni per prestazioni di lavoro accessorio richiesti alla data di entrata in vigore del presente decreto possono essere\u00a0 utilizzati fino al 31 dicembre 2017. <\/em><\/li>\n<\/ol>\n<p><strong><em>Art. 2 &#8211; <\/em><\/strong><em>Modifica dell&#8217;articolo 29 del decreto legislativo n. 276 del 2003 <\/em><\/p>\n<ol>\n<li><em> All&#8217;articolo 29, comma 2, del decreto legislativo 10\u00a0 settembre 2003, n. 276, sono apportate le seguenti modificazioni: a) al primo periodo, le parole:\u00a0 \u00abSalvo\u00a0 diversa\u00a0 disposizione\u00a0 dei contratti\u00a0 collettivi\u00a0 nazionali\u00a0 sottoscritti\u00a0 da\u00a0 associazioni\u00a0 dei datori \u00a0\u00a0di\u00a0\u00a0 lavoro\u00a0\u00a0 e\u00a0\u00a0 dei\u00a0\u00a0 lavoratori\u00a0\u00a0 comparativamente\u00a0\u00a0 pi\u00f9 rappresentative\u00a0 del\u00a0 settore\u00a0 che\u00a0 possono\u00a0 individuare\u00a0\u00a0 metodi\u00a0 e procedure di controllo e di verifica\u00a0 della\u00a0 regolarita&#8217;\u00a0 complessiva degli appalti\u00bb\u00a0 sono soppresse;\u00a0 b) il secondo, il terzo e il quarto periodo sono soppressi<\/em>.<\/li>\n<\/ol>\n<p>&nbsp;<\/p>\n<p>(M. Mazzanti)<\/p>\n","protected":false},"excerpt":{"rendered":"<p>Voucher aboliti per Referendum. Con una discutibilissima scelta politica, il Governo ha cancellato i buoni lavoro. Con decreto legge 17 marzo 2017, n. 25, concernente \u201cDisposizioni urgenti per l\u2019abrogazione delle disposizioni in materia di lavoro accessorio nonch\u00e9 per la modifica delle disposizioni sulla responsabilit\u00e0 solidale in materia di appalti\u201d, sono stati infatti abrogati gli articoli<\/p>\n","protected":false},"author":7,"featured_media":0,"comment_status":"open","ping_status":"open","sticky":false,"template":"","format":"standard","meta":{"wp_mapbox_gl_js_media":[],"footnotes":""},"categories":[29],"tags":[],"class_list":["post-3088","post","type-post","status-publish","format-standard","hentry","category-archivio"],"yoast_head":"<!-- This site is optimized with the Yoast SEO plugin v26.8 - https:\/\/yoast.com\/product\/yoast-seo-wordpress\/ -->\n<title>VOUCHER ABOLITI PER REFERENDUM. - Confagricoltura Bologna<\/title>\n<meta name=\"robots\" content=\"index, follow, max-snippet:-1, max-image-preview:large, max-video-preview:-1\" \/>\n<link rel=\"canonical\" href=\"https:\/\/www.confagricoltura.org\/bologna\/voucher-aboliti-per-referendum\/\" \/>\n<meta property=\"og:locale\" content=\"it_IT\" \/>\n<meta property=\"og:type\" content=\"article\" \/>\n<meta property=\"og:title\" content=\"VOUCHER ABOLITI PER REFERENDUM. - Confagricoltura Bologna\" \/>\n<meta property=\"og:description\" content=\"Voucher aboliti per Referendum. Con una discutibilissima scelta politica, il Governo ha cancellato i buoni lavoro. Con decreto legge 17 marzo 2017, n. 25, concernente \u201cDisposizioni urgenti per l\u2019abrogazione delle disposizioni in materia di lavoro accessorio nonch\u00e9 per la modifica delle disposizioni sulla responsabilit\u00e0 solidale in materia di appalti\u201d, sono stati infatti abrogati gli articoli\" \/>\n<meta property=\"og:url\" content=\"https:\/\/www.confagricoltura.org\/bologna\/voucher-aboliti-per-referendum\/\" \/>\n<meta property=\"og:site_name\" content=\"Confagricoltura Bologna\" \/>\n<meta property=\"article:published_time\" content=\"2017-03-31T07:40:22+00:00\" \/>\n<meta property=\"article:modified_time\" content=\"2021-03-11T12:26:00+00:00\" \/>\n<meta name=\"author\" content=\"confagricolturabologna\" \/>\n<meta name=\"twitter:card\" content=\"summary_large_image\" \/>\n<meta name=\"twitter:label1\" content=\"Scritto da\" \/>\n\t<meta name=\"twitter:data1\" content=\"confagricolturabologna\" \/>\n\t<meta name=\"twitter:label2\" content=\"Tempo di lettura stimato\" \/>\n\t<meta name=\"twitter:data2\" content=\"2 minuti\" \/>\n<script type=\"application\/ld+json\" class=\"yoast-schema-graph\">{\"@context\":\"https:\/\/schema.org\",\"@graph\":[{\"@type\":\"Article\",\"@id\":\"https:\/\/www.confagricoltura.org\/bologna\/voucher-aboliti-per-referendum\/#article\",\"isPartOf\":{\"@id\":\"https:\/\/www.confagricoltura.org\/bologna\/voucher-aboliti-per-referendum\/\"},\"author\":{\"name\":\"confagricolturabologna\",\"@id\":\"https:\/\/www.confagricoltura.org\/bologna\/#\/schema\/person\/277baa2a725fb840103c5f8898746c7f\"},\"headline\":\"VOUCHER ABOLITI PER REFERENDUM.\",\"datePublished\":\"2017-03-31T07:40:22+00:00\",\"dateModified\":\"2021-03-11T12:26:00+00:00\",\"mainEntityOfPage\":{\"@id\":\"https:\/\/www.confagricoltura.org\/bologna\/voucher-aboliti-per-referendum\/\"},\"wordCount\":496,\"commentCount\":0,\"articleSection\":[\"Archivio\"],\"inLanguage\":\"it-IT\"},{\"@type\":\"WebPage\",\"@id\":\"https:\/\/www.confagricoltura.org\/bologna\/voucher-aboliti-per-referendum\/\",\"url\":\"https:\/\/www.confagricoltura.org\/bologna\/voucher-aboliti-per-referendum\/\",\"name\":\"VOUCHER ABOLITI PER REFERENDUM. - Confagricoltura Bologna\",\"isPartOf\":{\"@id\":\"https:\/\/www.confagricoltura.org\/bologna\/#website\"},\"datePublished\":\"2017-03-31T07:40:22+00:00\",\"dateModified\":\"2021-03-11T12:26:00+00:00\",\"author\":{\"@id\":\"https:\/\/www.confagricoltura.org\/bologna\/#\/schema\/person\/277baa2a725fb840103c5f8898746c7f\"},\"breadcrumb\":{\"@id\":\"https:\/\/www.confagricoltura.org\/bologna\/voucher-aboliti-per-referendum\/#breadcrumb\"},\"inLanguage\":\"it-IT\",\"potentialAction\":[{\"@type\":\"ReadAction\",\"target\":[\"https:\/\/www.confagricoltura.org\/bologna\/voucher-aboliti-per-referendum\/\"]}]},{\"@type\":\"BreadcrumbList\",\"@id\":\"https:\/\/www.confagricoltura.org\/bologna\/voucher-aboliti-per-referendum\/#breadcrumb\",\"itemListElement\":[{\"@type\":\"ListItem\",\"position\":1,\"name\":\"Home\",\"item\":\"https:\/\/www.confagricoltura.org\/bologna\/\"},{\"@type\":\"ListItem\",\"position\":2,\"name\":\"VOUCHER ABOLITI PER REFERENDUM.\"}]},{\"@type\":\"WebSite\",\"@id\":\"https:\/\/www.confagricoltura.org\/bologna\/#website\",\"url\":\"https:\/\/www.confagricoltura.org\/bologna\/\",\"name\":\"Confagricoltura Bologna\",\"description\":\"Dalla parte degli Agricoltori\",\"potentialAction\":[{\"@type\":\"SearchAction\",\"target\":{\"@type\":\"EntryPoint\",\"urlTemplate\":\"https:\/\/www.confagricoltura.org\/bologna\/?s={search_term_string}\"},\"query-input\":{\"@type\":\"PropertyValueSpecification\",\"valueRequired\":true,\"valueName\":\"search_term_string\"}}],\"inLanguage\":\"it-IT\"},{\"@type\":\"Person\",\"@id\":\"https:\/\/www.confagricoltura.org\/bologna\/#\/schema\/person\/277baa2a725fb840103c5f8898746c7f\",\"name\":\"confagricolturabologna\",\"image\":{\"@type\":\"ImageObject\",\"inLanguage\":\"it-IT\",\"@id\":\"https:\/\/www.confagricoltura.org\/bologna\/#\/schema\/person\/image\/\",\"url\":\"https:\/\/secure.gravatar.com\/avatar\/edd9a034f35ea6aeadaf9744d1135acc?s=96&d=mm&r=g\",\"contentUrl\":\"https:\/\/secure.gravatar.com\/avatar\/edd9a034f35ea6aeadaf9744d1135acc?s=96&d=mm&r=g\",\"caption\":\"confagricolturabologna\"},\"url\":\"https:\/\/www.confagricoltura.org\/bologna\/author\/confagricolturabologna\/\"}]}<\/script>\n<!-- \/ Yoast SEO plugin. -->","yoast_head_json":{"title":"VOUCHER ABOLITI PER REFERENDUM. - Confagricoltura Bologna","robots":{"index":"index","follow":"follow","max-snippet":"max-snippet:-1","max-image-preview":"max-image-preview:large","max-video-preview":"max-video-preview:-1"},"canonical":"https:\/\/www.confagricoltura.org\/bologna\/voucher-aboliti-per-referendum\/","og_locale":"it_IT","og_type":"article","og_title":"VOUCHER ABOLITI PER REFERENDUM. - Confagricoltura Bologna","og_description":"Voucher aboliti per Referendum. Con una discutibilissima scelta politica, il Governo ha cancellato i buoni lavoro. Con decreto legge 17 marzo 2017, n. 25, concernente \u201cDisposizioni urgenti per l\u2019abrogazione delle disposizioni in materia di lavoro accessorio nonch\u00e9 per la modifica delle disposizioni sulla responsabilit\u00e0 solidale in materia di appalti\u201d, sono stati infatti abrogati gli articoli","og_url":"https:\/\/www.confagricoltura.org\/bologna\/voucher-aboliti-per-referendum\/","og_site_name":"Confagricoltura Bologna","article_published_time":"2017-03-31T07:40:22+00:00","article_modified_time":"2021-03-11T12:26:00+00:00","author":"confagricolturabologna","twitter_card":"summary_large_image","twitter_misc":{"Scritto da":"confagricolturabologna","Tempo di lettura stimato":"2 minuti"},"schema":{"@context":"https:\/\/schema.org","@graph":[{"@type":"Article","@id":"https:\/\/www.confagricoltura.org\/bologna\/voucher-aboliti-per-referendum\/#article","isPartOf":{"@id":"https:\/\/www.confagricoltura.org\/bologna\/voucher-aboliti-per-referendum\/"},"author":{"name":"confagricolturabologna","@id":"https:\/\/www.confagricoltura.org\/bologna\/#\/schema\/person\/277baa2a725fb840103c5f8898746c7f"},"headline":"VOUCHER ABOLITI PER REFERENDUM.","datePublished":"2017-03-31T07:40:22+00:00","dateModified":"2021-03-11T12:26:00+00:00","mainEntityOfPage":{"@id":"https:\/\/www.confagricoltura.org\/bologna\/voucher-aboliti-per-referendum\/"},"wordCount":496,"commentCount":0,"articleSection":["Archivio"],"inLanguage":"it-IT"},{"@type":"WebPage","@id":"https:\/\/www.confagricoltura.org\/bologna\/voucher-aboliti-per-referendum\/","url":"https:\/\/www.confagricoltura.org\/bologna\/voucher-aboliti-per-referendum\/","name":"VOUCHER ABOLITI PER REFERENDUM. - Confagricoltura Bologna","isPartOf":{"@id":"https:\/\/www.confagricoltura.org\/bologna\/#website"},"datePublished":"2017-03-31T07:40:22+00:00","dateModified":"2021-03-11T12:26:00+00:00","author":{"@id":"https:\/\/www.confagricoltura.org\/bologna\/#\/schema\/person\/277baa2a725fb840103c5f8898746c7f"},"breadcrumb":{"@id":"https:\/\/www.confagricoltura.org\/bologna\/voucher-aboliti-per-referendum\/#breadcrumb"},"inLanguage":"it-IT","potentialAction":[{"@type":"ReadAction","target":["https:\/\/www.confagricoltura.org\/bologna\/voucher-aboliti-per-referendum\/"]}]},{"@type":"BreadcrumbList","@id":"https:\/\/www.confagricoltura.org\/bologna\/voucher-aboliti-per-referendum\/#breadcrumb","itemListElement":[{"@type":"ListItem","position":1,"name":"Home","item":"https:\/\/www.confagricoltura.org\/bologna\/"},{"@type":"ListItem","position":2,"name":"VOUCHER ABOLITI PER REFERENDUM."}]},{"@type":"WebSite","@id":"https:\/\/www.confagricoltura.org\/bologna\/#website","url":"https:\/\/www.confagricoltura.org\/bologna\/","name":"Confagricoltura Bologna","description":"Dalla parte degli Agricoltori","potentialAction":[{"@type":"SearchAction","target":{"@type":"EntryPoint","urlTemplate":"https:\/\/www.confagricoltura.org\/bologna\/?s={search_term_string}"},"query-input":{"@type":"PropertyValueSpecification","valueRequired":true,"valueName":"search_term_string"}}],"inLanguage":"it-IT"},{"@type":"Person","@id":"https:\/\/www.confagricoltura.org\/bologna\/#\/schema\/person\/277baa2a725fb840103c5f8898746c7f","name":"confagricolturabologna","image":{"@type":"ImageObject","inLanguage":"it-IT","@id":"https:\/\/www.confagricoltura.org\/bologna\/#\/schema\/person\/image\/","url":"https:\/\/secure.gravatar.com\/avatar\/edd9a034f35ea6aeadaf9744d1135acc?s=96&d=mm&r=g","contentUrl":"https:\/\/secure.gravatar.com\/avatar\/edd9a034f35ea6aeadaf9744d1135acc?s=96&d=mm&r=g","caption":"confagricolturabologna"},"url":"https:\/\/www.confagricoltura.org\/bologna\/author\/confagricolturabologna\/"}]}},"_links":{"self":[{"href":"https:\/\/www.confagricoltura.org\/bologna\/wp-json\/wp\/v2\/posts\/3088","targetHints":{"allow":["GET"]}}],"collection":[{"href":"https:\/\/www.confagricoltura.org\/bologna\/wp-json\/wp\/v2\/posts"}],"about":[{"href":"https:\/\/www.confagricoltura.org\/bologna\/wp-json\/wp\/v2\/types\/post"}],"author":[{"embeddable":true,"href":"https:\/\/www.confagricoltura.org\/bologna\/wp-json\/wp\/v2\/users\/7"}],"replies":[{"embeddable":true,"href":"https:\/\/www.confagricoltura.org\/bologna\/wp-json\/wp\/v2\/comments?post=3088"}],"version-history":[{"count":1,"href":"https:\/\/www.confagricoltura.org\/bologna\/wp-json\/wp\/v2\/posts\/3088\/revisions"}],"predecessor-version":[{"id":4884,"href":"https:\/\/www.confagricoltura.org\/bologna\/wp-json\/wp\/v2\/posts\/3088\/revisions\/4884"}],"wp:attachment":[{"href":"https:\/\/www.confagricoltura.org\/bologna\/wp-json\/wp\/v2\/media?parent=3088"}],"wp:term":[{"taxonomy":"category","embeddable":true,"href":"https:\/\/www.confagricoltura.org\/bologna\/wp-json\/wp\/v2\/categories?post=3088"},{"taxonomy":"post_tag","embeddable":true,"href":"https:\/\/www.confagricoltura.org\/bologna\/wp-json\/wp\/v2\/tags?post=3088"}],"curies":[{"name":"wp","href":"https:\/\/api.w.org\/{rel}","templated":true}]}}