{"id":3074,"date":"2017-03-10T11:41:36","date_gmt":"2017-03-10T10:41:36","guid":{"rendered":"http:\/\/www.confagricoltura.org\/bologna\/?p=1181"},"modified":"2021-03-11T13:26:01","modified_gmt":"2021-03-11T12:26:01","slug":"rinnovo-ccnl-impiegati-agricoli","status":"publish","type":"post","link":"https:\/\/www.confagricoltura.org\/bologna\/rinnovo-ccnl-impiegati-agricoli\/","title":{"rendered":"RINNOVO CCNL IMPIEGATI AGRICOLI."},"content":{"rendered":"<p><strong>Rinnovo Ccnl impiegati agricoli<\/strong><strong>.<\/strong><\/p>\n<p>&nbsp;<\/p>\n<p>Nella serata del 23 febbraio 2017 in Roma, presso la sede di Confagricoltura, \u00e8 stato siglato l\u2019 Accordo per il rinnovo del CCNL per i quadri e gli impiegati agricoli per il quadriennio 2016-2019.<\/p>\n<p>Questi i punti qualificanti dell\u2019intesa:<\/p>\n<ul>\n<li><strong>aumento economico: <\/strong>tra le organizzazioni sindacali dei lavoratori e le rappresentanze datoriali si \u00e8 convenuto un aumento retributivo nella misura del 2,5%; tale incremento retributivo \u00e8 concesso in unica soluzione con decorrenza 1\u00b0 gennaio 2017; da notare come non sia stato convenuto alcun importo per l\u2019anno 2016, per inciso nemmeno \u00e8 stata prevista alcuna erogazione una tantum la carenza contrattuale scontata sino ad oggi (si ricorda che il CCNL era scaduto il 31 dicembre 2015);<\/li>\n<li><strong>orario: <\/strong>in analogia a quanto previsto nel CCNL operai agricoli \u00e8 prevista la possibilit\u00e0 di utilizzare l\u2019orario di lavoro multi periodale (o modulare) , tale forma di orario flessibile consente in determinati periodi dell\u2019anno di superare l\u2019orario ordinario (pari a 39 ore) senza corresponsione di maggiorazioni a titolo di lavoro straordinario. Il tetto annuo delle ore fruibili \u00e8, in aderenza sempre al ccnl operai, elevato da 75 a 85;<\/li>\n<li><strong>lavoro straordinario: <\/strong>l\u2019accordo di rinnovo prevede la possibilit\u00e0 di ampliare il tempo della prestazione lavorativa: in particolare \u00e8 prevista la possibilit\u00e0 di ricorrere al lavoro straordinario, attraverso l\u2019aumento dei limiti giornalieri (da 2 a 3 ore), settimanali (da 12 a 18 ore) e annuali (da 250 a 300 ore);<\/li>\n<li><strong>premio di produzione: <\/strong>definite le linee guida per favorire l\u2019erogazione a livello territoriale di elementi retributivi legati all\u2019aumento della produttivit\u00e0, dell\u2019efficienza, della qualit\u00e0 del lavoro;<\/li>\n<li><strong>categoria dei quadri: <\/strong>riconosciuto un autonomo inquadramento per il personale con qualifica di quadro, fino ad oggi tali prestatori erano ricompresi tra gli impiegati di prima categoria. Tale modifica peraltro \u00e8 puramente nominalistica e non comporta incremento di costi per le aziende; in particolare, sono stati traslati a &#8220;superminimo&#8221; tabellare nazionale 85 euro in precedenza inseriti nell&#8217;indennit\u00e0 di funzione, dal 31\/12\/2015;<\/li>\n<li><strong>permessi: <\/strong>apportate migliorie testuali e procedurali alle regole in materia disciplina dei permessi (3 giorni) come previsti e disciplinati all\u2019art. 24 del CCNL; tali permessi saranno fruibili a richiesta dell\u2019interessato, dovranno essere motivati, documentati e goduti entro l\u2019anno di maturazione, i permessi di cui si discute non potranno essere cumulati con le ferie;<\/li>\n<li><strong>FIA sanitario: <\/strong>la nuova norma chiarisce che la rinuncia del lavoratore all\u2019iscrizione al fondo vale fino ad eventuale revoca e non dovr\u00e0 quindi essere reiterata ogni anno. Aumentato il contributo per il finanziamento del fondo a carico del datore di lavoro che passa da 420 a 470 euro annui e ci\u00f2 con decorrenza dal 2017.<\/li>\n<\/ul>\n<p>A seguito del rinnovo del C.C.N.L.. Impiegati Agricoli del 23\/02\/2017, pubblichiamo di seguito le nuove tabelle stipendiali valevoli dal 1\u00b0 gennaio 2017.<\/p>\n<p><img loading=\"lazy\" decoding=\"async\" class=\"alignnone size-full wp-image-1182 img-responsive\" src=\"http:\/\/www.confagricoltura.org\/bologna\/wp-content\/uploads\/sites\/4\/2017\/03\/Tabella-impiegati-agricoli-01-01-2017.jpg\" alt=\"Tabella impiegati agricoli 01-01-2017\" width=\"921\" height=\"294\" \/><\/p>\n<ul>\n<li>Nota sul Totale Stipendio Mensile QUADRO: sono compresi \u20ac 85,00 come superminimo tabellare nazionale;\u00a0\u00a0\u00a0\u00a0\u00a0\u00a0\u00a0\u00a0\u00a0\u00a0\u00a0\u00a0\u00a0\u00a0\u00a0\u00a0\u00a0\u00a0\u00a0\u00a0\u00a0\u00a0\u00a0\u00a0\u00a0\u00a0\u00a0\u00a0\u00a0\u00a0\u00a0\u00a0\u00a0\u00a0\u00a0\u00a0\u00a0\u00a0\u00a0\u00a0\u00a0\u00a0\u00a0\u00a0\u00a0\u00a0\u00a0\u00a0\u00a0\u00a0\u00a0\u00a0\u00a0\u00a0\u00a0\u00a0\u00a0\u00a0\u00a0\u00a0\u00a0\u00a0\u00a0\u00a0\u00a0\u00a0\u00a0\u00a0\u00a0\u00a0\u00a0\u00a0\u00a0\u00a0\u00a0\u00a0\u00a0\u00a0\u00a0\u00a0\u00a0\u00a0\u00a0\u00a0\u00a0\u00a0\u00a0\u00a0\u00a0\u00a0\u00a0\u00a0\u00a0\u00a0\u00a0\u00a0\u00a0\u00a0\u00a0\u00a0\u00a0\u00a0\u00a0\u00a0\u00a0\u00a0\u00a0\u00a0\u00a0\u00a0\u00a0\u00a0\u00a0\u00a0\u00a0\u00a0\u00a0\u00a0\u00a0\u00a0\u00a0\u00a0\u00a0\u00a0\u00a0\u00a0\u00a0\u00a0\u00a0\u00a0\u00a0\u00a0\u00a0\u00a0\u00a0\u00a0\u00a0\u00a0\u00a0\u00a0\u00a0\u00a0\u00a0\u00a0\u00a0\u00a0\u00a0\u00a0\u00a0\u00a0\u00a0\u00a0 \u00a0\u00a0\u00a0\u00a0\u00a0\u00a0\u00a0\u00a0\u00a0\u00a0\u00a0\u00a0\u00a0\u00a0\u00a0\u00a0\u00a0\u00a0\u00a0\u00a0\u00a0\u00a0\u00a0\u00a0\u00a0\u00a0\u00a0\u00a0\u00a0\u00a0\u00a0\u00a0\u00a0\u00a0\u00a0\u00a0\u00a0\u00a0\u00a0\u00a0\u00a0\u00a0\u00a0\u00a0\u00a0\u00a0\u00a0\u00a0\u00a0\u00a0\u00a0\u00a0\u00a0\u00a0\u00a0\u00a0\u00a0\u00a0\u00a0\u00a0\u00a0\u00a0\u00a0\u00a0\u00a0\u00a0\u00a0\u00a0\u00a0\u00a0\u00a0\u00a0\u00a0\u00a0\u00a0\u00a0\u00a0\u00a0\u00a0\u00a0\u00a0\u00a0\u00a0\u00a0\u00a0\u00a0\u00a0\u00a0\u00a0\u00a0\u00a0\u00a0\u00a0\u00a0\u00a0\u00a0\u00a0\u00a0\u00a0\u00a0\u00a0\u00a0\u00a0\u00a0\u00a0\u00a0\u00a0\u00a0\u00a0\u00a0\u00a0\u00a0\u00a0\u00a0\u00a0\u00a0\u00a0\u00a0\u00a0\u00a0\u00a0\u2022 Indennit\u00e0 di Funzione per il Quadro: \u20ac 100,00 mensili dal 01\/01\/2017 (art. 18 C.C.N.L. 23\/02\/2017)<\/li>\n<li>Indennit\u00e0 di Cassa: \u20ac 70,00 mensili dal 1-06-2014 (C.P.L. 01\/06\/2014)<\/li>\n<li>Fondo Sanitario: \u20ac 470,00 annui a carico ditta, \u20ac 100,00 a carico del dipendente (dal 1-01-2017)<\/li>\n<li>Fondo Pensioni FIA, oggi Agrifondo: contribuzione dell\u20191,2% a carico del datore, contribuzione dell\u20191,2% a carico del lavoratore (trattenuta in dodici rate mensili)<\/li>\n<li>Premio di disponibilit\u00e0 e produttivit\u00e0: erogato in dicembre, o alla data di cessazione, \u00e8 cos\u00ec stabilito:<\/li>\n<\/ul>\n<p>1^ cat. \u20ac 560,00<\/p>\n<p>2^ cat .\u20ac 500,00<\/p>\n<p>3^ cat. \u20ac 250,00<\/p>\n<p>4^ cat. \u20ac 200,00<\/p>\n<p>5^ cat. \u20ac 200,00<\/p>\n<p>6^ cat. \u20ac 200,00<\/p>\n<p>(M. Mazzanti)<\/p>\n<p>&nbsp;<\/p>\n<p>&nbsp;<\/p>\n<p>&nbsp;<\/p>\n<p>&nbsp;<\/p>\n<p>&nbsp;<\/p>\n<p>&nbsp;<\/p>\n<p>&nbsp;<\/p>\n<p>&nbsp;<\/p>\n","protected":false},"excerpt":{"rendered":"<p>Rinnovo Ccnl impiegati agricoli. &nbsp; Nella serata del 23 febbraio 2017 in Roma, presso la sede di Confagricoltura, \u00e8 stato siglato l\u2019 Accordo per il rinnovo del CCNL per i quadri e gli impiegati agricoli per il quadriennio 2016-2019. Questi i punti qualificanti dell\u2019intesa: aumento economico: tra le organizzazioni sindacali dei lavoratori e le rappresentanze<\/p>\n","protected":false},"author":7,"featured_media":0,"comment_status":"open","ping_status":"open","sticky":false,"template":"","format":"standard","meta":{"wp_mapbox_gl_js_media":[],"footnotes":""},"categories":[29],"tags":[],"class_list":["post-3074","post","type-post","status-publish","format-standard","hentry","category-archivio"],"yoast_head":"<!-- This site is optimized with the Yoast SEO plugin v26.8 - https:\/\/yoast.com\/product\/yoast-seo-wordpress\/ -->\n<title>RINNOVO CCNL IMPIEGATI AGRICOLI. - Confagricoltura Bologna<\/title>\n<meta name=\"robots\" content=\"index, follow, max-snippet:-1, max-image-preview:large, max-video-preview:-1\" \/>\n<link rel=\"canonical\" href=\"https:\/\/www.confagricoltura.org\/bologna\/rinnovo-ccnl-impiegati-agricoli\/\" \/>\n<meta property=\"og:locale\" content=\"it_IT\" \/>\n<meta property=\"og:type\" content=\"article\" \/>\n<meta property=\"og:title\" content=\"RINNOVO CCNL IMPIEGATI AGRICOLI. - Confagricoltura Bologna\" \/>\n<meta property=\"og:description\" content=\"Rinnovo Ccnl impiegati agricoli. &nbsp; Nella serata del 23 febbraio 2017 in Roma, presso la sede di Confagricoltura, \u00e8 stato siglato l\u2019 Accordo per il rinnovo del CCNL per i quadri e gli impiegati agricoli per il quadriennio 2016-2019. Questi i punti qualificanti dell\u2019intesa: aumento economico: tra le organizzazioni sindacali dei lavoratori e le rappresentanze\" \/>\n<meta property=\"og:url\" content=\"https:\/\/www.confagricoltura.org\/bologna\/rinnovo-ccnl-impiegati-agricoli\/\" \/>\n<meta property=\"og:site_name\" content=\"Confagricoltura Bologna\" \/>\n<meta property=\"article:published_time\" content=\"2017-03-10T10:41:36+00:00\" \/>\n<meta property=\"article:modified_time\" content=\"2021-03-11T12:26:01+00:00\" \/>\n<meta property=\"og:image\" content=\"http:\/\/www.confagricoltura.org\/bologna\/wp-content\/uploads\/sites\/4\/2017\/03\/Tabella-impiegati-agricoli-01-01-2017.jpg\" \/>\n<meta name=\"author\" content=\"confagricolturabologna\" \/>\n<meta name=\"twitter:card\" content=\"summary_large_image\" \/>\n<meta name=\"twitter:label1\" content=\"Scritto da\" \/>\n\t<meta name=\"twitter:data1\" content=\"confagricolturabologna\" \/>\n\t<meta name=\"twitter:label2\" content=\"Tempo di lettura stimato\" \/>\n\t<meta name=\"twitter:data2\" content=\"3 minuti\" \/>\n<script type=\"application\/ld+json\" class=\"yoast-schema-graph\">{\"@context\":\"https:\/\/schema.org\",\"@graph\":[{\"@type\":\"Article\",\"@id\":\"https:\/\/www.confagricoltura.org\/bologna\/rinnovo-ccnl-impiegati-agricoli\/#article\",\"isPartOf\":{\"@id\":\"https:\/\/www.confagricoltura.org\/bologna\/rinnovo-ccnl-impiegati-agricoli\/\"},\"author\":{\"name\":\"confagricolturabologna\",\"@id\":\"https:\/\/www.confagricoltura.org\/bologna\/#\/schema\/person\/277baa2a725fb840103c5f8898746c7f\"},\"headline\":\"RINNOVO CCNL IMPIEGATI AGRICOLI.\",\"datePublished\":\"2017-03-10T10:41:36+00:00\",\"dateModified\":\"2021-03-11T12:26:01+00:00\",\"mainEntityOfPage\":{\"@id\":\"https:\/\/www.confagricoltura.org\/bologna\/rinnovo-ccnl-impiegati-agricoli\/\"},\"wordCount\":540,\"commentCount\":0,\"image\":{\"@id\":\"https:\/\/www.confagricoltura.org\/bologna\/rinnovo-ccnl-impiegati-agricoli\/#primaryimage\"},\"thumbnailUrl\":\"http:\/\/www.confagricoltura.org\/bologna\/wp-content\/uploads\/sites\/4\/2017\/03\/Tabella-impiegati-agricoli-01-01-2017.jpg\",\"articleSection\":[\"Archivio\"],\"inLanguage\":\"it-IT\"},{\"@type\":\"WebPage\",\"@id\":\"https:\/\/www.confagricoltura.org\/bologna\/rinnovo-ccnl-impiegati-agricoli\/\",\"url\":\"https:\/\/www.confagricoltura.org\/bologna\/rinnovo-ccnl-impiegati-agricoli\/\",\"name\":\"RINNOVO CCNL IMPIEGATI AGRICOLI. - Confagricoltura Bologna\",\"isPartOf\":{\"@id\":\"https:\/\/www.confagricoltura.org\/bologna\/#website\"},\"primaryImageOfPage\":{\"@id\":\"https:\/\/www.confagricoltura.org\/bologna\/rinnovo-ccnl-impiegati-agricoli\/#primaryimage\"},\"image\":{\"@id\":\"https:\/\/www.confagricoltura.org\/bologna\/rinnovo-ccnl-impiegati-agricoli\/#primaryimage\"},\"thumbnailUrl\":\"http:\/\/www.confagricoltura.org\/bologna\/wp-content\/uploads\/sites\/4\/2017\/03\/Tabella-impiegati-agricoli-01-01-2017.jpg\",\"datePublished\":\"2017-03-10T10:41:36+00:00\",\"dateModified\":\"2021-03-11T12:26:01+00:00\",\"author\":{\"@id\":\"https:\/\/www.confagricoltura.org\/bologna\/#\/schema\/person\/277baa2a725fb840103c5f8898746c7f\"},\"breadcrumb\":{\"@id\":\"https:\/\/www.confagricoltura.org\/bologna\/rinnovo-ccnl-impiegati-agricoli\/#breadcrumb\"},\"inLanguage\":\"it-IT\",\"potentialAction\":[{\"@type\":\"ReadAction\",\"target\":[\"https:\/\/www.confagricoltura.org\/bologna\/rinnovo-ccnl-impiegati-agricoli\/\"]}]},{\"@type\":\"ImageObject\",\"inLanguage\":\"it-IT\",\"@id\":\"https:\/\/www.confagricoltura.org\/bologna\/rinnovo-ccnl-impiegati-agricoli\/#primaryimage\",\"url\":\"http:\/\/www.confagricoltura.org\/bologna\/wp-content\/uploads\/sites\/4\/2017\/03\/Tabella-impiegati-agricoli-01-01-2017.jpg\",\"contentUrl\":\"http:\/\/www.confagricoltura.org\/bologna\/wp-content\/uploads\/sites\/4\/2017\/03\/Tabella-impiegati-agricoli-01-01-2017.jpg\"},{\"@type\":\"BreadcrumbList\",\"@id\":\"https:\/\/www.confagricoltura.org\/bologna\/rinnovo-ccnl-impiegati-agricoli\/#breadcrumb\",\"itemListElement\":[{\"@type\":\"ListItem\",\"position\":1,\"name\":\"Home\",\"item\":\"https:\/\/www.confagricoltura.org\/bologna\/\"},{\"@type\":\"ListItem\",\"position\":2,\"name\":\"RINNOVO CCNL IMPIEGATI AGRICOLI.\"}]},{\"@type\":\"WebSite\",\"@id\":\"https:\/\/www.confagricoltura.org\/bologna\/#website\",\"url\":\"https:\/\/www.confagricoltura.org\/bologna\/\",\"name\":\"Confagricoltura Bologna\",\"description\":\"Dalla parte degli Agricoltori\",\"potentialAction\":[{\"@type\":\"SearchAction\",\"target\":{\"@type\":\"EntryPoint\",\"urlTemplate\":\"https:\/\/www.confagricoltura.org\/bologna\/?s={search_term_string}\"},\"query-input\":{\"@type\":\"PropertyValueSpecification\",\"valueRequired\":true,\"valueName\":\"search_term_string\"}}],\"inLanguage\":\"it-IT\"},{\"@type\":\"Person\",\"@id\":\"https:\/\/www.confagricoltura.org\/bologna\/#\/schema\/person\/277baa2a725fb840103c5f8898746c7f\",\"name\":\"confagricolturabologna\",\"image\":{\"@type\":\"ImageObject\",\"inLanguage\":\"it-IT\",\"@id\":\"https:\/\/www.confagricoltura.org\/bologna\/#\/schema\/person\/image\/\",\"url\":\"https:\/\/secure.gravatar.com\/avatar\/edd9a034f35ea6aeadaf9744d1135acc?s=96&d=mm&r=g\",\"contentUrl\":\"https:\/\/secure.gravatar.com\/avatar\/edd9a034f35ea6aeadaf9744d1135acc?s=96&d=mm&r=g\",\"caption\":\"confagricolturabologna\"},\"url\":\"https:\/\/www.confagricoltura.org\/bologna\/author\/confagricolturabologna\/\"}]}<\/script>\n<!-- \/ Yoast SEO plugin. -->","yoast_head_json":{"title":"RINNOVO CCNL IMPIEGATI AGRICOLI. - Confagricoltura Bologna","robots":{"index":"index","follow":"follow","max-snippet":"max-snippet:-1","max-image-preview":"max-image-preview:large","max-video-preview":"max-video-preview:-1"},"canonical":"https:\/\/www.confagricoltura.org\/bologna\/rinnovo-ccnl-impiegati-agricoli\/","og_locale":"it_IT","og_type":"article","og_title":"RINNOVO CCNL IMPIEGATI AGRICOLI. - Confagricoltura Bologna","og_description":"Rinnovo Ccnl impiegati agricoli. &nbsp; Nella serata del 23 febbraio 2017 in Roma, presso la sede di Confagricoltura, \u00e8 stato siglato l\u2019 Accordo per il rinnovo del CCNL per i quadri e gli impiegati agricoli per il quadriennio 2016-2019. Questi i punti qualificanti dell\u2019intesa: aumento economico: tra le organizzazioni sindacali dei lavoratori e le rappresentanze","og_url":"https:\/\/www.confagricoltura.org\/bologna\/rinnovo-ccnl-impiegati-agricoli\/","og_site_name":"Confagricoltura Bologna","article_published_time":"2017-03-10T10:41:36+00:00","article_modified_time":"2021-03-11T12:26:01+00:00","og_image":[{"url":"http:\/\/www.confagricoltura.org\/bologna\/wp-content\/uploads\/sites\/4\/2017\/03\/Tabella-impiegati-agricoli-01-01-2017.jpg","type":"","width":"","height":""}],"author":"confagricolturabologna","twitter_card":"summary_large_image","twitter_misc":{"Scritto da":"confagricolturabologna","Tempo di lettura stimato":"3 minuti"},"schema":{"@context":"https:\/\/schema.org","@graph":[{"@type":"Article","@id":"https:\/\/www.confagricoltura.org\/bologna\/rinnovo-ccnl-impiegati-agricoli\/#article","isPartOf":{"@id":"https:\/\/www.confagricoltura.org\/bologna\/rinnovo-ccnl-impiegati-agricoli\/"},"author":{"name":"confagricolturabologna","@id":"https:\/\/www.confagricoltura.org\/bologna\/#\/schema\/person\/277baa2a725fb840103c5f8898746c7f"},"headline":"RINNOVO CCNL IMPIEGATI AGRICOLI.","datePublished":"2017-03-10T10:41:36+00:00","dateModified":"2021-03-11T12:26:01+00:00","mainEntityOfPage":{"@id":"https:\/\/www.confagricoltura.org\/bologna\/rinnovo-ccnl-impiegati-agricoli\/"},"wordCount":540,"commentCount":0,"image":{"@id":"https:\/\/www.confagricoltura.org\/bologna\/rinnovo-ccnl-impiegati-agricoli\/#primaryimage"},"thumbnailUrl":"http:\/\/www.confagricoltura.org\/bologna\/wp-content\/uploads\/sites\/4\/2017\/03\/Tabella-impiegati-agricoli-01-01-2017.jpg","articleSection":["Archivio"],"inLanguage":"it-IT"},{"@type":"WebPage","@id":"https:\/\/www.confagricoltura.org\/bologna\/rinnovo-ccnl-impiegati-agricoli\/","url":"https:\/\/www.confagricoltura.org\/bologna\/rinnovo-ccnl-impiegati-agricoli\/","name":"RINNOVO CCNL IMPIEGATI AGRICOLI. - Confagricoltura Bologna","isPartOf":{"@id":"https:\/\/www.confagricoltura.org\/bologna\/#website"},"primaryImageOfPage":{"@id":"https:\/\/www.confagricoltura.org\/bologna\/rinnovo-ccnl-impiegati-agricoli\/#primaryimage"},"image":{"@id":"https:\/\/www.confagricoltura.org\/bologna\/rinnovo-ccnl-impiegati-agricoli\/#primaryimage"},"thumbnailUrl":"http:\/\/www.confagricoltura.org\/bologna\/wp-content\/uploads\/sites\/4\/2017\/03\/Tabella-impiegati-agricoli-01-01-2017.jpg","datePublished":"2017-03-10T10:41:36+00:00","dateModified":"2021-03-11T12:26:01+00:00","author":{"@id":"https:\/\/www.confagricoltura.org\/bologna\/#\/schema\/person\/277baa2a725fb840103c5f8898746c7f"},"breadcrumb":{"@id":"https:\/\/www.confagricoltura.org\/bologna\/rinnovo-ccnl-impiegati-agricoli\/#breadcrumb"},"inLanguage":"it-IT","potentialAction":[{"@type":"ReadAction","target":["https:\/\/www.confagricoltura.org\/bologna\/rinnovo-ccnl-impiegati-agricoli\/"]}]},{"@type":"ImageObject","inLanguage":"it-IT","@id":"https:\/\/www.confagricoltura.org\/bologna\/rinnovo-ccnl-impiegati-agricoli\/#primaryimage","url":"http:\/\/www.confagricoltura.org\/bologna\/wp-content\/uploads\/sites\/4\/2017\/03\/Tabella-impiegati-agricoli-01-01-2017.jpg","contentUrl":"http:\/\/www.confagricoltura.org\/bologna\/wp-content\/uploads\/sites\/4\/2017\/03\/Tabella-impiegati-agricoli-01-01-2017.jpg"},{"@type":"BreadcrumbList","@id":"https:\/\/www.confagricoltura.org\/bologna\/rinnovo-ccnl-impiegati-agricoli\/#breadcrumb","itemListElement":[{"@type":"ListItem","position":1,"name":"Home","item":"https:\/\/www.confagricoltura.org\/bologna\/"},{"@type":"ListItem","position":2,"name":"RINNOVO CCNL IMPIEGATI AGRICOLI."}]},{"@type":"WebSite","@id":"https:\/\/www.confagricoltura.org\/bologna\/#website","url":"https:\/\/www.confagricoltura.org\/bologna\/","name":"Confagricoltura Bologna","description":"Dalla parte degli Agricoltori","potentialAction":[{"@type":"SearchAction","target":{"@type":"EntryPoint","urlTemplate":"https:\/\/www.confagricoltura.org\/bologna\/?s={search_term_string}"},"query-input":{"@type":"PropertyValueSpecification","valueRequired":true,"valueName":"search_term_string"}}],"inLanguage":"it-IT"},{"@type":"Person","@id":"https:\/\/www.confagricoltura.org\/bologna\/#\/schema\/person\/277baa2a725fb840103c5f8898746c7f","name":"confagricolturabologna","image":{"@type":"ImageObject","inLanguage":"it-IT","@id":"https:\/\/www.confagricoltura.org\/bologna\/#\/schema\/person\/image\/","url":"https:\/\/secure.gravatar.com\/avatar\/edd9a034f35ea6aeadaf9744d1135acc?s=96&d=mm&r=g","contentUrl":"https:\/\/secure.gravatar.com\/avatar\/edd9a034f35ea6aeadaf9744d1135acc?s=96&d=mm&r=g","caption":"confagricolturabologna"},"url":"https:\/\/www.confagricoltura.org\/bologna\/author\/confagricolturabologna\/"}]}},"_links":{"self":[{"href":"https:\/\/www.confagricoltura.org\/bologna\/wp-json\/wp\/v2\/posts\/3074","targetHints":{"allow":["GET"]}}],"collection":[{"href":"https:\/\/www.confagricoltura.org\/bologna\/wp-json\/wp\/v2\/posts"}],"about":[{"href":"https:\/\/www.confagricoltura.org\/bologna\/wp-json\/wp\/v2\/types\/post"}],"author":[{"embeddable":true,"href":"https:\/\/www.confagricoltura.org\/bologna\/wp-json\/wp\/v2\/users\/7"}],"replies":[{"embeddable":true,"href":"https:\/\/www.confagricoltura.org\/bologna\/wp-json\/wp\/v2\/comments?post=3074"}],"version-history":[{"count":1,"href":"https:\/\/www.confagricoltura.org\/bologna\/wp-json\/wp\/v2\/posts\/3074\/revisions"}],"predecessor-version":[{"id":4898,"href":"https:\/\/www.confagricoltura.org\/bologna\/wp-json\/wp\/v2\/posts\/3074\/revisions\/4898"}],"wp:attachment":[{"href":"https:\/\/www.confagricoltura.org\/bologna\/wp-json\/wp\/v2\/media?parent=3074"}],"wp:term":[{"taxonomy":"category","embeddable":true,"href":"https:\/\/www.confagricoltura.org\/bologna\/wp-json\/wp\/v2\/categories?post=3074"},{"taxonomy":"post_tag","embeddable":true,"href":"https:\/\/www.confagricoltura.org\/bologna\/wp-json\/wp\/v2\/tags?post=3074"}],"curies":[{"name":"wp","href":"https:\/\/api.w.org\/{rel}","templated":true}]}}