{"id":3058,"date":"2017-01-27T09:10:29","date_gmt":"2017-01-27T08:10:29","guid":{"rendered":"http:\/\/www.confagricoltura.org\/bologna\/?p=1119"},"modified":"2021-03-11T13:26:01","modified_gmt":"2021-03-11T12:26:01","slug":"patronato-enapa-puo-andare-pensione-vecchiaia-64-anni-eta","status":"publish","type":"post","link":"https:\/\/www.confagricoltura.org\/bologna\/patronato-enapa-puo-andare-pensione-vecchiaia-64-anni-eta\/","title":{"rendered":"PATRONATO ENAPA: CHI PU\u00d2 ANDARE IN PENSIONE DI VECCHIAIA A 64 ANNI DI ET\u00c0 ."},"content":{"rendered":"<p><strong>Patronato Enapa: Chi pu\u00f2 andare in pensione di vecchiaia a 64 anni di et\u00e0<\/strong><strong> .<\/strong><\/p>\n<p><strong>\u00a0<\/strong><\/p>\n<p>Un recente messaggio Inps amplia la platea di coloro che possono accedere alla pensione di vecchiaia all\u2019et\u00e0 di 64 anni anzich\u00e9 quella normale prevista dalla Riforma Fornero ( attualmente 66 anni e 7 mesi per gli uomini e donne del pubblico impiego, 65 anni e 7 mesi per le donne lavoratrici dipendenti e 66 anni e 1 mese per le lavoratrici autonome).<\/p>\n<p>Vi possono accedere i lavoratori (autonomi, dipendenti, amministrazione pubblica, disoccupati) ,anche se non risultavano lavoratori dipendenti alla data del 28\/12\/2011 in possesso dei seguenti requisiti:<\/p>\n<p>Lavoratori: purch\u00e9 in possesso di almeno 35 anni di contributi da lavoro dipendente alla data del 31\/12\/2012 e maturato, alla stessa data, il requisito per il trattamento pensionistico della cosiddetta quota (requisito previsto ante Fornero).<\/p>\n<p>Lavoratrici : purch\u00e9 in possesso al 31\/12\/2012 di almeno 20 anni di contributi da lavoro dipendente ed un\u2019et\u00e0 anagrafica, alla stessa data, di 60 anni.<\/p>\n<p>Gli interessati pertanto possono rivolgersi al nostro Patronato Enapa per le opportune verifiche.<\/p>\n<p>(R. Donati)<\/p>\n","protected":false},"excerpt":{"rendered":"<p>Patronato Enapa: Chi pu\u00f2 andare in pensione di vecchiaia a 64 anni di et\u00e0 . \u00a0 Un recente messaggio Inps amplia la platea di coloro che possono accedere alla pensione di vecchiaia all\u2019et\u00e0 di 64 anni anzich\u00e9 quella normale prevista dalla Riforma Fornero ( attualmente 66 anni e 7 mesi per gli uomini e donne<\/p>\n","protected":false},"author":7,"featured_media":0,"comment_status":"open","ping_status":"open","sticky":false,"template":"","format":"standard","meta":{"wp_mapbox_gl_js_media":[],"footnotes":""},"categories":[29],"tags":[],"class_list":["post-3058","post","type-post","status-publish","format-standard","hentry","category-archivio"],"yoast_head":"<!-- This site is optimized with the Yoast SEO plugin v26.8 - https:\/\/yoast.com\/product\/yoast-seo-wordpress\/ -->\n<title>PATRONATO ENAPA: CHI PU\u00d2 ANDARE IN PENSIONE DI VECCHIAIA A 64 ANNI DI ET\u00c0 . - Confagricoltura Bologna<\/title>\n<meta name=\"robots\" content=\"index, follow, max-snippet:-1, max-image-preview:large, max-video-preview:-1\" \/>\n<link rel=\"canonical\" href=\"https:\/\/www.confagricoltura.org\/bologna\/patronato-enapa-puo-andare-pensione-vecchiaia-64-anni-eta\/\" \/>\n<meta property=\"og:locale\" content=\"it_IT\" \/>\n<meta property=\"og:type\" content=\"article\" \/>\n<meta property=\"og:title\" content=\"PATRONATO ENAPA: CHI PU\u00d2 ANDARE IN PENSIONE DI VECCHIAIA A 64 ANNI DI ET\u00c0 . - Confagricoltura Bologna\" \/>\n<meta property=\"og:description\" content=\"Patronato Enapa: Chi pu\u00f2 andare in pensione di vecchiaia a 64 anni di et\u00e0 . \u00a0 Un recente messaggio Inps amplia la platea di coloro che possono accedere alla pensione di vecchiaia all\u2019et\u00e0 di 64 anni anzich\u00e9 quella normale prevista dalla Riforma Fornero ( attualmente 66 anni e 7 mesi per gli uomini e donne\" \/>\n<meta property=\"og:url\" content=\"https:\/\/www.confagricoltura.org\/bologna\/patronato-enapa-puo-andare-pensione-vecchiaia-64-anni-eta\/\" \/>\n<meta property=\"og:site_name\" content=\"Confagricoltura Bologna\" \/>\n<meta property=\"article:published_time\" content=\"2017-01-27T08:10:29+00:00\" \/>\n<meta property=\"article:modified_time\" content=\"2021-03-11T12:26:01+00:00\" \/>\n<meta name=\"author\" content=\"confagricolturabologna\" \/>\n<meta name=\"twitter:card\" content=\"summary_large_image\" \/>\n<meta name=\"twitter:label1\" content=\"Scritto da\" \/>\n\t<meta name=\"twitter:data1\" content=\"confagricolturabologna\" \/>\n\t<meta name=\"twitter:label2\" content=\"Tempo di lettura stimato\" \/>\n\t<meta name=\"twitter:data2\" content=\"1 minuto\" \/>\n<script type=\"application\/ld+json\" class=\"yoast-schema-graph\">{\"@context\":\"https:\/\/schema.org\",\"@graph\":[{\"@type\":\"Article\",\"@id\":\"https:\/\/www.confagricoltura.org\/bologna\/patronato-enapa-puo-andare-pensione-vecchiaia-64-anni-eta\/#article\",\"isPartOf\":{\"@id\":\"https:\/\/www.confagricoltura.org\/bologna\/patronato-enapa-puo-andare-pensione-vecchiaia-64-anni-eta\/\"},\"author\":{\"name\":\"confagricolturabologna\",\"@id\":\"https:\/\/www.confagricoltura.org\/bologna\/#\/schema\/person\/277baa2a725fb840103c5f8898746c7f\"},\"headline\":\"PATRONATO ENAPA: CHI PU\u00d2 ANDARE IN PENSIONE DI VECCHIAIA A 64 ANNI DI ET\u00c0 .\",\"datePublished\":\"2017-01-27T08:10:29+00:00\",\"dateModified\":\"2021-03-11T12:26:01+00:00\",\"mainEntityOfPage\":{\"@id\":\"https:\/\/www.confagricoltura.org\/bologna\/patronato-enapa-puo-andare-pensione-vecchiaia-64-anni-eta\/\"},\"wordCount\":175,\"commentCount\":0,\"articleSection\":[\"Archivio\"],\"inLanguage\":\"it-IT\"},{\"@type\":\"WebPage\",\"@id\":\"https:\/\/www.confagricoltura.org\/bologna\/patronato-enapa-puo-andare-pensione-vecchiaia-64-anni-eta\/\",\"url\":\"https:\/\/www.confagricoltura.org\/bologna\/patronato-enapa-puo-andare-pensione-vecchiaia-64-anni-eta\/\",\"name\":\"PATRONATO ENAPA: CHI PU\u00d2 ANDARE IN PENSIONE DI VECCHIAIA A 64 ANNI DI ET\u00c0 . - Confagricoltura Bologna\",\"isPartOf\":{\"@id\":\"https:\/\/www.confagricoltura.org\/bologna\/#website\"},\"datePublished\":\"2017-01-27T08:10:29+00:00\",\"dateModified\":\"2021-03-11T12:26:01+00:00\",\"author\":{\"@id\":\"https:\/\/www.confagricoltura.org\/bologna\/#\/schema\/person\/277baa2a725fb840103c5f8898746c7f\"},\"breadcrumb\":{\"@id\":\"https:\/\/www.confagricoltura.org\/bologna\/patronato-enapa-puo-andare-pensione-vecchiaia-64-anni-eta\/#breadcrumb\"},\"inLanguage\":\"it-IT\",\"potentialAction\":[{\"@type\":\"ReadAction\",\"target\":[\"https:\/\/www.confagricoltura.org\/bologna\/patronato-enapa-puo-andare-pensione-vecchiaia-64-anni-eta\/\"]}]},{\"@type\":\"BreadcrumbList\",\"@id\":\"https:\/\/www.confagricoltura.org\/bologna\/patronato-enapa-puo-andare-pensione-vecchiaia-64-anni-eta\/#breadcrumb\",\"itemListElement\":[{\"@type\":\"ListItem\",\"position\":1,\"name\":\"Home\",\"item\":\"https:\/\/www.confagricoltura.org\/bologna\/\"},{\"@type\":\"ListItem\",\"position\":2,\"name\":\"PATRONATO ENAPA: CHI PU\u00d2 ANDARE IN PENSIONE DI VECCHIAIA A 64 ANNI DI ET\u00c0 .\"}]},{\"@type\":\"WebSite\",\"@id\":\"https:\/\/www.confagricoltura.org\/bologna\/#website\",\"url\":\"https:\/\/www.confagricoltura.org\/bologna\/\",\"name\":\"Confagricoltura Bologna\",\"description\":\"Dalla parte degli Agricoltori\",\"potentialAction\":[{\"@type\":\"SearchAction\",\"target\":{\"@type\":\"EntryPoint\",\"urlTemplate\":\"https:\/\/www.confagricoltura.org\/bologna\/?s={search_term_string}\"},\"query-input\":{\"@type\":\"PropertyValueSpecification\",\"valueRequired\":true,\"valueName\":\"search_term_string\"}}],\"inLanguage\":\"it-IT\"},{\"@type\":\"Person\",\"@id\":\"https:\/\/www.confagricoltura.org\/bologna\/#\/schema\/person\/277baa2a725fb840103c5f8898746c7f\",\"name\":\"confagricolturabologna\",\"image\":{\"@type\":\"ImageObject\",\"inLanguage\":\"it-IT\",\"@id\":\"https:\/\/www.confagricoltura.org\/bologna\/#\/schema\/person\/image\/\",\"url\":\"https:\/\/secure.gravatar.com\/avatar\/edd9a034f35ea6aeadaf9744d1135acc?s=96&d=mm&r=g\",\"contentUrl\":\"https:\/\/secure.gravatar.com\/avatar\/edd9a034f35ea6aeadaf9744d1135acc?s=96&d=mm&r=g\",\"caption\":\"confagricolturabologna\"},\"url\":\"https:\/\/www.confagricoltura.org\/bologna\/author\/confagricolturabologna\/\"}]}<\/script>\n<!-- \/ Yoast SEO plugin. -->","yoast_head_json":{"title":"PATRONATO ENAPA: CHI PU\u00d2 ANDARE IN PENSIONE DI VECCHIAIA A 64 ANNI DI ET\u00c0 . - Confagricoltura Bologna","robots":{"index":"index","follow":"follow","max-snippet":"max-snippet:-1","max-image-preview":"max-image-preview:large","max-video-preview":"max-video-preview:-1"},"canonical":"https:\/\/www.confagricoltura.org\/bologna\/patronato-enapa-puo-andare-pensione-vecchiaia-64-anni-eta\/","og_locale":"it_IT","og_type":"article","og_title":"PATRONATO ENAPA: CHI PU\u00d2 ANDARE IN PENSIONE DI VECCHIAIA A 64 ANNI DI ET\u00c0 . - Confagricoltura Bologna","og_description":"Patronato Enapa: Chi pu\u00f2 andare in pensione di vecchiaia a 64 anni di et\u00e0 . \u00a0 Un recente messaggio Inps amplia la platea di coloro che possono accedere alla pensione di vecchiaia all\u2019et\u00e0 di 64 anni anzich\u00e9 quella normale prevista dalla Riforma Fornero ( attualmente 66 anni e 7 mesi per gli uomini e donne","og_url":"https:\/\/www.confagricoltura.org\/bologna\/patronato-enapa-puo-andare-pensione-vecchiaia-64-anni-eta\/","og_site_name":"Confagricoltura Bologna","article_published_time":"2017-01-27T08:10:29+00:00","article_modified_time":"2021-03-11T12:26:01+00:00","author":"confagricolturabologna","twitter_card":"summary_large_image","twitter_misc":{"Scritto da":"confagricolturabologna","Tempo di lettura stimato":"1 minuto"},"schema":{"@context":"https:\/\/schema.org","@graph":[{"@type":"Article","@id":"https:\/\/www.confagricoltura.org\/bologna\/patronato-enapa-puo-andare-pensione-vecchiaia-64-anni-eta\/#article","isPartOf":{"@id":"https:\/\/www.confagricoltura.org\/bologna\/patronato-enapa-puo-andare-pensione-vecchiaia-64-anni-eta\/"},"author":{"name":"confagricolturabologna","@id":"https:\/\/www.confagricoltura.org\/bologna\/#\/schema\/person\/277baa2a725fb840103c5f8898746c7f"},"headline":"PATRONATO ENAPA: CHI PU\u00d2 ANDARE IN PENSIONE DI VECCHIAIA A 64 ANNI DI ET\u00c0 .","datePublished":"2017-01-27T08:10:29+00:00","dateModified":"2021-03-11T12:26:01+00:00","mainEntityOfPage":{"@id":"https:\/\/www.confagricoltura.org\/bologna\/patronato-enapa-puo-andare-pensione-vecchiaia-64-anni-eta\/"},"wordCount":175,"commentCount":0,"articleSection":["Archivio"],"inLanguage":"it-IT"},{"@type":"WebPage","@id":"https:\/\/www.confagricoltura.org\/bologna\/patronato-enapa-puo-andare-pensione-vecchiaia-64-anni-eta\/","url":"https:\/\/www.confagricoltura.org\/bologna\/patronato-enapa-puo-andare-pensione-vecchiaia-64-anni-eta\/","name":"PATRONATO ENAPA: CHI PU\u00d2 ANDARE IN PENSIONE DI VECCHIAIA A 64 ANNI DI ET\u00c0 . - Confagricoltura Bologna","isPartOf":{"@id":"https:\/\/www.confagricoltura.org\/bologna\/#website"},"datePublished":"2017-01-27T08:10:29+00:00","dateModified":"2021-03-11T12:26:01+00:00","author":{"@id":"https:\/\/www.confagricoltura.org\/bologna\/#\/schema\/person\/277baa2a725fb840103c5f8898746c7f"},"breadcrumb":{"@id":"https:\/\/www.confagricoltura.org\/bologna\/patronato-enapa-puo-andare-pensione-vecchiaia-64-anni-eta\/#breadcrumb"},"inLanguage":"it-IT","potentialAction":[{"@type":"ReadAction","target":["https:\/\/www.confagricoltura.org\/bologna\/patronato-enapa-puo-andare-pensione-vecchiaia-64-anni-eta\/"]}]},{"@type":"BreadcrumbList","@id":"https:\/\/www.confagricoltura.org\/bologna\/patronato-enapa-puo-andare-pensione-vecchiaia-64-anni-eta\/#breadcrumb","itemListElement":[{"@type":"ListItem","position":1,"name":"Home","item":"https:\/\/www.confagricoltura.org\/bologna\/"},{"@type":"ListItem","position":2,"name":"PATRONATO ENAPA: CHI PU\u00d2 ANDARE IN PENSIONE DI VECCHIAIA A 64 ANNI DI ET\u00c0 ."}]},{"@type":"WebSite","@id":"https:\/\/www.confagricoltura.org\/bologna\/#website","url":"https:\/\/www.confagricoltura.org\/bologna\/","name":"Confagricoltura Bologna","description":"Dalla parte degli Agricoltori","potentialAction":[{"@type":"SearchAction","target":{"@type":"EntryPoint","urlTemplate":"https:\/\/www.confagricoltura.org\/bologna\/?s={search_term_string}"},"query-input":{"@type":"PropertyValueSpecification","valueRequired":true,"valueName":"search_term_string"}}],"inLanguage":"it-IT"},{"@type":"Person","@id":"https:\/\/www.confagricoltura.org\/bologna\/#\/schema\/person\/277baa2a725fb840103c5f8898746c7f","name":"confagricolturabologna","image":{"@type":"ImageObject","inLanguage":"it-IT","@id":"https:\/\/www.confagricoltura.org\/bologna\/#\/schema\/person\/image\/","url":"https:\/\/secure.gravatar.com\/avatar\/edd9a034f35ea6aeadaf9744d1135acc?s=96&d=mm&r=g","contentUrl":"https:\/\/secure.gravatar.com\/avatar\/edd9a034f35ea6aeadaf9744d1135acc?s=96&d=mm&r=g","caption":"confagricolturabologna"},"url":"https:\/\/www.confagricoltura.org\/bologna\/author\/confagricolturabologna\/"}]}},"_links":{"self":[{"href":"https:\/\/www.confagricoltura.org\/bologna\/wp-json\/wp\/v2\/posts\/3058","targetHints":{"allow":["GET"]}}],"collection":[{"href":"https:\/\/www.confagricoltura.org\/bologna\/wp-json\/wp\/v2\/posts"}],"about":[{"href":"https:\/\/www.confagricoltura.org\/bologna\/wp-json\/wp\/v2\/types\/post"}],"author":[{"embeddable":true,"href":"https:\/\/www.confagricoltura.org\/bologna\/wp-json\/wp\/v2\/users\/7"}],"replies":[{"embeddable":true,"href":"https:\/\/www.confagricoltura.org\/bologna\/wp-json\/wp\/v2\/comments?post=3058"}],"version-history":[{"count":1,"href":"https:\/\/www.confagricoltura.org\/bologna\/wp-json\/wp\/v2\/posts\/3058\/revisions"}],"predecessor-version":[{"id":4914,"href":"https:\/\/www.confagricoltura.org\/bologna\/wp-json\/wp\/v2\/posts\/3058\/revisions\/4914"}],"wp:attachment":[{"href":"https:\/\/www.confagricoltura.org\/bologna\/wp-json\/wp\/v2\/media?parent=3058"}],"wp:term":[{"taxonomy":"category","embeddable":true,"href":"https:\/\/www.confagricoltura.org\/bologna\/wp-json\/wp\/v2\/categories?post=3058"},{"taxonomy":"post_tag","embeddable":true,"href":"https:\/\/www.confagricoltura.org\/bologna\/wp-json\/wp\/v2\/tags?post=3058"}],"curies":[{"name":"wp","href":"https:\/\/api.w.org\/{rel}","templated":true}]}}