{"id":3027,"date":"2016-11-30T16:41:00","date_gmt":"2016-11-30T15:41:00","guid":{"rendered":"http:\/\/www.confagricoltura.org\/bologna\/?p=973"},"modified":"2021-03-11T13:26:01","modified_gmt":"2021-03-11T12:26:01","slug":"denuncia-infortuni-assistenza-e-tutela-degli-infortunati","status":"publish","type":"post","link":"https:\/\/www.confagricoltura.org\/bologna\/denuncia-infortuni-assistenza-e-tutela-degli-infortunati\/","title":{"rendered":"DENUNCIA INFORTUNI, ASSISTENZA E TUTELA DEGLI INFORTUNATI."},"content":{"rendered":"<p><strong>Denuncia infortuni, Assistenza e tutela degli infortunati<\/strong>.<\/p>\n<p>&nbsp;<\/p>\n<p>Nel ricordare sia ai datori di lavoro che ai titolari coltivatori diretti l\u2019obbligo della denuncia d\u2019infortunio all&#8217; Inail nel caso di evento con prognosi superiore ai tre giorni e deve essere presentata entro due giorni da quello in cui il datore di lavoro ha ricevuto il certificato medico.In caso <strong>di pericolo di morte<\/strong> <strong>o di decesso<\/strong>\u00a0 la denuncia va fatta <strong>entro<\/strong> <strong>le 24 ore<\/strong>.<\/p>\n<p><strong>E&#8217; importante che<\/strong>, contestualmente alla denuncia d&#8217;infortunio , sia in caso di dipendente che di coltivatore diretto, <strong>l&#8217;infortunato rilasci delega di assistenza al Patronato<\/strong> che provveder\u00e0 ad assisterlo <strong>gratuitamente<\/strong> ed interverr\u00e0 nei confronti dell\u2019 Inail per sollecitare la liquidazione dell&#8217;indennit\u00e0 spettante , verificher\u00e0 la congruit\u00e0 delle giornate indennizzate, della valutazione di eventuali postumi e del danno biologico.<\/p>\n<p>I <strong>lavoratori dipendenti<\/strong> devono inoltre richiedere, con apposita domanda alla Cassa <strong>C.I.M.A.A.V. <\/strong>dopo aver ricevuto la liquidazione dell&#8217;indennit\u00e0 da parte dell&#8217; Inail, l&#8217;integrazione dell&#8217;indennit\u00e0 a loro spettante.<\/p>\n<p>Si invitano pertanto gli interessati, anche per il tramite del proprio datore di lavoro a prendere contatti oltre che con Confagricoltura Bologna anche con il Patronato ENAPA per svolgere in modo completo tutte le necessarie pratiche.<\/p>\n<p>(R. Donati)<\/p>\n","protected":false},"excerpt":{"rendered":"<p>Denuncia infortuni, Assistenza e tutela degli infortunati. &nbsp; Nel ricordare sia ai datori di lavoro che ai titolari coltivatori diretti l\u2019obbligo della denuncia d\u2019infortunio all&#8217; Inail nel caso di evento con prognosi superiore ai tre giorni e deve essere presentata entro due giorni da quello in cui il datore di lavoro ha ricevuto il certificato<\/p>\n","protected":false},"author":7,"featured_media":0,"comment_status":"open","ping_status":"open","sticky":false,"template":"","format":"standard","meta":{"wp_mapbox_gl_js_media":[],"footnotes":""},"categories":[29],"tags":[],"class_list":["post-3027","post","type-post","status-publish","format-standard","hentry","category-archivio"],"yoast_head":"<!-- This site is optimized with the Yoast SEO plugin v26.8 - https:\/\/yoast.com\/product\/yoast-seo-wordpress\/ -->\n<title>DENUNCIA INFORTUNI, ASSISTENZA E TUTELA DEGLI INFORTUNATI. - Confagricoltura Bologna<\/title>\n<meta name=\"robots\" content=\"index, follow, max-snippet:-1, max-image-preview:large, max-video-preview:-1\" \/>\n<link rel=\"canonical\" href=\"https:\/\/www.confagricoltura.org\/bologna\/denuncia-infortuni-assistenza-e-tutela-degli-infortunati\/\" \/>\n<meta property=\"og:locale\" content=\"it_IT\" \/>\n<meta property=\"og:type\" content=\"article\" \/>\n<meta property=\"og:title\" content=\"DENUNCIA INFORTUNI, ASSISTENZA E TUTELA DEGLI INFORTUNATI. - Confagricoltura Bologna\" \/>\n<meta property=\"og:description\" content=\"Denuncia infortuni, Assistenza e tutela degli infortunati. &nbsp; Nel ricordare sia ai datori di lavoro che ai titolari coltivatori diretti l\u2019obbligo della denuncia d\u2019infortunio all&#8217; Inail nel caso di evento con prognosi superiore ai tre giorni e deve essere presentata entro due giorni da quello in cui il datore di lavoro ha ricevuto il certificato\" \/>\n<meta property=\"og:url\" content=\"https:\/\/www.confagricoltura.org\/bologna\/denuncia-infortuni-assistenza-e-tutela-degli-infortunati\/\" \/>\n<meta property=\"og:site_name\" content=\"Confagricoltura Bologna\" \/>\n<meta property=\"article:published_time\" content=\"2016-11-30T15:41:00+00:00\" \/>\n<meta property=\"article:modified_time\" content=\"2021-03-11T12:26:01+00:00\" \/>\n<meta name=\"author\" content=\"confagricolturabologna\" \/>\n<meta name=\"twitter:card\" content=\"summary_large_image\" \/>\n<meta name=\"twitter:label1\" content=\"Scritto da\" \/>\n\t<meta name=\"twitter:data1\" content=\"confagricolturabologna\" \/>\n\t<meta name=\"twitter:label2\" content=\"Tempo di lettura stimato\" \/>\n\t<meta name=\"twitter:data2\" content=\"1 minuto\" \/>\n<script type=\"application\/ld+json\" class=\"yoast-schema-graph\">{\"@context\":\"https:\/\/schema.org\",\"@graph\":[{\"@type\":\"Article\",\"@id\":\"https:\/\/www.confagricoltura.org\/bologna\/denuncia-infortuni-assistenza-e-tutela-degli-infortunati\/#article\",\"isPartOf\":{\"@id\":\"https:\/\/www.confagricoltura.org\/bologna\/denuncia-infortuni-assistenza-e-tutela-degli-infortunati\/\"},\"author\":{\"name\":\"confagricolturabologna\",\"@id\":\"https:\/\/www.confagricoltura.org\/bologna\/#\/schema\/person\/277baa2a725fb840103c5f8898746c7f\"},\"headline\":\"DENUNCIA INFORTUNI, ASSISTENZA E TUTELA DEGLI INFORTUNATI.\",\"datePublished\":\"2016-11-30T15:41:00+00:00\",\"dateModified\":\"2021-03-11T12:26:01+00:00\",\"mainEntityOfPage\":{\"@id\":\"https:\/\/www.confagricoltura.org\/bologna\/denuncia-infortuni-assistenza-e-tutela-degli-infortunati\/\"},\"wordCount\":212,\"commentCount\":0,\"articleSection\":[\"Archivio\"],\"inLanguage\":\"it-IT\"},{\"@type\":\"WebPage\",\"@id\":\"https:\/\/www.confagricoltura.org\/bologna\/denuncia-infortuni-assistenza-e-tutela-degli-infortunati\/\",\"url\":\"https:\/\/www.confagricoltura.org\/bologna\/denuncia-infortuni-assistenza-e-tutela-degli-infortunati\/\",\"name\":\"DENUNCIA INFORTUNI, ASSISTENZA E TUTELA DEGLI INFORTUNATI. - Confagricoltura Bologna\",\"isPartOf\":{\"@id\":\"https:\/\/www.confagricoltura.org\/bologna\/#website\"},\"datePublished\":\"2016-11-30T15:41:00+00:00\",\"dateModified\":\"2021-03-11T12:26:01+00:00\",\"author\":{\"@id\":\"https:\/\/www.confagricoltura.org\/bologna\/#\/schema\/person\/277baa2a725fb840103c5f8898746c7f\"},\"breadcrumb\":{\"@id\":\"https:\/\/www.confagricoltura.org\/bologna\/denuncia-infortuni-assistenza-e-tutela-degli-infortunati\/#breadcrumb\"},\"inLanguage\":\"it-IT\",\"potentialAction\":[{\"@type\":\"ReadAction\",\"target\":[\"https:\/\/www.confagricoltura.org\/bologna\/denuncia-infortuni-assistenza-e-tutela-degli-infortunati\/\"]}]},{\"@type\":\"BreadcrumbList\",\"@id\":\"https:\/\/www.confagricoltura.org\/bologna\/denuncia-infortuni-assistenza-e-tutela-degli-infortunati\/#breadcrumb\",\"itemListElement\":[{\"@type\":\"ListItem\",\"position\":1,\"name\":\"Home\",\"item\":\"https:\/\/www.confagricoltura.org\/bologna\/\"},{\"@type\":\"ListItem\",\"position\":2,\"name\":\"DENUNCIA INFORTUNI, ASSISTENZA E TUTELA DEGLI INFORTUNATI.\"}]},{\"@type\":\"WebSite\",\"@id\":\"https:\/\/www.confagricoltura.org\/bologna\/#website\",\"url\":\"https:\/\/www.confagricoltura.org\/bologna\/\",\"name\":\"Confagricoltura Bologna\",\"description\":\"Dalla parte degli Agricoltori\",\"potentialAction\":[{\"@type\":\"SearchAction\",\"target\":{\"@type\":\"EntryPoint\",\"urlTemplate\":\"https:\/\/www.confagricoltura.org\/bologna\/?s={search_term_string}\"},\"query-input\":{\"@type\":\"PropertyValueSpecification\",\"valueRequired\":true,\"valueName\":\"search_term_string\"}}],\"inLanguage\":\"it-IT\"},{\"@type\":\"Person\",\"@id\":\"https:\/\/www.confagricoltura.org\/bologna\/#\/schema\/person\/277baa2a725fb840103c5f8898746c7f\",\"name\":\"confagricolturabologna\",\"image\":{\"@type\":\"ImageObject\",\"inLanguage\":\"it-IT\",\"@id\":\"https:\/\/www.confagricoltura.org\/bologna\/#\/schema\/person\/image\/\",\"url\":\"https:\/\/secure.gravatar.com\/avatar\/edd9a034f35ea6aeadaf9744d1135acc?s=96&d=mm&r=g\",\"contentUrl\":\"https:\/\/secure.gravatar.com\/avatar\/edd9a034f35ea6aeadaf9744d1135acc?s=96&d=mm&r=g\",\"caption\":\"confagricolturabologna\"},\"url\":\"https:\/\/www.confagricoltura.org\/bologna\/author\/confagricolturabologna\/\"}]}<\/script>\n<!-- \/ Yoast SEO plugin. -->","yoast_head_json":{"title":"DENUNCIA INFORTUNI, ASSISTENZA E TUTELA DEGLI INFORTUNATI. - Confagricoltura Bologna","robots":{"index":"index","follow":"follow","max-snippet":"max-snippet:-1","max-image-preview":"max-image-preview:large","max-video-preview":"max-video-preview:-1"},"canonical":"https:\/\/www.confagricoltura.org\/bologna\/denuncia-infortuni-assistenza-e-tutela-degli-infortunati\/","og_locale":"it_IT","og_type":"article","og_title":"DENUNCIA INFORTUNI, ASSISTENZA E TUTELA DEGLI INFORTUNATI. - Confagricoltura Bologna","og_description":"Denuncia infortuni, Assistenza e tutela degli infortunati. &nbsp; Nel ricordare sia ai datori di lavoro che ai titolari coltivatori diretti l\u2019obbligo della denuncia d\u2019infortunio all&#8217; Inail nel caso di evento con prognosi superiore ai tre giorni e deve essere presentata entro due giorni da quello in cui il datore di lavoro ha ricevuto il certificato","og_url":"https:\/\/www.confagricoltura.org\/bologna\/denuncia-infortuni-assistenza-e-tutela-degli-infortunati\/","og_site_name":"Confagricoltura Bologna","article_published_time":"2016-11-30T15:41:00+00:00","article_modified_time":"2021-03-11T12:26:01+00:00","author":"confagricolturabologna","twitter_card":"summary_large_image","twitter_misc":{"Scritto da":"confagricolturabologna","Tempo di lettura stimato":"1 minuto"},"schema":{"@context":"https:\/\/schema.org","@graph":[{"@type":"Article","@id":"https:\/\/www.confagricoltura.org\/bologna\/denuncia-infortuni-assistenza-e-tutela-degli-infortunati\/#article","isPartOf":{"@id":"https:\/\/www.confagricoltura.org\/bologna\/denuncia-infortuni-assistenza-e-tutela-degli-infortunati\/"},"author":{"name":"confagricolturabologna","@id":"https:\/\/www.confagricoltura.org\/bologna\/#\/schema\/person\/277baa2a725fb840103c5f8898746c7f"},"headline":"DENUNCIA INFORTUNI, ASSISTENZA E TUTELA DEGLI INFORTUNATI.","datePublished":"2016-11-30T15:41:00+00:00","dateModified":"2021-03-11T12:26:01+00:00","mainEntityOfPage":{"@id":"https:\/\/www.confagricoltura.org\/bologna\/denuncia-infortuni-assistenza-e-tutela-degli-infortunati\/"},"wordCount":212,"commentCount":0,"articleSection":["Archivio"],"inLanguage":"it-IT"},{"@type":"WebPage","@id":"https:\/\/www.confagricoltura.org\/bologna\/denuncia-infortuni-assistenza-e-tutela-degli-infortunati\/","url":"https:\/\/www.confagricoltura.org\/bologna\/denuncia-infortuni-assistenza-e-tutela-degli-infortunati\/","name":"DENUNCIA INFORTUNI, ASSISTENZA E TUTELA DEGLI INFORTUNATI. - Confagricoltura Bologna","isPartOf":{"@id":"https:\/\/www.confagricoltura.org\/bologna\/#website"},"datePublished":"2016-11-30T15:41:00+00:00","dateModified":"2021-03-11T12:26:01+00:00","author":{"@id":"https:\/\/www.confagricoltura.org\/bologna\/#\/schema\/person\/277baa2a725fb840103c5f8898746c7f"},"breadcrumb":{"@id":"https:\/\/www.confagricoltura.org\/bologna\/denuncia-infortuni-assistenza-e-tutela-degli-infortunati\/#breadcrumb"},"inLanguage":"it-IT","potentialAction":[{"@type":"ReadAction","target":["https:\/\/www.confagricoltura.org\/bologna\/denuncia-infortuni-assistenza-e-tutela-degli-infortunati\/"]}]},{"@type":"BreadcrumbList","@id":"https:\/\/www.confagricoltura.org\/bologna\/denuncia-infortuni-assistenza-e-tutela-degli-infortunati\/#breadcrumb","itemListElement":[{"@type":"ListItem","position":1,"name":"Home","item":"https:\/\/www.confagricoltura.org\/bologna\/"},{"@type":"ListItem","position":2,"name":"DENUNCIA INFORTUNI, ASSISTENZA E TUTELA DEGLI INFORTUNATI."}]},{"@type":"WebSite","@id":"https:\/\/www.confagricoltura.org\/bologna\/#website","url":"https:\/\/www.confagricoltura.org\/bologna\/","name":"Confagricoltura Bologna","description":"Dalla parte degli Agricoltori","potentialAction":[{"@type":"SearchAction","target":{"@type":"EntryPoint","urlTemplate":"https:\/\/www.confagricoltura.org\/bologna\/?s={search_term_string}"},"query-input":{"@type":"PropertyValueSpecification","valueRequired":true,"valueName":"search_term_string"}}],"inLanguage":"it-IT"},{"@type":"Person","@id":"https:\/\/www.confagricoltura.org\/bologna\/#\/schema\/person\/277baa2a725fb840103c5f8898746c7f","name":"confagricolturabologna","image":{"@type":"ImageObject","inLanguage":"it-IT","@id":"https:\/\/www.confagricoltura.org\/bologna\/#\/schema\/person\/image\/","url":"https:\/\/secure.gravatar.com\/avatar\/edd9a034f35ea6aeadaf9744d1135acc?s=96&d=mm&r=g","contentUrl":"https:\/\/secure.gravatar.com\/avatar\/edd9a034f35ea6aeadaf9744d1135acc?s=96&d=mm&r=g","caption":"confagricolturabologna"},"url":"https:\/\/www.confagricoltura.org\/bologna\/author\/confagricolturabologna\/"}]}},"_links":{"self":[{"href":"https:\/\/www.confagricoltura.org\/bologna\/wp-json\/wp\/v2\/posts\/3027","targetHints":{"allow":["GET"]}}],"collection":[{"href":"https:\/\/www.confagricoltura.org\/bologna\/wp-json\/wp\/v2\/posts"}],"about":[{"href":"https:\/\/www.confagricoltura.org\/bologna\/wp-json\/wp\/v2\/types\/post"}],"author":[{"embeddable":true,"href":"https:\/\/www.confagricoltura.org\/bologna\/wp-json\/wp\/v2\/users\/7"}],"replies":[{"embeddable":true,"href":"https:\/\/www.confagricoltura.org\/bologna\/wp-json\/wp\/v2\/comments?post=3027"}],"version-history":[{"count":1,"href":"https:\/\/www.confagricoltura.org\/bologna\/wp-json\/wp\/v2\/posts\/3027\/revisions"}],"predecessor-version":[{"id":4948,"href":"https:\/\/www.confagricoltura.org\/bologna\/wp-json\/wp\/v2\/posts\/3027\/revisions\/4948"}],"wp:attachment":[{"href":"https:\/\/www.confagricoltura.org\/bologna\/wp-json\/wp\/v2\/media?parent=3027"}],"wp:term":[{"taxonomy":"category","embeddable":true,"href":"https:\/\/www.confagricoltura.org\/bologna\/wp-json\/wp\/v2\/categories?post=3027"},{"taxonomy":"post_tag","embeddable":true,"href":"https:\/\/www.confagricoltura.org\/bologna\/wp-json\/wp\/v2\/tags?post=3027"}],"curies":[{"name":"wp","href":"https:\/\/api.w.org\/{rel}","templated":true}]}}