{"id":2984,"date":"2016-06-14T17:16:25","date_gmt":"2016-06-14T15:16:25","guid":{"rendered":"http:\/\/www.confagricoltura.org\/bologna\/?p=671"},"modified":"2021-03-11T13:26:34","modified_gmt":"2021-03-11T12:26:34","slug":"gli-stati-generali-del-frumento-filiera-unita-contrastare-crisi-volatilita-del-mercato","status":"publish","type":"post","link":"https:\/\/www.confagricoltura.org\/bologna\/gli-stati-generali-del-frumento-filiera-unita-contrastare-crisi-volatilita-del-mercato\/","title":{"rendered":"Gli Stati Generali del frumento: filiera unita per contrastare crisi e volatilit\u00e0 del mercato"},"content":{"rendered":"<p>Dopo l\u2019allarme sul prezzo del latte, \u00e8 la volta del grano italiano reduce da un\u2019annata di quotazioni in caduta libera: il tenero ha perso il 12% e il duro \u00e8 crollato a &#8211; 26%.<\/p>\n<p>Secondo il sondaggio on line condotto da Terra e Vita-Confagricoltura Bologna su un campione di 3.660 intervistati, divulgato oggi nel capoluogo emiliano in occasione degli Stati Generali del Frumento, la commercializzazione dei cereali non \u00e8 trasparente per il 60% e lo \u00e8 solo per il 4,8%. Dal quadro emerge tutta l\u2019insoddisfazione degli agricoltori nei confronti delle criticit\u00e0 del mercato e delle dinamiche che determinano la formazione dei prezzi. Quali sono, dunque, le aspettative dei cerealicoltori? Il 52,4% promuove i contratti di coltivazione tra industria e produttori, che sembrano definire una quotazione minima garantita indipendente dalla volatilit\u00e0 del mercato internazionale.<\/p>\n<p>\u00ab\u00c8 necessario fare chiarezza sui meccanismi che determinano il prezzo dei cereali &#8211; ha detto il presidente di Confagricoltura Emilia Romagna Gianni Tosi aprendo i lavori del convegno. Auspichiamo un maggiore impegno da parte di tutta la filiera \u2013 produttori, stoccatori e trasformatori \u2013 nell\u2019intento di promuovere sempre pi\u00f9 la differenziazione del prodotto, quale base per una conseguente valorizzazione economica dello stesso. Una differenziazione che sia in grado di premiare le differenti caratteristiche qualitative dei grani\u00bb.<\/p>\n<p>L\u2019Emilia Romagna rappresenta la culla dei cereali: il 30% della coltivazione di grano tenero in Italia, su terreni particolarmente vocati. Ed \u00e8 la prima regione del Nord per la produzione del duro. Vanta altres\u00ec un contesto del tutto eccezionale che vede al centro il primo grande polo industriale di trasformazione (cio\u00e8 la Barilla); il sistema cooperativo che guida la regia dello stoccaggio dei cereali e il principale porto di arrivo dei grani esteri (Ravenna), oltre alla storica Borsa Merci bolognese.<\/p>\n<p>Come andare verso una maggior trasparenza nella determinazione dei prezzi? \u00abCon un sistema di rilevazione dei prezzi attraverso contratti di coltivazione registrati on line, in una banca dati unica\u00bb sostiene il presidente nazionale di Confagricoltura, Mario Guidi, nell\u2019ambito della tavola rotonda. Come uscire dalla crisi? \u00abSiamo tutti responsabili all\u2019interno della filiera. Noi agricoltori dobbiamo coltivare solo le variet\u00e0 di grano richieste dal trasformatore. Si ritiene, inoltre, indispensabile una dichiarazione dell\u2019industria sul quantitativo di frumento annuo che intende acquistare in Italia. Alle Istituzioni \u2013 prosegue &#8211; spetta invece il compito di aiutare l\u2019agricoltore a produrre meglio, senza intralci burocratici insostenibili o norme troppo stringenti sull\u2019utilizzo dei fitofarmaci. Infine il grano non deve essere miscelato all\u2019interno dei centri di stoccaggi, ma ritirato in maniera separata perch\u00e9 cos\u00ec avviene in tutto il mondo. La Barilla? E\u2019 un bene per il Paese, per\u00f2 la nostra italianit\u00e0 dobbiamo saperla declinare in maniera intelligente\u00bb<\/p>\n<p>Emilio Ferrari della Barilla ha confermato la volont\u00e0 di \u201candare incontro alle richieste ed esigenze del consumatore (di gusto, sostenibilit\u00e0, rispetto dell\u2019ambiente e tracciabilit\u00e0). In pi\u00f9, c\u2019\u00e8 l\u2019impegno dell\u2019industria di Parma \u201ca promuovere con forza lo strumento degli accordi di filiera individuando meccanismi evoluti che consentano una maggior stabilit\u00e0 dei prezzi\u201d.<\/p>\n<p>Lugi Polizzi del Ministero delle Politiche Agricole ha sottolineato \u201cil lavoro che il dicastero sta svolgendo sulla trasparenza, attraverso la definizione di meccanismi di regolazione del mercato condivisi con tutti gli attori della filiera\u201d.<\/p>\n<p>\u00abAbbiamo creato \u2013 conclude Polizzi &#8211; una cabina di regia solo per il comparto del frumento. Sono gi\u00e0 stati stanziati 200 milioni di finanziamento agevolato e 100 milioni di finanziamento in conto capitale per incentivare gli accordi di filiera\u00bb.<\/p>\n<p>&nbsp;<\/p>\n<p><strong><em>Gli Stati Generali del Frumento <\/em><\/strong><em>sono stati <\/em><em>organizzati da<strong> Confagricoltura Bologna, <\/strong>in collaborazione con Terra e Vita-Edagricole, con il Patrocinio della <\/em><strong><em>Regione Emilia-Romagna<\/em><\/strong><em> e della <\/em><strong><em>Camera di Commercio Industria e Artigianato di Bologna<\/em><\/strong><em>. Sponsor Banca di Imola. <\/em><\/p>\n<p><em>\u00a0<\/em><\/p>\n","protected":false},"excerpt":{"rendered":"<p>Dopo l\u2019allarme sul prezzo del latte, \u00e8 la volta del grano italiano reduce da un\u2019annata di quotazioni in caduta libera: il tenero ha perso il 12% e il duro \u00e8 crollato a &#8211; 26%. Secondo il sondaggio on line condotto da Terra e Vita-Confagricoltura Bologna su un campione di 3.660 intervistati, divulgato oggi nel capoluogo<\/p>\n","protected":false},"author":7,"featured_media":672,"comment_status":"open","ping_status":"open","sticky":true,"template":"","format":"standard","meta":{"wp_mapbox_gl_js_media":[],"footnotes":""},"categories":[29],"tags":[],"class_list":["post-2984","post","type-post","status-publish","format-standard","has-post-thumbnail","hentry","category-archivio"],"yoast_head":"<!-- This site is optimized with the Yoast SEO plugin v26.8 - https:\/\/yoast.com\/product\/yoast-seo-wordpress\/ -->\n<title>Gli Stati Generali del frumento: filiera unita per contrastare crisi e volatilit\u00e0 del mercato - Confagricoltura Bologna<\/title>\n<meta name=\"robots\" content=\"index, follow, max-snippet:-1, max-image-preview:large, max-video-preview:-1\" \/>\n<link rel=\"canonical\" href=\"https:\/\/www.confagricoltura.org\/bologna\/gli-stati-generali-del-frumento-filiera-unita-contrastare-crisi-volatilita-del-mercato\/\" \/>\n<meta property=\"og:locale\" content=\"it_IT\" \/>\n<meta property=\"og:type\" content=\"article\" \/>\n<meta property=\"og:title\" content=\"Gli Stati Generali del frumento: filiera unita per contrastare crisi e volatilit\u00e0 del mercato - Confagricoltura Bologna\" \/>\n<meta property=\"og:description\" content=\"Dopo l\u2019allarme sul prezzo del latte, \u00e8 la volta del grano italiano reduce da un\u2019annata di quotazioni in caduta libera: il tenero ha perso il 12% e il duro \u00e8 crollato a &#8211; 26%. Secondo il sondaggio on line condotto da Terra e Vita-Confagricoltura Bologna su un campione di 3.660 intervistati, divulgato oggi nel capoluogo\" \/>\n<meta property=\"og:url\" content=\"https:\/\/www.confagricoltura.org\/bologna\/gli-stati-generali-del-frumento-filiera-unita-contrastare-crisi-volatilita-del-mercato\/\" \/>\n<meta property=\"og:site_name\" content=\"Confagricoltura Bologna\" \/>\n<meta property=\"article:published_time\" content=\"2016-06-14T15:16:25+00:00\" \/>\n<meta property=\"article:modified_time\" content=\"2021-03-11T12:26:34+00:00\" \/>\n<meta name=\"author\" content=\"confagricolturabologna\" \/>\n<meta name=\"twitter:card\" content=\"summary_large_image\" \/>\n<meta name=\"twitter:label1\" content=\"Scritto da\" \/>\n\t<meta name=\"twitter:data1\" content=\"confagricolturabologna\" \/>\n\t<meta name=\"twitter:label2\" content=\"Tempo di lettura stimato\" \/>\n\t<meta name=\"twitter:data2\" content=\"3 minuti\" \/>\n<script type=\"application\/ld+json\" class=\"yoast-schema-graph\">{\"@context\":\"https:\/\/schema.org\",\"@graph\":[{\"@type\":\"Article\",\"@id\":\"https:\/\/www.confagricoltura.org\/bologna\/gli-stati-generali-del-frumento-filiera-unita-contrastare-crisi-volatilita-del-mercato\/#article\",\"isPartOf\":{\"@id\":\"https:\/\/www.confagricoltura.org\/bologna\/gli-stati-generali-del-frumento-filiera-unita-contrastare-crisi-volatilita-del-mercato\/\"},\"author\":{\"name\":\"confagricolturabologna\",\"@id\":\"https:\/\/www.confagricoltura.org\/bologna\/#\/schema\/person\/277baa2a725fb840103c5f8898746c7f\"},\"headline\":\"Gli Stati Generali del frumento: filiera unita per contrastare crisi e volatilit\u00e0 del mercato\",\"datePublished\":\"2016-06-14T15:16:25+00:00\",\"dateModified\":\"2021-03-11T12:26:34+00:00\",\"mainEntityOfPage\":{\"@id\":\"https:\/\/www.confagricoltura.org\/bologna\/gli-stati-generali-del-frumento-filiera-unita-contrastare-crisi-volatilita-del-mercato\/\"},\"wordCount\":608,\"commentCount\":0,\"image\":{\"@id\":\"https:\/\/www.confagricoltura.org\/bologna\/gli-stati-generali-del-frumento-filiera-unita-contrastare-crisi-volatilita-del-mercato\/#primaryimage\"},\"thumbnailUrl\":\"\",\"articleSection\":[\"Archivio\"],\"inLanguage\":\"it-IT\"},{\"@type\":\"WebPage\",\"@id\":\"https:\/\/www.confagricoltura.org\/bologna\/gli-stati-generali-del-frumento-filiera-unita-contrastare-crisi-volatilita-del-mercato\/\",\"url\":\"https:\/\/www.confagricoltura.org\/bologna\/gli-stati-generali-del-frumento-filiera-unita-contrastare-crisi-volatilita-del-mercato\/\",\"name\":\"Gli Stati Generali del frumento: filiera unita per contrastare crisi e volatilit\u00e0 del mercato - Confagricoltura Bologna\",\"isPartOf\":{\"@id\":\"https:\/\/www.confagricoltura.org\/bologna\/#website\"},\"primaryImageOfPage\":{\"@id\":\"https:\/\/www.confagricoltura.org\/bologna\/gli-stati-generali-del-frumento-filiera-unita-contrastare-crisi-volatilita-del-mercato\/#primaryimage\"},\"image\":{\"@id\":\"https:\/\/www.confagricoltura.org\/bologna\/gli-stati-generali-del-frumento-filiera-unita-contrastare-crisi-volatilita-del-mercato\/#primaryimage\"},\"thumbnailUrl\":\"\",\"datePublished\":\"2016-06-14T15:16:25+00:00\",\"dateModified\":\"2021-03-11T12:26:34+00:00\",\"author\":{\"@id\":\"https:\/\/www.confagricoltura.org\/bologna\/#\/schema\/person\/277baa2a725fb840103c5f8898746c7f\"},\"breadcrumb\":{\"@id\":\"https:\/\/www.confagricoltura.org\/bologna\/gli-stati-generali-del-frumento-filiera-unita-contrastare-crisi-volatilita-del-mercato\/#breadcrumb\"},\"inLanguage\":\"it-IT\",\"potentialAction\":[{\"@type\":\"ReadAction\",\"target\":[\"https:\/\/www.confagricoltura.org\/bologna\/gli-stati-generali-del-frumento-filiera-unita-contrastare-crisi-volatilita-del-mercato\/\"]}]},{\"@type\":\"ImageObject\",\"inLanguage\":\"it-IT\",\"@id\":\"https:\/\/www.confagricoltura.org\/bologna\/gli-stati-generali-del-frumento-filiera-unita-contrastare-crisi-volatilita-del-mercato\/#primaryimage\",\"url\":\"\",\"contentUrl\":\"\"},{\"@type\":\"BreadcrumbList\",\"@id\":\"https:\/\/www.confagricoltura.org\/bologna\/gli-stati-generali-del-frumento-filiera-unita-contrastare-crisi-volatilita-del-mercato\/#breadcrumb\",\"itemListElement\":[{\"@type\":\"ListItem\",\"position\":1,\"name\":\"Home\",\"item\":\"https:\/\/www.confagricoltura.org\/bologna\/\"},{\"@type\":\"ListItem\",\"position\":2,\"name\":\"Gli Stati Generali del frumento: filiera unita per contrastare crisi e volatilit\u00e0 del mercato\"}]},{\"@type\":\"WebSite\",\"@id\":\"https:\/\/www.confagricoltura.org\/bologna\/#website\",\"url\":\"https:\/\/www.confagricoltura.org\/bologna\/\",\"name\":\"Confagricoltura Bologna\",\"description\":\"Dalla parte degli Agricoltori\",\"potentialAction\":[{\"@type\":\"SearchAction\",\"target\":{\"@type\":\"EntryPoint\",\"urlTemplate\":\"https:\/\/www.confagricoltura.org\/bologna\/?s={search_term_string}\"},\"query-input\":{\"@type\":\"PropertyValueSpecification\",\"valueRequired\":true,\"valueName\":\"search_term_string\"}}],\"inLanguage\":\"it-IT\"},{\"@type\":\"Person\",\"@id\":\"https:\/\/www.confagricoltura.org\/bologna\/#\/schema\/person\/277baa2a725fb840103c5f8898746c7f\",\"name\":\"confagricolturabologna\",\"image\":{\"@type\":\"ImageObject\",\"inLanguage\":\"it-IT\",\"@id\":\"https:\/\/www.confagricoltura.org\/bologna\/#\/schema\/person\/image\/\",\"url\":\"https:\/\/secure.gravatar.com\/avatar\/edd9a034f35ea6aeadaf9744d1135acc?s=96&d=mm&r=g\",\"contentUrl\":\"https:\/\/secure.gravatar.com\/avatar\/edd9a034f35ea6aeadaf9744d1135acc?s=96&d=mm&r=g\",\"caption\":\"confagricolturabologna\"},\"url\":\"https:\/\/www.confagricoltura.org\/bologna\/author\/confagricolturabologna\/\"}]}<\/script>\n<!-- \/ Yoast SEO plugin. -->","yoast_head_json":{"title":"Gli Stati Generali del frumento: filiera unita per contrastare crisi e volatilit\u00e0 del mercato - Confagricoltura Bologna","robots":{"index":"index","follow":"follow","max-snippet":"max-snippet:-1","max-image-preview":"max-image-preview:large","max-video-preview":"max-video-preview:-1"},"canonical":"https:\/\/www.confagricoltura.org\/bologna\/gli-stati-generali-del-frumento-filiera-unita-contrastare-crisi-volatilita-del-mercato\/","og_locale":"it_IT","og_type":"article","og_title":"Gli Stati Generali del frumento: filiera unita per contrastare crisi e volatilit\u00e0 del mercato - Confagricoltura Bologna","og_description":"Dopo l\u2019allarme sul prezzo del latte, \u00e8 la volta del grano italiano reduce da un\u2019annata di quotazioni in caduta libera: il tenero ha perso il 12% e il duro \u00e8 crollato a &#8211; 26%. Secondo il sondaggio on line condotto da Terra e Vita-Confagricoltura Bologna su un campione di 3.660 intervistati, divulgato oggi nel capoluogo","og_url":"https:\/\/www.confagricoltura.org\/bologna\/gli-stati-generali-del-frumento-filiera-unita-contrastare-crisi-volatilita-del-mercato\/","og_site_name":"Confagricoltura Bologna","article_published_time":"2016-06-14T15:16:25+00:00","article_modified_time":"2021-03-11T12:26:34+00:00","author":"confagricolturabologna","twitter_card":"summary_large_image","twitter_misc":{"Scritto da":"confagricolturabologna","Tempo di lettura stimato":"3 minuti"},"schema":{"@context":"https:\/\/schema.org","@graph":[{"@type":"Article","@id":"https:\/\/www.confagricoltura.org\/bologna\/gli-stati-generali-del-frumento-filiera-unita-contrastare-crisi-volatilita-del-mercato\/#article","isPartOf":{"@id":"https:\/\/www.confagricoltura.org\/bologna\/gli-stati-generali-del-frumento-filiera-unita-contrastare-crisi-volatilita-del-mercato\/"},"author":{"name":"confagricolturabologna","@id":"https:\/\/www.confagricoltura.org\/bologna\/#\/schema\/person\/277baa2a725fb840103c5f8898746c7f"},"headline":"Gli Stati Generali del frumento: filiera unita per contrastare crisi e volatilit\u00e0 del mercato","datePublished":"2016-06-14T15:16:25+00:00","dateModified":"2021-03-11T12:26:34+00:00","mainEntityOfPage":{"@id":"https:\/\/www.confagricoltura.org\/bologna\/gli-stati-generali-del-frumento-filiera-unita-contrastare-crisi-volatilita-del-mercato\/"},"wordCount":608,"commentCount":0,"image":{"@id":"https:\/\/www.confagricoltura.org\/bologna\/gli-stati-generali-del-frumento-filiera-unita-contrastare-crisi-volatilita-del-mercato\/#primaryimage"},"thumbnailUrl":"","articleSection":["Archivio"],"inLanguage":"it-IT"},{"@type":"WebPage","@id":"https:\/\/www.confagricoltura.org\/bologna\/gli-stati-generali-del-frumento-filiera-unita-contrastare-crisi-volatilita-del-mercato\/","url":"https:\/\/www.confagricoltura.org\/bologna\/gli-stati-generali-del-frumento-filiera-unita-contrastare-crisi-volatilita-del-mercato\/","name":"Gli Stati Generali del frumento: filiera unita per contrastare crisi e volatilit\u00e0 del mercato - Confagricoltura Bologna","isPartOf":{"@id":"https:\/\/www.confagricoltura.org\/bologna\/#website"},"primaryImageOfPage":{"@id":"https:\/\/www.confagricoltura.org\/bologna\/gli-stati-generali-del-frumento-filiera-unita-contrastare-crisi-volatilita-del-mercato\/#primaryimage"},"image":{"@id":"https:\/\/www.confagricoltura.org\/bologna\/gli-stati-generali-del-frumento-filiera-unita-contrastare-crisi-volatilita-del-mercato\/#primaryimage"},"thumbnailUrl":"","datePublished":"2016-06-14T15:16:25+00:00","dateModified":"2021-03-11T12:26:34+00:00","author":{"@id":"https:\/\/www.confagricoltura.org\/bologna\/#\/schema\/person\/277baa2a725fb840103c5f8898746c7f"},"breadcrumb":{"@id":"https:\/\/www.confagricoltura.org\/bologna\/gli-stati-generali-del-frumento-filiera-unita-contrastare-crisi-volatilita-del-mercato\/#breadcrumb"},"inLanguage":"it-IT","potentialAction":[{"@type":"ReadAction","target":["https:\/\/www.confagricoltura.org\/bologna\/gli-stati-generali-del-frumento-filiera-unita-contrastare-crisi-volatilita-del-mercato\/"]}]},{"@type":"ImageObject","inLanguage":"it-IT","@id":"https:\/\/www.confagricoltura.org\/bologna\/gli-stati-generali-del-frumento-filiera-unita-contrastare-crisi-volatilita-del-mercato\/#primaryimage","url":"","contentUrl":""},{"@type":"BreadcrumbList","@id":"https:\/\/www.confagricoltura.org\/bologna\/gli-stati-generali-del-frumento-filiera-unita-contrastare-crisi-volatilita-del-mercato\/#breadcrumb","itemListElement":[{"@type":"ListItem","position":1,"name":"Home","item":"https:\/\/www.confagricoltura.org\/bologna\/"},{"@type":"ListItem","position":2,"name":"Gli Stati Generali del frumento: filiera unita per contrastare crisi e volatilit\u00e0 del mercato"}]},{"@type":"WebSite","@id":"https:\/\/www.confagricoltura.org\/bologna\/#website","url":"https:\/\/www.confagricoltura.org\/bologna\/","name":"Confagricoltura Bologna","description":"Dalla parte degli Agricoltori","potentialAction":[{"@type":"SearchAction","target":{"@type":"EntryPoint","urlTemplate":"https:\/\/www.confagricoltura.org\/bologna\/?s={search_term_string}"},"query-input":{"@type":"PropertyValueSpecification","valueRequired":true,"valueName":"search_term_string"}}],"inLanguage":"it-IT"},{"@type":"Person","@id":"https:\/\/www.confagricoltura.org\/bologna\/#\/schema\/person\/277baa2a725fb840103c5f8898746c7f","name":"confagricolturabologna","image":{"@type":"ImageObject","inLanguage":"it-IT","@id":"https:\/\/www.confagricoltura.org\/bologna\/#\/schema\/person\/image\/","url":"https:\/\/secure.gravatar.com\/avatar\/edd9a034f35ea6aeadaf9744d1135acc?s=96&d=mm&r=g","contentUrl":"https:\/\/secure.gravatar.com\/avatar\/edd9a034f35ea6aeadaf9744d1135acc?s=96&d=mm&r=g","caption":"confagricolturabologna"},"url":"https:\/\/www.confagricoltura.org\/bologna\/author\/confagricolturabologna\/"}]}},"_links":{"self":[{"href":"https:\/\/www.confagricoltura.org\/bologna\/wp-json\/wp\/v2\/posts\/2984","targetHints":{"allow":["GET"]}}],"collection":[{"href":"https:\/\/www.confagricoltura.org\/bologna\/wp-json\/wp\/v2\/posts"}],"about":[{"href":"https:\/\/www.confagricoltura.org\/bologna\/wp-json\/wp\/v2\/types\/post"}],"author":[{"embeddable":true,"href":"https:\/\/www.confagricoltura.org\/bologna\/wp-json\/wp\/v2\/users\/7"}],"replies":[{"embeddable":true,"href":"https:\/\/www.confagricoltura.org\/bologna\/wp-json\/wp\/v2\/comments?post=2984"}],"version-history":[{"count":1,"href":"https:\/\/www.confagricoltura.org\/bologna\/wp-json\/wp\/v2\/posts\/2984\/revisions"}],"predecessor-version":[{"id":5025,"href":"https:\/\/www.confagricoltura.org\/bologna\/wp-json\/wp\/v2\/posts\/2984\/revisions\/5025"}],"wp:featuredmedia":[{"embeddable":true,"href":"https:\/\/www.confagricoltura.org\/bologna\/wp-json\/"}],"wp:attachment":[{"href":"https:\/\/www.confagricoltura.org\/bologna\/wp-json\/wp\/v2\/media?parent=2984"}],"wp:term":[{"taxonomy":"category","embeddable":true,"href":"https:\/\/www.confagricoltura.org\/bologna\/wp-json\/wp\/v2\/categories?post=2984"},{"taxonomy":"post_tag","embeddable":true,"href":"https:\/\/www.confagricoltura.org\/bologna\/wp-json\/wp\/v2\/tags?post=2984"}],"curies":[{"name":"wp","href":"https:\/\/api.w.org\/{rel}","templated":true}]}}