{"id":2948,"date":"2019-07-26T13:22:34","date_gmt":"2019-07-26T11:22:34","guid":{"rendered":"http:\/\/www.confagricoltura.org\/bologna\/?p=2948"},"modified":"2021-03-11T13:24:57","modified_gmt":"2021-03-11T12:24:57","slug":"cambiamento-climatico-il-miglioramento-genetico-e-larma-giusta-per-contrastarne-gli-effetti","status":"publish","type":"post","link":"https:\/\/www.confagricoltura.org\/bologna\/cambiamento-climatico-il-miglioramento-genetico-e-larma-giusta-per-contrastarne-gli-effetti\/","title":{"rendered":"Cambiamento climatico: il miglioramento genetico \u00e8 l\u2019arma giusta per contrastarne gli effetti."},"content":{"rendered":"<p><img loading=\"lazy\" decoding=\"async\" class=\"size-full wp-image-2949 img-responsive aligncenter\" src=\"http:\/\/www.confagricoltura.org\/bologna\/wp-content\/uploads\/sites\/4\/2019\/07\/Scioglimento.jpg\" alt=\"\" width=\"959\" height=\"384\" \/><\/p>\n<p>&nbsp;<\/p>\n<div class=\"_2cuy _3dgx _2vxa\"><span class=\"_4yxo\">Miglioramento genetico, Confagricoltura Bologna sostiene l&#8217;iniziativa europea di raccolta firme per l&#8217;evoluzione genetica delle piante coltivate: \u00abEnormi potenzialit\u00e0 nel territorio bolognese per le colture viticole e cerealicole e pure per la bieticoltura\u00bb<\/span><\/div>\n<div class=\"_2cuy _3dgx _2vxa\">Anche Confagricoltura Bologna dice s\u00ec alla l&#8217;iniziativa europea di raccolta firme per l&#8217;evoluzione genetica delle piante coltivate. \u00abCi sono enormi potenzialit\u00e0 nel territorio bolognese che devono essere sfruttate a pieno, in particolare nella viticoltura, cerealicoltura e bieticoltura \u2013 fanno sapere i vertici dell\u2019organizzazione agricola \u2013 Il miglioramento genetico \u00e8 l\u2019arma giusta per contrastare gli effetti del cambiamento climatico, che mette sempre pi\u00f9 a rischio le produzioni della zona: esempio, l\u2019evoluzione genetica nel grano duro \u2013 la cui superficie coltivata in provincia si aggira sui 15mila ettari -, potrebbe contribuire alla scoperta di nuove variet\u00e0 resistenti alle malattie fungine che quest\u2019anno sono proliferate a causa delle intense piogge; nella barbabietola da zucchero aiuterebbe a ridurre il rischio di cercospora. Un valido aiuto lo si auspica anche per la vite, spesso indebolita da temperature troppo elevate e siccit\u00e0\u00bb.<\/div>\n<div class=\"_2cuy _3dgx _2vxa\">Confagricoltura Bologna si unisce quindi alla decisione della Giunta di Confagricoltura nazionale di aderire all\u2019iniziativa partecipativa di docenti e studenti della facolt\u00e0 di Scienze Biologiche dell\u2019Universit\u00e0 di Wageningen, in Olanda, per la raccolta di un milione di firme in tutta l\u2019Unione per chiedere la revisione della normativa europea in materia di OGM e per tenere conto dell\u2019evoluzione delle tecniche di selezione genetica.<\/div>\n<div class=\"_2cuy _3dgx _2vxa\">\u00abIn tutto il mondo \u2013 osserva Confagricoltura &#8211; la ricerca applicata alle variet\u00e0 vegetali sta sviluppando piante ad evoluzione assistita (senza introduzione di geni esterni nel DNA, come avviene per gli OGM) nelle quali il processo di evoluzione genica che avviene in natura \u00e8 semplicemente accelerato con la tecnica di <span class=\"_4yxp\">genome editing\u00bb.<\/span><\/div>\n<div class=\"_2cuy _3dgx _2vxa\">L\u2019universit\u00e0 olandese \u00e8 collegata al Farmers-Scientists Network (FSN) di cui anche Confagricoltura fa parte insieme alle Organizzazioni professionali di altri Paesi europei.<\/div>\n<div class=\"_2cuy _3dgx _2vxa\">\u00abC\u2019\u00e8 un movimento che parte dal mondo dello studio e della ricerca e che coinvolge i cittadini che &#8211; sottolinea la Giunta di Confagricoltura \u2013 vuole ottenere l\u2019aggiornamento della direttiva CE 2001\/18, relativa agli organismi geneticamente modificati e mettere in chiaro dal punto di vista giuridico ci\u00f2 che \u00e8 ormai ampiamente acquisito dal punto di vista scientifico. E cio\u00e8 che le pi\u00f9 recenti innovazioni tecniche nel campo della selezione vegetale (<span class=\"_4yxp\">genome editing<\/span>) portano a miglioramenti del corredo genetico delle piante simili a quanto pu\u00f2 essere ottenuto con metodi tradizionali o a quanto pu\u00f2 accadere casualmente in natura, ma con maggior precisione e rapidit\u00e0, quindi non ha senso vietarne l\u2019utilizzo come se si trattasse della transgenesi da cui si ottengono gli OGM\u00bb.<\/div>\n<div><\/div>\n<div><\/div>\n<div><\/div>\n<div><\/div>\n<div><img loading=\"lazy\" decoding=\"async\" class=\"wp-image-2950 img-responsive aligncenter\" src=\"http:\/\/www.confagricoltura.org\/bologna\/wp-content\/uploads\/sites\/4\/2019\/07\/deforestazione-afrique_lalibre_be.jpg\" alt=\"\" width=\"402\" height=\"268\" \/><\/div>\n<div>Daremo il nostro attivo contributo all\u2019iniziativa partecipativa avviando in tutta Italia dibattiti, approfondimenti scientifici e divulgativi, momenti di raccolta firme \u2013 conclude la Giunta di Confagricoltura -. Vogliamo si avvii una riflessione, in tutta Europa e nel nostro Paese, sulle nuove tecniche che possono dare la possibilit\u00e0 di selezionare variet\u00e0 vegetali geneticamente evolute, in tempi pi\u00f9 rapidi di quelli che richiede l\u2019evoluzione naturale; si tratta di tecniche sicure, che mantengono intatta l\u2019identit\u00e0 genetica \u2018tipica\u2019 della pianta e che sono quindi perfette per un\u2019agricoltura come la nostra che vuole conservare la tipicit\u00e0 delle produzioni vegetali ma anche proteggere in modo sostenibile la salute delle piante.<\/div>\n","protected":false},"excerpt":{"rendered":"<p>&nbsp; Miglioramento genetico, Confagricoltura Bologna sostiene l&#8217;iniziativa europea di raccolta firme per l&#8217;evoluzione genetica delle piante coltivate: \u00abEnormi potenzialit\u00e0 nel territorio bolognese per le colture viticole e cerealicole e pure per la bieticoltura\u00bb Anche Confagricoltura Bologna dice s\u00ec alla l&#8217;iniziativa europea di raccolta firme per l&#8217;evoluzione genetica delle piante coltivate. \u00abCi sono enormi potenzialit\u00e0 nel<\/p>\n","protected":false},"author":7,"featured_media":0,"comment_status":"open","ping_status":"open","sticky":false,"template":"","format":"standard","meta":{"wp_mapbox_gl_js_media":[],"footnotes":""},"categories":[29],"tags":[],"class_list":["post-2948","post","type-post","status-publish","format-standard","hentry","category-archivio"],"yoast_head":"<!-- This site is optimized with the Yoast SEO plugin v26.8 - https:\/\/yoast.com\/product\/yoast-seo-wordpress\/ -->\n<title>Cambiamento climatico: il miglioramento genetico \u00e8 l\u2019arma giusta per contrastarne gli effetti. - Confagricoltura Bologna<\/title>\n<meta name=\"robots\" content=\"index, follow, max-snippet:-1, max-image-preview:large, max-video-preview:-1\" \/>\n<link rel=\"canonical\" href=\"https:\/\/www.confagricoltura.org\/bologna\/cambiamento-climatico-il-miglioramento-genetico-e-larma-giusta-per-contrastarne-gli-effetti\/\" \/>\n<meta property=\"og:locale\" content=\"it_IT\" \/>\n<meta property=\"og:type\" content=\"article\" \/>\n<meta property=\"og:title\" content=\"Cambiamento climatico: il miglioramento genetico \u00e8 l\u2019arma giusta per contrastarne gli effetti. - Confagricoltura Bologna\" \/>\n<meta property=\"og:description\" content=\"&nbsp; Miglioramento genetico, Confagricoltura Bologna sostiene l&#8217;iniziativa europea di raccolta firme per l&#8217;evoluzione genetica delle piante coltivate: \u00abEnormi potenzialit\u00e0 nel territorio bolognese per le colture viticole e cerealicole e pure per la bieticoltura\u00bb Anche Confagricoltura Bologna dice s\u00ec alla l&#8217;iniziativa europea di raccolta firme per l&#8217;evoluzione genetica delle piante coltivate. \u00abCi sono enormi potenzialit\u00e0 nel\" \/>\n<meta property=\"og:url\" content=\"https:\/\/www.confagricoltura.org\/bologna\/cambiamento-climatico-il-miglioramento-genetico-e-larma-giusta-per-contrastarne-gli-effetti\/\" \/>\n<meta property=\"og:site_name\" content=\"Confagricoltura Bologna\" \/>\n<meta property=\"article:published_time\" content=\"2019-07-26T11:22:34+00:00\" \/>\n<meta property=\"article:modified_time\" content=\"2021-03-11T12:24:57+00:00\" \/>\n<meta property=\"og:image\" content=\"http:\/\/www.confagricoltura.org\/bologna\/wp-content\/uploads\/sites\/4\/2019\/07\/Scioglimento.jpg\" \/>\n<meta name=\"author\" content=\"confagricolturabologna\" \/>\n<meta name=\"twitter:card\" content=\"summary_large_image\" \/>\n<meta name=\"twitter:label1\" content=\"Scritto da\" \/>\n\t<meta name=\"twitter:data1\" content=\"confagricolturabologna\" \/>\n\t<meta name=\"twitter:label2\" content=\"Tempo di lettura stimato\" \/>\n\t<meta name=\"twitter:data2\" content=\"3 minuti\" \/>\n<script type=\"application\/ld+json\" class=\"yoast-schema-graph\">{\"@context\":\"https:\/\/schema.org\",\"@graph\":[{\"@type\":\"Article\",\"@id\":\"https:\/\/www.confagricoltura.org\/bologna\/cambiamento-climatico-il-miglioramento-genetico-e-larma-giusta-per-contrastarne-gli-effetti\/#article\",\"isPartOf\":{\"@id\":\"https:\/\/www.confagricoltura.org\/bologna\/cambiamento-climatico-il-miglioramento-genetico-e-larma-giusta-per-contrastarne-gli-effetti\/\"},\"author\":{\"name\":\"confagricolturabologna\",\"@id\":\"https:\/\/www.confagricoltura.org\/bologna\/#\/schema\/person\/277baa2a725fb840103c5f8898746c7f\"},\"headline\":\"Cambiamento climatico: il miglioramento genetico \u00e8 l\u2019arma giusta per contrastarne gli effetti.\",\"datePublished\":\"2019-07-26T11:22:34+00:00\",\"dateModified\":\"2021-03-11T12:24:57+00:00\",\"mainEntityOfPage\":{\"@id\":\"https:\/\/www.confagricoltura.org\/bologna\/cambiamento-climatico-il-miglioramento-genetico-e-larma-giusta-per-contrastarne-gli-effetti\/\"},\"wordCount\":550,\"commentCount\":0,\"image\":{\"@id\":\"https:\/\/www.confagricoltura.org\/bologna\/cambiamento-climatico-il-miglioramento-genetico-e-larma-giusta-per-contrastarne-gli-effetti\/#primaryimage\"},\"thumbnailUrl\":\"http:\/\/www.confagricoltura.org\/bologna\/wp-content\/uploads\/sites\/4\/2019\/07\/Scioglimento.jpg\",\"articleSection\":[\"Archivio\"],\"inLanguage\":\"it-IT\"},{\"@type\":\"WebPage\",\"@id\":\"https:\/\/www.confagricoltura.org\/bologna\/cambiamento-climatico-il-miglioramento-genetico-e-larma-giusta-per-contrastarne-gli-effetti\/\",\"url\":\"https:\/\/www.confagricoltura.org\/bologna\/cambiamento-climatico-il-miglioramento-genetico-e-larma-giusta-per-contrastarne-gli-effetti\/\",\"name\":\"Cambiamento climatico: il miglioramento genetico \u00e8 l\u2019arma giusta per contrastarne gli effetti. - Confagricoltura Bologna\",\"isPartOf\":{\"@id\":\"https:\/\/www.confagricoltura.org\/bologna\/#website\"},\"primaryImageOfPage\":{\"@id\":\"https:\/\/www.confagricoltura.org\/bologna\/cambiamento-climatico-il-miglioramento-genetico-e-larma-giusta-per-contrastarne-gli-effetti\/#primaryimage\"},\"image\":{\"@id\":\"https:\/\/www.confagricoltura.org\/bologna\/cambiamento-climatico-il-miglioramento-genetico-e-larma-giusta-per-contrastarne-gli-effetti\/#primaryimage\"},\"thumbnailUrl\":\"http:\/\/www.confagricoltura.org\/bologna\/wp-content\/uploads\/sites\/4\/2019\/07\/Scioglimento.jpg\",\"datePublished\":\"2019-07-26T11:22:34+00:00\",\"dateModified\":\"2021-03-11T12:24:57+00:00\",\"author\":{\"@id\":\"https:\/\/www.confagricoltura.org\/bologna\/#\/schema\/person\/277baa2a725fb840103c5f8898746c7f\"},\"breadcrumb\":{\"@id\":\"https:\/\/www.confagricoltura.org\/bologna\/cambiamento-climatico-il-miglioramento-genetico-e-larma-giusta-per-contrastarne-gli-effetti\/#breadcrumb\"},\"inLanguage\":\"it-IT\",\"potentialAction\":[{\"@type\":\"ReadAction\",\"target\":[\"https:\/\/www.confagricoltura.org\/bologna\/cambiamento-climatico-il-miglioramento-genetico-e-larma-giusta-per-contrastarne-gli-effetti\/\"]}]},{\"@type\":\"ImageObject\",\"inLanguage\":\"it-IT\",\"@id\":\"https:\/\/www.confagricoltura.org\/bologna\/cambiamento-climatico-il-miglioramento-genetico-e-larma-giusta-per-contrastarne-gli-effetti\/#primaryimage\",\"url\":\"http:\/\/www.confagricoltura.org\/bologna\/wp-content\/uploads\/sites\/4\/2019\/07\/Scioglimento.jpg\",\"contentUrl\":\"http:\/\/www.confagricoltura.org\/bologna\/wp-content\/uploads\/sites\/4\/2019\/07\/Scioglimento.jpg\"},{\"@type\":\"BreadcrumbList\",\"@id\":\"https:\/\/www.confagricoltura.org\/bologna\/cambiamento-climatico-il-miglioramento-genetico-e-larma-giusta-per-contrastarne-gli-effetti\/#breadcrumb\",\"itemListElement\":[{\"@type\":\"ListItem\",\"position\":1,\"name\":\"Home\",\"item\":\"https:\/\/www.confagricoltura.org\/bologna\/\"},{\"@type\":\"ListItem\",\"position\":2,\"name\":\"Cambiamento climatico: il miglioramento genetico \u00e8 l\u2019arma giusta per contrastarne gli effetti.\"}]},{\"@type\":\"WebSite\",\"@id\":\"https:\/\/www.confagricoltura.org\/bologna\/#website\",\"url\":\"https:\/\/www.confagricoltura.org\/bologna\/\",\"name\":\"Confagricoltura Bologna\",\"description\":\"Dalla parte degli Agricoltori\",\"potentialAction\":[{\"@type\":\"SearchAction\",\"target\":{\"@type\":\"EntryPoint\",\"urlTemplate\":\"https:\/\/www.confagricoltura.org\/bologna\/?s={search_term_string}\"},\"query-input\":{\"@type\":\"PropertyValueSpecification\",\"valueRequired\":true,\"valueName\":\"search_term_string\"}}],\"inLanguage\":\"it-IT\"},{\"@type\":\"Person\",\"@id\":\"https:\/\/www.confagricoltura.org\/bologna\/#\/schema\/person\/277baa2a725fb840103c5f8898746c7f\",\"name\":\"confagricolturabologna\",\"image\":{\"@type\":\"ImageObject\",\"inLanguage\":\"it-IT\",\"@id\":\"https:\/\/www.confagricoltura.org\/bologna\/#\/schema\/person\/image\/\",\"url\":\"https:\/\/secure.gravatar.com\/avatar\/edd9a034f35ea6aeadaf9744d1135acc?s=96&d=mm&r=g\",\"contentUrl\":\"https:\/\/secure.gravatar.com\/avatar\/edd9a034f35ea6aeadaf9744d1135acc?s=96&d=mm&r=g\",\"caption\":\"confagricolturabologna\"},\"url\":\"https:\/\/www.confagricoltura.org\/bologna\/author\/confagricolturabologna\/\"}]}<\/script>\n<!-- \/ Yoast SEO plugin. -->","yoast_head_json":{"title":"Cambiamento climatico: il miglioramento genetico \u00e8 l\u2019arma giusta per contrastarne gli effetti. - Confagricoltura Bologna","robots":{"index":"index","follow":"follow","max-snippet":"max-snippet:-1","max-image-preview":"max-image-preview:large","max-video-preview":"max-video-preview:-1"},"canonical":"https:\/\/www.confagricoltura.org\/bologna\/cambiamento-climatico-il-miglioramento-genetico-e-larma-giusta-per-contrastarne-gli-effetti\/","og_locale":"it_IT","og_type":"article","og_title":"Cambiamento climatico: il miglioramento genetico \u00e8 l\u2019arma giusta per contrastarne gli effetti. - Confagricoltura Bologna","og_description":"&nbsp; Miglioramento genetico, Confagricoltura Bologna sostiene l&#8217;iniziativa europea di raccolta firme per l&#8217;evoluzione genetica delle piante coltivate: \u00abEnormi potenzialit\u00e0 nel territorio bolognese per le colture viticole e cerealicole e pure per la bieticoltura\u00bb Anche Confagricoltura Bologna dice s\u00ec alla l&#8217;iniziativa europea di raccolta firme per l&#8217;evoluzione genetica delle piante coltivate. \u00abCi sono enormi potenzialit\u00e0 nel","og_url":"https:\/\/www.confagricoltura.org\/bologna\/cambiamento-climatico-il-miglioramento-genetico-e-larma-giusta-per-contrastarne-gli-effetti\/","og_site_name":"Confagricoltura Bologna","article_published_time":"2019-07-26T11:22:34+00:00","article_modified_time":"2021-03-11T12:24:57+00:00","og_image":[{"url":"http:\/\/www.confagricoltura.org\/bologna\/wp-content\/uploads\/sites\/4\/2019\/07\/Scioglimento.jpg","type":"","width":"","height":""}],"author":"confagricolturabologna","twitter_card":"summary_large_image","twitter_misc":{"Scritto da":"confagricolturabologna","Tempo di lettura stimato":"3 minuti"},"schema":{"@context":"https:\/\/schema.org","@graph":[{"@type":"Article","@id":"https:\/\/www.confagricoltura.org\/bologna\/cambiamento-climatico-il-miglioramento-genetico-e-larma-giusta-per-contrastarne-gli-effetti\/#article","isPartOf":{"@id":"https:\/\/www.confagricoltura.org\/bologna\/cambiamento-climatico-il-miglioramento-genetico-e-larma-giusta-per-contrastarne-gli-effetti\/"},"author":{"name":"confagricolturabologna","@id":"https:\/\/www.confagricoltura.org\/bologna\/#\/schema\/person\/277baa2a725fb840103c5f8898746c7f"},"headline":"Cambiamento climatico: il miglioramento genetico \u00e8 l\u2019arma giusta per contrastarne gli effetti.","datePublished":"2019-07-26T11:22:34+00:00","dateModified":"2021-03-11T12:24:57+00:00","mainEntityOfPage":{"@id":"https:\/\/www.confagricoltura.org\/bologna\/cambiamento-climatico-il-miglioramento-genetico-e-larma-giusta-per-contrastarne-gli-effetti\/"},"wordCount":550,"commentCount":0,"image":{"@id":"https:\/\/www.confagricoltura.org\/bologna\/cambiamento-climatico-il-miglioramento-genetico-e-larma-giusta-per-contrastarne-gli-effetti\/#primaryimage"},"thumbnailUrl":"http:\/\/www.confagricoltura.org\/bologna\/wp-content\/uploads\/sites\/4\/2019\/07\/Scioglimento.jpg","articleSection":["Archivio"],"inLanguage":"it-IT"},{"@type":"WebPage","@id":"https:\/\/www.confagricoltura.org\/bologna\/cambiamento-climatico-il-miglioramento-genetico-e-larma-giusta-per-contrastarne-gli-effetti\/","url":"https:\/\/www.confagricoltura.org\/bologna\/cambiamento-climatico-il-miglioramento-genetico-e-larma-giusta-per-contrastarne-gli-effetti\/","name":"Cambiamento climatico: il miglioramento genetico \u00e8 l\u2019arma giusta per contrastarne gli effetti. - Confagricoltura Bologna","isPartOf":{"@id":"https:\/\/www.confagricoltura.org\/bologna\/#website"},"primaryImageOfPage":{"@id":"https:\/\/www.confagricoltura.org\/bologna\/cambiamento-climatico-il-miglioramento-genetico-e-larma-giusta-per-contrastarne-gli-effetti\/#primaryimage"},"image":{"@id":"https:\/\/www.confagricoltura.org\/bologna\/cambiamento-climatico-il-miglioramento-genetico-e-larma-giusta-per-contrastarne-gli-effetti\/#primaryimage"},"thumbnailUrl":"http:\/\/www.confagricoltura.org\/bologna\/wp-content\/uploads\/sites\/4\/2019\/07\/Scioglimento.jpg","datePublished":"2019-07-26T11:22:34+00:00","dateModified":"2021-03-11T12:24:57+00:00","author":{"@id":"https:\/\/www.confagricoltura.org\/bologna\/#\/schema\/person\/277baa2a725fb840103c5f8898746c7f"},"breadcrumb":{"@id":"https:\/\/www.confagricoltura.org\/bologna\/cambiamento-climatico-il-miglioramento-genetico-e-larma-giusta-per-contrastarne-gli-effetti\/#breadcrumb"},"inLanguage":"it-IT","potentialAction":[{"@type":"ReadAction","target":["https:\/\/www.confagricoltura.org\/bologna\/cambiamento-climatico-il-miglioramento-genetico-e-larma-giusta-per-contrastarne-gli-effetti\/"]}]},{"@type":"ImageObject","inLanguage":"it-IT","@id":"https:\/\/www.confagricoltura.org\/bologna\/cambiamento-climatico-il-miglioramento-genetico-e-larma-giusta-per-contrastarne-gli-effetti\/#primaryimage","url":"http:\/\/www.confagricoltura.org\/bologna\/wp-content\/uploads\/sites\/4\/2019\/07\/Scioglimento.jpg","contentUrl":"http:\/\/www.confagricoltura.org\/bologna\/wp-content\/uploads\/sites\/4\/2019\/07\/Scioglimento.jpg"},{"@type":"BreadcrumbList","@id":"https:\/\/www.confagricoltura.org\/bologna\/cambiamento-climatico-il-miglioramento-genetico-e-larma-giusta-per-contrastarne-gli-effetti\/#breadcrumb","itemListElement":[{"@type":"ListItem","position":1,"name":"Home","item":"https:\/\/www.confagricoltura.org\/bologna\/"},{"@type":"ListItem","position":2,"name":"Cambiamento climatico: il miglioramento genetico \u00e8 l\u2019arma giusta per contrastarne gli effetti."}]},{"@type":"WebSite","@id":"https:\/\/www.confagricoltura.org\/bologna\/#website","url":"https:\/\/www.confagricoltura.org\/bologna\/","name":"Confagricoltura Bologna","description":"Dalla parte degli Agricoltori","potentialAction":[{"@type":"SearchAction","target":{"@type":"EntryPoint","urlTemplate":"https:\/\/www.confagricoltura.org\/bologna\/?s={search_term_string}"},"query-input":{"@type":"PropertyValueSpecification","valueRequired":true,"valueName":"search_term_string"}}],"inLanguage":"it-IT"},{"@type":"Person","@id":"https:\/\/www.confagricoltura.org\/bologna\/#\/schema\/person\/277baa2a725fb840103c5f8898746c7f","name":"confagricolturabologna","image":{"@type":"ImageObject","inLanguage":"it-IT","@id":"https:\/\/www.confagricoltura.org\/bologna\/#\/schema\/person\/image\/","url":"https:\/\/secure.gravatar.com\/avatar\/edd9a034f35ea6aeadaf9744d1135acc?s=96&d=mm&r=g","contentUrl":"https:\/\/secure.gravatar.com\/avatar\/edd9a034f35ea6aeadaf9744d1135acc?s=96&d=mm&r=g","caption":"confagricolturabologna"},"url":"https:\/\/www.confagricoltura.org\/bologna\/author\/confagricolturabologna\/"}]}},"_links":{"self":[{"href":"https:\/\/www.confagricoltura.org\/bologna\/wp-json\/wp\/v2\/posts\/2948","targetHints":{"allow":["GET"]}}],"collection":[{"href":"https:\/\/www.confagricoltura.org\/bologna\/wp-json\/wp\/v2\/posts"}],"about":[{"href":"https:\/\/www.confagricoltura.org\/bologna\/wp-json\/wp\/v2\/types\/post"}],"author":[{"embeddable":true,"href":"https:\/\/www.confagricoltura.org\/bologna\/wp-json\/wp\/v2\/users\/7"}],"replies":[{"embeddable":true,"href":"https:\/\/www.confagricoltura.org\/bologna\/wp-json\/wp\/v2\/comments?post=2948"}],"version-history":[{"count":1,"href":"https:\/\/www.confagricoltura.org\/bologna\/wp-json\/wp\/v2\/posts\/2948\/revisions"}],"predecessor-version":[{"id":4498,"href":"https:\/\/www.confagricoltura.org\/bologna\/wp-json\/wp\/v2\/posts\/2948\/revisions\/4498"}],"wp:attachment":[{"href":"https:\/\/www.confagricoltura.org\/bologna\/wp-json\/wp\/v2\/media?parent=2948"}],"wp:term":[{"taxonomy":"category","embeddable":true,"href":"https:\/\/www.confagricoltura.org\/bologna\/wp-json\/wp\/v2\/categories?post=2948"},{"taxonomy":"post_tag","embeddable":true,"href":"https:\/\/www.confagricoltura.org\/bologna\/wp-json\/wp\/v2\/tags?post=2948"}],"curies":[{"name":"wp","href":"https:\/\/api.w.org\/{rel}","templated":true}]}}