{"id":2885,"date":"2019-06-13T11:25:27","date_gmt":"2019-06-13T09:25:27","guid":{"rendered":"http:\/\/www.confagricoltura.org\/bologna\/?p=2885"},"modified":"2021-03-11T13:24:57","modified_gmt":"2021-03-11T12:24:57","slug":"agriturismo-tari-illegittima-lassimilazione-agli-alberghi","status":"publish","type":"post","link":"https:\/\/www.confagricoltura.org\/bologna\/agriturismo-tari-illegittima-lassimilazione-agli-alberghi\/","title":{"rendered":"Agriturismo: TARI illegittima l&#8217;assimilazione agli alberghi ."},"content":{"rendered":"<p><img loading=\"lazy\" decoding=\"async\" class=\"wp-image-2886 img-responsive aligncenter\" src=\"http:\/\/www.confagricoltura.org\/bologna\/wp-content\/uploads\/sites\/4\/2019\/06\/Agriturismo.jpg\" alt=\"\" width=\"320\" height=\"240\" \/><\/p>\n<p>&nbsp;<\/p>\n<p>L\u2019ufficio legale di Confagricoltura con recente comunicazione ha informato circa alcune pronunzie giurisprudenziali in ordine alla legittimit\u00e0 dell\u2019assimilazione delle strutture agrituristiche alle attivit\u00e0 di carattere alberghiero ai fini del computo dalla TARI (tassa sui rifiuti).<\/p>\n<p>Confagricoltura segnala, in particolare, due recenti pronunce, del <b><i>Cons. Stato, sez. V, sent. 19.02.2019 n. 1162 <\/i><\/b>e della <b><i>Cass. civ., sez. V, ord. 11.04.2019 n. 10156, <\/i><\/b>in relazione alla tassa sui rifiuti \u00abTARI\u00bb vigente dal 2014.<\/p>\n<p>Con la prima decisione il <b>Consiglio di Stato<\/b> torna sull\u2019annosa questione della equiparazione \u2013 ai fini della determinazione delle tariffe per la tassa sui rifiuti \u2013 tra gli alberghi e gli agriturismi.<\/p>\n<p>&nbsp;<\/p>\n<p>Il Collegio rileva che l\u2019anzidetta assimilazione, sovente adottata dai Comuni, implica una presunzione di equivalenza di condizione soggettiva tra albergo e agriturismo che non trova riscontro nel nostro ordinamento giuridico che, di contro, differenzia le due fattispecie tanto sotto il profilo dello statuto imprenditoriale e delle finalit\u00e0 dell\u2019attivit\u00e0 (artt. 1 e 2 della <i>Legge quadro sull&#8217;agriturismo 20 febbraio 2006, n. 96<\/i>), tanto sotto il profilo dell\u2019ordinamento del turismo.<\/p>\n<p>&nbsp;<\/p>\n<p>Secondo il Consiglio di Stato, l\u2019attivit\u00e0 agrituristica \u00e8 specificazione dell&#8217;attivit\u00e0 agricola e non attivit\u00e0 assimilabile a quella alberghiera, dalla quale lo dividono finalit\u00e0 e regime. Dunque, nella pur necessaria imposizione della tassa, producendo gli agriturismi propri <b>rifiuti di tipo urbano<\/b>, la specialit\u00e0 della tipologia agrituristica determina una necessaria differenziazione, tipologica e quantitativa, rispetto alle attivit\u00e0 commerciali &#8211; che sono di altro ordine e natura.<\/p>\n<p>Detto altrimenti, la differenziazione di condizione amministrativa e fiscale tra gli alberghi e gli agriturismi non pu\u00f2 che riflettersi nella commisurazione della capacit\u00e0 contributiva; di talch\u00e9, <b>\u00e8 illegittima l\u2019assimilazione <\/b>operata dalla delibera comunale impugnata nel giudizio in esame che avrebbe dovuto operare una classificazione autonoma (con apposite sottocategorie) proporzionata alla connotazione specifica dell&#8217;attivit\u00e0 agrituristica e all&#8217;effettiva capacit\u00e0 di produzione, per quantit\u00e0 e qualit\u00e0.<\/p>\n<p>Con la seconda pronuncia, la <b>Corte di Cassazione<\/b> muove dal presupposto della Tari individuato<i> ex art. 1 <\/i><i>comma 641 <\/i>di cui alla menzionata L. n. 147 del 2013<i> \u00ab<\/i>nel possesso o detenzione a qualsiasi titolo di locali o di aree scoperte, a qualsiasi uso adibiti, suscettibili di produrre rifiuti urbani<i>\u00bb <\/i>per affermare il principio &#8211; applicabile in termini generali &#8211; in virt\u00f9 del quale \u201c<b><i>sono tassabili tutti i locali, posseduti o detenuti, oggettivamente idonei all&#8217;uso anche se di fatto non utilizzati\u201d.<\/i><\/b><\/p>\n<p>&nbsp;<\/p>\n<p>Secondo la Cassazione, devono ritenersi esclusi dalla tassazione i locali e le aree oggettivamente inutilizzabili e non soltanto soggettivamente inutilizzati, permanendo in tale ultimo caso la possibilit\u00e0 di usufruire del servizio di raccolta, trasporto e smaltimento dei rifiuti urbani. La condizione di &#8220;obiettiva&#8221; impossibilit\u00e0 di utilizzo dell&#8217;immobile, prosegue la Corte, non pu\u00f2 essere individuata nella mancata utilizzazione dello stesso legata alla volont\u00e0 o alle esigenze del tutto soggettive dell&#8217;utente e neppure al mancato utilizzo di fatto del locale o dell&#8217;area, non coincidendo tanto le prime che il secondo con l&#8217;obiettiva non utilizzabilit\u00e0 dell&#8217;immobile; in sostanza, la tassa sui rifiuti \u00e8 dovuta ove sussista la obiettiva possibilit\u00e0 di usufruire del servizio, a prescindere dalla sua fruizione.<\/p>\n<p>(M. Mazzanti)<\/p>\n<p>&nbsp;<\/p>\n<p>&nbsp;<\/p>\n<p>&nbsp;<\/p>\n<p>&nbsp;<\/p>\n<p>&nbsp;<\/p>\n<p>&nbsp;<\/p>\n<p>&nbsp;<\/p>\n<p>&nbsp;<\/p>\n<p>&nbsp;<\/p>\n","protected":false},"excerpt":{"rendered":"<p>&nbsp; L\u2019ufficio legale di Confagricoltura con recente comunicazione ha informato circa alcune pronunzie giurisprudenziali in ordine alla legittimit\u00e0 dell\u2019assimilazione delle strutture agrituristiche alle attivit\u00e0 di carattere alberghiero ai fini del computo dalla TARI (tassa sui rifiuti). Confagricoltura segnala, in particolare, due recenti pronunce, del Cons. Stato, sez. V, sent. 19.02.2019 n. 1162 e della Cass.<\/p>\n","protected":false},"author":7,"featured_media":0,"comment_status":"open","ping_status":"open","sticky":false,"template":"","format":"standard","meta":{"wp_mapbox_gl_js_media":[],"footnotes":""},"categories":[29],"tags":[],"class_list":["post-2885","post","type-post","status-publish","format-standard","hentry","category-archivio"],"yoast_head":"<!-- This site is optimized with the Yoast SEO plugin v26.8 - https:\/\/yoast.com\/product\/yoast-seo-wordpress\/ -->\n<title>Agriturismo: TARI illegittima l&#039;assimilazione agli alberghi . - Confagricoltura Bologna<\/title>\n<meta name=\"robots\" content=\"index, follow, max-snippet:-1, max-image-preview:large, max-video-preview:-1\" \/>\n<link rel=\"canonical\" href=\"https:\/\/www.confagricoltura.org\/bologna\/agriturismo-tari-illegittima-lassimilazione-agli-alberghi\/\" \/>\n<meta property=\"og:locale\" content=\"it_IT\" \/>\n<meta property=\"og:type\" content=\"article\" \/>\n<meta property=\"og:title\" content=\"Agriturismo: TARI illegittima l&#039;assimilazione agli alberghi . - Confagricoltura Bologna\" \/>\n<meta property=\"og:description\" content=\"&nbsp; L\u2019ufficio legale di Confagricoltura con recente comunicazione ha informato circa alcune pronunzie giurisprudenziali in ordine alla legittimit\u00e0 dell\u2019assimilazione delle strutture agrituristiche alle attivit\u00e0 di carattere alberghiero ai fini del computo dalla TARI (tassa sui rifiuti). Confagricoltura segnala, in particolare, due recenti pronunce, del Cons. Stato, sez. V, sent. 19.02.2019 n. 1162 e della Cass.\" \/>\n<meta property=\"og:url\" content=\"https:\/\/www.confagricoltura.org\/bologna\/agriturismo-tari-illegittima-lassimilazione-agli-alberghi\/\" \/>\n<meta property=\"og:site_name\" content=\"Confagricoltura Bologna\" \/>\n<meta property=\"article:published_time\" content=\"2019-06-13T09:25:27+00:00\" \/>\n<meta property=\"article:modified_time\" content=\"2021-03-11T12:24:57+00:00\" \/>\n<meta property=\"og:image\" content=\"http:\/\/www.confagricoltura.org\/bologna\/wp-content\/uploads\/sites\/4\/2019\/06\/Agriturismo.jpg\" \/>\n<meta name=\"author\" content=\"confagricolturabologna\" \/>\n<meta name=\"twitter:card\" content=\"summary_large_image\" \/>\n<meta name=\"twitter:label1\" content=\"Scritto da\" \/>\n\t<meta name=\"twitter:data1\" content=\"confagricolturabologna\" \/>\n\t<meta name=\"twitter:label2\" content=\"Tempo di lettura stimato\" \/>\n\t<meta name=\"twitter:data2\" content=\"2 minuti\" \/>\n<script type=\"application\/ld+json\" class=\"yoast-schema-graph\">{\"@context\":\"https:\/\/schema.org\",\"@graph\":[{\"@type\":\"Article\",\"@id\":\"https:\/\/www.confagricoltura.org\/bologna\/agriturismo-tari-illegittima-lassimilazione-agli-alberghi\/#article\",\"isPartOf\":{\"@id\":\"https:\/\/www.confagricoltura.org\/bologna\/agriturismo-tari-illegittima-lassimilazione-agli-alberghi\/\"},\"author\":{\"name\":\"confagricolturabologna\",\"@id\":\"https:\/\/www.confagricoltura.org\/bologna\/#\/schema\/person\/277baa2a725fb840103c5f8898746c7f\"},\"headline\":\"Agriturismo: TARI illegittima l&#8217;assimilazione agli alberghi .\",\"datePublished\":\"2019-06-13T09:25:27+00:00\",\"dateModified\":\"2021-03-11T12:24:57+00:00\",\"mainEntityOfPage\":{\"@id\":\"https:\/\/www.confagricoltura.org\/bologna\/agriturismo-tari-illegittima-lassimilazione-agli-alberghi\/\"},\"wordCount\":515,\"commentCount\":0,\"image\":{\"@id\":\"https:\/\/www.confagricoltura.org\/bologna\/agriturismo-tari-illegittima-lassimilazione-agli-alberghi\/#primaryimage\"},\"thumbnailUrl\":\"http:\/\/www.confagricoltura.org\/bologna\/wp-content\/uploads\/sites\/4\/2019\/06\/Agriturismo.jpg\",\"articleSection\":[\"Archivio\"],\"inLanguage\":\"it-IT\"},{\"@type\":\"WebPage\",\"@id\":\"https:\/\/www.confagricoltura.org\/bologna\/agriturismo-tari-illegittima-lassimilazione-agli-alberghi\/\",\"url\":\"https:\/\/www.confagricoltura.org\/bologna\/agriturismo-tari-illegittima-lassimilazione-agli-alberghi\/\",\"name\":\"Agriturismo: TARI illegittima l'assimilazione agli alberghi . - Confagricoltura Bologna\",\"isPartOf\":{\"@id\":\"https:\/\/www.confagricoltura.org\/bologna\/#website\"},\"primaryImageOfPage\":{\"@id\":\"https:\/\/www.confagricoltura.org\/bologna\/agriturismo-tari-illegittima-lassimilazione-agli-alberghi\/#primaryimage\"},\"image\":{\"@id\":\"https:\/\/www.confagricoltura.org\/bologna\/agriturismo-tari-illegittima-lassimilazione-agli-alberghi\/#primaryimage\"},\"thumbnailUrl\":\"http:\/\/www.confagricoltura.org\/bologna\/wp-content\/uploads\/sites\/4\/2019\/06\/Agriturismo.jpg\",\"datePublished\":\"2019-06-13T09:25:27+00:00\",\"dateModified\":\"2021-03-11T12:24:57+00:00\",\"author\":{\"@id\":\"https:\/\/www.confagricoltura.org\/bologna\/#\/schema\/person\/277baa2a725fb840103c5f8898746c7f\"},\"breadcrumb\":{\"@id\":\"https:\/\/www.confagricoltura.org\/bologna\/agriturismo-tari-illegittima-lassimilazione-agli-alberghi\/#breadcrumb\"},\"inLanguage\":\"it-IT\",\"potentialAction\":[{\"@type\":\"ReadAction\",\"target\":[\"https:\/\/www.confagricoltura.org\/bologna\/agriturismo-tari-illegittima-lassimilazione-agli-alberghi\/\"]}]},{\"@type\":\"ImageObject\",\"inLanguage\":\"it-IT\",\"@id\":\"https:\/\/www.confagricoltura.org\/bologna\/agriturismo-tari-illegittima-lassimilazione-agli-alberghi\/#primaryimage\",\"url\":\"http:\/\/www.confagricoltura.org\/bologna\/wp-content\/uploads\/sites\/4\/2019\/06\/Agriturismo.jpg\",\"contentUrl\":\"http:\/\/www.confagricoltura.org\/bologna\/wp-content\/uploads\/sites\/4\/2019\/06\/Agriturismo.jpg\"},{\"@type\":\"BreadcrumbList\",\"@id\":\"https:\/\/www.confagricoltura.org\/bologna\/agriturismo-tari-illegittima-lassimilazione-agli-alberghi\/#breadcrumb\",\"itemListElement\":[{\"@type\":\"ListItem\",\"position\":1,\"name\":\"Home\",\"item\":\"https:\/\/www.confagricoltura.org\/bologna\/\"},{\"@type\":\"ListItem\",\"position\":2,\"name\":\"Agriturismo: TARI illegittima l&#8217;assimilazione agli alberghi .\"}]},{\"@type\":\"WebSite\",\"@id\":\"https:\/\/www.confagricoltura.org\/bologna\/#website\",\"url\":\"https:\/\/www.confagricoltura.org\/bologna\/\",\"name\":\"Confagricoltura Bologna\",\"description\":\"Dalla parte degli Agricoltori\",\"potentialAction\":[{\"@type\":\"SearchAction\",\"target\":{\"@type\":\"EntryPoint\",\"urlTemplate\":\"https:\/\/www.confagricoltura.org\/bologna\/?s={search_term_string}\"},\"query-input\":{\"@type\":\"PropertyValueSpecification\",\"valueRequired\":true,\"valueName\":\"search_term_string\"}}],\"inLanguage\":\"it-IT\"},{\"@type\":\"Person\",\"@id\":\"https:\/\/www.confagricoltura.org\/bologna\/#\/schema\/person\/277baa2a725fb840103c5f8898746c7f\",\"name\":\"confagricolturabologna\",\"image\":{\"@type\":\"ImageObject\",\"inLanguage\":\"it-IT\",\"@id\":\"https:\/\/www.confagricoltura.org\/bologna\/#\/schema\/person\/image\/\",\"url\":\"https:\/\/secure.gravatar.com\/avatar\/edd9a034f35ea6aeadaf9744d1135acc?s=96&d=mm&r=g\",\"contentUrl\":\"https:\/\/secure.gravatar.com\/avatar\/edd9a034f35ea6aeadaf9744d1135acc?s=96&d=mm&r=g\",\"caption\":\"confagricolturabologna\"},\"url\":\"https:\/\/www.confagricoltura.org\/bologna\/author\/confagricolturabologna\/\"}]}<\/script>\n<!-- \/ Yoast SEO plugin. -->","yoast_head_json":{"title":"Agriturismo: TARI illegittima l'assimilazione agli alberghi . - Confagricoltura Bologna","robots":{"index":"index","follow":"follow","max-snippet":"max-snippet:-1","max-image-preview":"max-image-preview:large","max-video-preview":"max-video-preview:-1"},"canonical":"https:\/\/www.confagricoltura.org\/bologna\/agriturismo-tari-illegittima-lassimilazione-agli-alberghi\/","og_locale":"it_IT","og_type":"article","og_title":"Agriturismo: TARI illegittima l'assimilazione agli alberghi . - Confagricoltura Bologna","og_description":"&nbsp; L\u2019ufficio legale di Confagricoltura con recente comunicazione ha informato circa alcune pronunzie giurisprudenziali in ordine alla legittimit\u00e0 dell\u2019assimilazione delle strutture agrituristiche alle attivit\u00e0 di carattere alberghiero ai fini del computo dalla TARI (tassa sui rifiuti). Confagricoltura segnala, in particolare, due recenti pronunce, del Cons. Stato, sez. V, sent. 19.02.2019 n. 1162 e della Cass.","og_url":"https:\/\/www.confagricoltura.org\/bologna\/agriturismo-tari-illegittima-lassimilazione-agli-alberghi\/","og_site_name":"Confagricoltura Bologna","article_published_time":"2019-06-13T09:25:27+00:00","article_modified_time":"2021-03-11T12:24:57+00:00","og_image":[{"url":"http:\/\/www.confagricoltura.org\/bologna\/wp-content\/uploads\/sites\/4\/2019\/06\/Agriturismo.jpg","type":"","width":"","height":""}],"author":"confagricolturabologna","twitter_card":"summary_large_image","twitter_misc":{"Scritto da":"confagricolturabologna","Tempo di lettura stimato":"2 minuti"},"schema":{"@context":"https:\/\/schema.org","@graph":[{"@type":"Article","@id":"https:\/\/www.confagricoltura.org\/bologna\/agriturismo-tari-illegittima-lassimilazione-agli-alberghi\/#article","isPartOf":{"@id":"https:\/\/www.confagricoltura.org\/bologna\/agriturismo-tari-illegittima-lassimilazione-agli-alberghi\/"},"author":{"name":"confagricolturabologna","@id":"https:\/\/www.confagricoltura.org\/bologna\/#\/schema\/person\/277baa2a725fb840103c5f8898746c7f"},"headline":"Agriturismo: TARI illegittima l&#8217;assimilazione agli alberghi .","datePublished":"2019-06-13T09:25:27+00:00","dateModified":"2021-03-11T12:24:57+00:00","mainEntityOfPage":{"@id":"https:\/\/www.confagricoltura.org\/bologna\/agriturismo-tari-illegittima-lassimilazione-agli-alberghi\/"},"wordCount":515,"commentCount":0,"image":{"@id":"https:\/\/www.confagricoltura.org\/bologna\/agriturismo-tari-illegittima-lassimilazione-agli-alberghi\/#primaryimage"},"thumbnailUrl":"http:\/\/www.confagricoltura.org\/bologna\/wp-content\/uploads\/sites\/4\/2019\/06\/Agriturismo.jpg","articleSection":["Archivio"],"inLanguage":"it-IT"},{"@type":"WebPage","@id":"https:\/\/www.confagricoltura.org\/bologna\/agriturismo-tari-illegittima-lassimilazione-agli-alberghi\/","url":"https:\/\/www.confagricoltura.org\/bologna\/agriturismo-tari-illegittima-lassimilazione-agli-alberghi\/","name":"Agriturismo: TARI illegittima l'assimilazione agli alberghi . - Confagricoltura Bologna","isPartOf":{"@id":"https:\/\/www.confagricoltura.org\/bologna\/#website"},"primaryImageOfPage":{"@id":"https:\/\/www.confagricoltura.org\/bologna\/agriturismo-tari-illegittima-lassimilazione-agli-alberghi\/#primaryimage"},"image":{"@id":"https:\/\/www.confagricoltura.org\/bologna\/agriturismo-tari-illegittima-lassimilazione-agli-alberghi\/#primaryimage"},"thumbnailUrl":"http:\/\/www.confagricoltura.org\/bologna\/wp-content\/uploads\/sites\/4\/2019\/06\/Agriturismo.jpg","datePublished":"2019-06-13T09:25:27+00:00","dateModified":"2021-03-11T12:24:57+00:00","author":{"@id":"https:\/\/www.confagricoltura.org\/bologna\/#\/schema\/person\/277baa2a725fb840103c5f8898746c7f"},"breadcrumb":{"@id":"https:\/\/www.confagricoltura.org\/bologna\/agriturismo-tari-illegittima-lassimilazione-agli-alberghi\/#breadcrumb"},"inLanguage":"it-IT","potentialAction":[{"@type":"ReadAction","target":["https:\/\/www.confagricoltura.org\/bologna\/agriturismo-tari-illegittima-lassimilazione-agli-alberghi\/"]}]},{"@type":"ImageObject","inLanguage":"it-IT","@id":"https:\/\/www.confagricoltura.org\/bologna\/agriturismo-tari-illegittima-lassimilazione-agli-alberghi\/#primaryimage","url":"http:\/\/www.confagricoltura.org\/bologna\/wp-content\/uploads\/sites\/4\/2019\/06\/Agriturismo.jpg","contentUrl":"http:\/\/www.confagricoltura.org\/bologna\/wp-content\/uploads\/sites\/4\/2019\/06\/Agriturismo.jpg"},{"@type":"BreadcrumbList","@id":"https:\/\/www.confagricoltura.org\/bologna\/agriturismo-tari-illegittima-lassimilazione-agli-alberghi\/#breadcrumb","itemListElement":[{"@type":"ListItem","position":1,"name":"Home","item":"https:\/\/www.confagricoltura.org\/bologna\/"},{"@type":"ListItem","position":2,"name":"Agriturismo: TARI illegittima l&#8217;assimilazione agli alberghi ."}]},{"@type":"WebSite","@id":"https:\/\/www.confagricoltura.org\/bologna\/#website","url":"https:\/\/www.confagricoltura.org\/bologna\/","name":"Confagricoltura Bologna","description":"Dalla parte degli Agricoltori","potentialAction":[{"@type":"SearchAction","target":{"@type":"EntryPoint","urlTemplate":"https:\/\/www.confagricoltura.org\/bologna\/?s={search_term_string}"},"query-input":{"@type":"PropertyValueSpecification","valueRequired":true,"valueName":"search_term_string"}}],"inLanguage":"it-IT"},{"@type":"Person","@id":"https:\/\/www.confagricoltura.org\/bologna\/#\/schema\/person\/277baa2a725fb840103c5f8898746c7f","name":"confagricolturabologna","image":{"@type":"ImageObject","inLanguage":"it-IT","@id":"https:\/\/www.confagricoltura.org\/bologna\/#\/schema\/person\/image\/","url":"https:\/\/secure.gravatar.com\/avatar\/edd9a034f35ea6aeadaf9744d1135acc?s=96&d=mm&r=g","contentUrl":"https:\/\/secure.gravatar.com\/avatar\/edd9a034f35ea6aeadaf9744d1135acc?s=96&d=mm&r=g","caption":"confagricolturabologna"},"url":"https:\/\/www.confagricoltura.org\/bologna\/author\/confagricolturabologna\/"}]}},"_links":{"self":[{"href":"https:\/\/www.confagricoltura.org\/bologna\/wp-json\/wp\/v2\/posts\/2885","targetHints":{"allow":["GET"]}}],"collection":[{"href":"https:\/\/www.confagricoltura.org\/bologna\/wp-json\/wp\/v2\/posts"}],"about":[{"href":"https:\/\/www.confagricoltura.org\/bologna\/wp-json\/wp\/v2\/types\/post"}],"author":[{"embeddable":true,"href":"https:\/\/www.confagricoltura.org\/bologna\/wp-json\/wp\/v2\/users\/7"}],"replies":[{"embeddable":true,"href":"https:\/\/www.confagricoltura.org\/bologna\/wp-json\/wp\/v2\/comments?post=2885"}],"version-history":[{"count":1,"href":"https:\/\/www.confagricoltura.org\/bologna\/wp-json\/wp\/v2\/posts\/2885\/revisions"}],"predecessor-version":[{"id":4516,"href":"https:\/\/www.confagricoltura.org\/bologna\/wp-json\/wp\/v2\/posts\/2885\/revisions\/4516"}],"wp:attachment":[{"href":"https:\/\/www.confagricoltura.org\/bologna\/wp-json\/wp\/v2\/media?parent=2885"}],"wp:term":[{"taxonomy":"category","embeddable":true,"href":"https:\/\/www.confagricoltura.org\/bologna\/wp-json\/wp\/v2\/categories?post=2885"},{"taxonomy":"post_tag","embeddable":true,"href":"https:\/\/www.confagricoltura.org\/bologna\/wp-json\/wp\/v2\/tags?post=2885"}],"curies":[{"name":"wp","href":"https:\/\/api.w.org\/{rel}","templated":true}]}}