{"id":2820,"date":"2019-04-30T18:41:02","date_gmt":"2019-04-30T16:41:02","guid":{"rendered":"http:\/\/www.confagricoltura.org\/bologna\/?p=2820"},"modified":"2021-03-11T13:11:00","modified_gmt":"2021-03-11T12:11:00","slug":"misura-di-ristrutturazione-e-riconversione-dei-vigneti-per-la-campagna-2019-2020","status":"publish","type":"post","link":"https:\/\/www.confagricoltura.org\/bologna\/misura-di-ristrutturazione-e-riconversione-dei-vigneti-per-la-campagna-2019-2020\/","title":{"rendered":"Misura di ristrutturazione e riconversione dei vigneti per la campagna 2019\/2020."},"content":{"rendered":"<p>Per quanti interessati ricordiamo che sono aperti i termini per la presentazione della Misura di ristrutturazione e riconversione dei vigneti.<\/p>\n<p>Possono beneficiare gli imprenditori agricoli singoli e associati, conduttori di superfici vitate o detentori di autorizzazioni al reimpianto.<\/p>\n<p><b>\u00a0<\/b><\/p>\n<p>La superficie minima richiesta \u00e8 pari a 0,3 ettari; tale limite pu\u00f2 essere raggiunto anche sommando le superfici relative a pi\u00f9 interventi.<\/p>\n<p>Sono ammesse a sostegno le seguenti operazioni.<\/p>\n<p>&nbsp;<\/p>\n<p><img loading=\"lazy\" decoding=\"async\" class=\"wp-image-2821 img-responsive aligncenter\" src=\"http:\/\/www.confagricoltura.org\/bologna\/wp-content\/uploads\/sites\/4\/2019\/04\/Vigneto-bis.jpg\" alt=\"\" width=\"327\" height=\"218\" \/><\/p>\n<p>&nbsp;<\/p>\n<p><b>Riconversione varietale <\/b><\/p>\n<p>Reimpianto con o senza modifica del sistema di allevamento di una variet\u00e0 di vite ritenuta di maggiore pregio.<\/p>\n<p>Sovrainnesto su impianti in buono stato vegetativo e sanitario di et\u00e0 inferiore ai 20 anni in buono stato vegetativo e sanitario.<\/p>\n<p>&nbsp;<\/p>\n<p><b>Ristrutturazione<\/b><\/p>\n<p>Diversa collocazione di un vigneto.<\/p>\n<p>Reimpianto con modifica del sesto d\u2019impianto o forma di allevamento.<\/p>\n<p>&nbsp;<\/p>\n<p><b>Reimpianto in seguito ad estirpazione obbligatoria su decisione dell\u2019autorit\u00e0 competente.<\/b><\/p>\n<p><b>Miglioramento delle tecniche di gestione.<\/b><\/p>\n<p>*\u00a0razionalizzazione del sistema di allevamento di un vigneto esistente;<\/p>\n<p>*\u00a0realizzazione di un nuovo impianto di irrigazione o sostituzione di un impianto esistente con altro pi\u00f9 efficiente.<\/p>\n<p>Sono ammissibili a contributo solo le spese sostenute in data successiva alla protocollazione della domanda e non oltre il termine stabilito per la realizzazione degli interventi.<\/p>\n<p>Le fatture elettroniche relative agli interventi oggetto del finanziamento dovranno riportare nella causale la dicitura <b><i>REG. (UE) N. 1308\/2013 \u2013 RISTRUTTURAZIONE VIGNETI, CAMPAGNA 2019\/2020.<\/i><\/b><\/p>\n<p>Inoltre le fatture di acquisto delle barbatelle dovranno riportare se il materiale vivaistico \u00e8 certificato o di categoria standard.<\/p>\n<p><b>\u00a0<\/b><\/p>\n<p><b>Contributi\u00a0<\/b><\/p>\n<p>Il sostegno alla ristrutturazione e alla riconversione dei vigneti \u00e8 erogato nelle forme seguenti:<\/p>\n<p>a) compensazione dei produttori per le <b>perdite di reddito<\/b> pari a 2000,00 \u20ac\/HA nel caso di reimpianto e 1000,00 \u20ac\/HA in caso di sovrainnesto<\/p>\n<p>b) contributo ai <b>costi di ristrutturazione e di riconversione<\/b> differenziato secondo quanto previsto in ciascun intervento.<\/p>\n<p>\u00c8 riconosciuta un contributo ad ettaro 900,00 \u20ac quale sostegno per i costi di estirpazione, smaltimento, palificazione e di rimozione, raccolta e trasporto di ceppi, radici e altri residui vegetali.<\/p>\n<p>Tale spesa \u00e8 riconosciuta solo per i vigneti realizzati a seguito di estirpazioni effettuate ai fini dell\u2019attuazione della Misura di ristrutturazione e riconversione e purch\u00e9 l&#8217;estirpazione sia effettuata dopo la presentazione della domanda di aiuto. Per l\u2019estirpazione di vigneti realizzati con forma di allevamento ad alberello \u00e8 riconosciuta, analogamente quale sostegno per i costi di estirpazione, un&#8217;ulteriore spesa massima pari a euro 1.200,00 ed un contributo ad ettaro massimo di euro 600,00. Il contributo \u00e8 erogato secondo i livelli di sostegno indicati nella tabella di cui alla Delibera ed in relazione alla spesa ammessa.<\/p>\n<p>Il contributo concesso non pu\u00f2 in ogni caso superare il 50% della spesa ammessa per la realizzazione delle opere. Le spese relative ai lavori in economia possono essere riconosciute fino al 50% dei costi ammissibili.<\/p>\n<p>Le domande devono essere presentate in via telematica <b>entro le ore 13 del 31 maggio 2019<\/b>.<\/p>\n<p><b>Varianti<\/b> relative a:<\/p>\n<ul>\n<li>cambio ubicazioni vigneto<\/li>\n<li>modifica della variet\u00e0 da impiantare<\/li>\n<li>modifica forma di allevamento<\/li>\n<\/ul>\n<p>devono essere presentate almeno 60 giorni prima della fine lavori. Il servizio competente per il territorio comunica entro 30gg dalla ricezione l\u2019ammissibilit\u00e0 o il rigetto della richiesta. Le modifiche non comportano in ogni caso un aumento del contributo.<\/p>\n<p>Gli uffici sono a disposizione per qualunque chiarimento.<\/p>\n<p>(A. Caprara)<\/p>\n<p>&nbsp;<\/p>\n<p>&nbsp;<\/p>\n","protected":false},"excerpt":{"rendered":"<p>Per quanti interessati ricordiamo che sono aperti i termini per la presentazione della Misura di ristrutturazione e riconversione dei vigneti. Possono beneficiare gli imprenditori agricoli singoli e associati, conduttori di superfici vitate o detentori di autorizzazioni al reimpianto. \u00a0 La superficie minima richiesta \u00e8 pari a 0,3 ettari; tale limite pu\u00f2 essere raggiunto anche sommando<\/p>\n","protected":false},"author":7,"featured_media":0,"comment_status":"open","ping_status":"open","sticky":false,"template":"","format":"standard","meta":{"wp_mapbox_gl_js_media":[],"footnotes":""},"categories":[29],"tags":[],"class_list":["post-2820","post","type-post","status-publish","format-standard","hentry","category-archivio"],"yoast_head":"<!-- This site is optimized with the Yoast SEO plugin v26.8 - https:\/\/yoast.com\/product\/yoast-seo-wordpress\/ -->\n<title>Misura di ristrutturazione e riconversione dei vigneti per la campagna 2019\/2020. - Confagricoltura Bologna<\/title>\n<meta name=\"robots\" content=\"index, follow, max-snippet:-1, max-image-preview:large, max-video-preview:-1\" \/>\n<link rel=\"canonical\" href=\"https:\/\/www.confagricoltura.org\/bologna\/misura-di-ristrutturazione-e-riconversione-dei-vigneti-per-la-campagna-2019-2020\/\" \/>\n<meta property=\"og:locale\" content=\"it_IT\" \/>\n<meta property=\"og:type\" content=\"article\" \/>\n<meta property=\"og:title\" content=\"Misura di ristrutturazione e riconversione dei vigneti per la campagna 2019\/2020. - Confagricoltura Bologna\" \/>\n<meta property=\"og:description\" content=\"Per quanti interessati ricordiamo che sono aperti i termini per la presentazione della Misura di ristrutturazione e riconversione dei vigneti. Possono beneficiare gli imprenditori agricoli singoli e associati, conduttori di superfici vitate o detentori di autorizzazioni al reimpianto. \u00a0 La superficie minima richiesta \u00e8 pari a 0,3 ettari; tale limite pu\u00f2 essere raggiunto anche sommando\" \/>\n<meta property=\"og:url\" content=\"https:\/\/www.confagricoltura.org\/bologna\/misura-di-ristrutturazione-e-riconversione-dei-vigneti-per-la-campagna-2019-2020\/\" \/>\n<meta property=\"og:site_name\" content=\"Confagricoltura Bologna\" \/>\n<meta property=\"article:published_time\" content=\"2019-04-30T16:41:02+00:00\" \/>\n<meta property=\"article:modified_time\" content=\"2021-03-11T12:11:00+00:00\" \/>\n<meta property=\"og:image\" content=\"http:\/\/www.confagricoltura.org\/bologna\/wp-content\/uploads\/sites\/4\/2019\/04\/Vigneto-bis.jpg\" \/>\n<meta name=\"author\" content=\"confagricolturabologna\" \/>\n<meta name=\"twitter:card\" content=\"summary_large_image\" \/>\n<meta name=\"twitter:label1\" content=\"Scritto da\" \/>\n\t<meta name=\"twitter:data1\" content=\"confagricolturabologna\" \/>\n\t<meta name=\"twitter:label2\" content=\"Tempo di lettura stimato\" \/>\n\t<meta name=\"twitter:data2\" content=\"3 minuti\" \/>\n<script type=\"application\/ld+json\" class=\"yoast-schema-graph\">{\"@context\":\"https:\/\/schema.org\",\"@graph\":[{\"@type\":\"Article\",\"@id\":\"https:\/\/www.confagricoltura.org\/bologna\/misura-di-ristrutturazione-e-riconversione-dei-vigneti-per-la-campagna-2019-2020\/#article\",\"isPartOf\":{\"@id\":\"https:\/\/www.confagricoltura.org\/bologna\/misura-di-ristrutturazione-e-riconversione-dei-vigneti-per-la-campagna-2019-2020\/\"},\"author\":{\"name\":\"confagricolturabologna\",\"@id\":\"https:\/\/www.confagricoltura.org\/bologna\/#\/schema\/person\/277baa2a725fb840103c5f8898746c7f\"},\"headline\":\"Misura di ristrutturazione e riconversione dei vigneti per la campagna 2019\/2020.\",\"datePublished\":\"2019-04-30T16:41:02+00:00\",\"dateModified\":\"2021-03-11T12:11:00+00:00\",\"mainEntityOfPage\":{\"@id\":\"https:\/\/www.confagricoltura.org\/bologna\/misura-di-ristrutturazione-e-riconversione-dei-vigneti-per-la-campagna-2019-2020\/\"},\"wordCount\":526,\"commentCount\":0,\"image\":{\"@id\":\"https:\/\/www.confagricoltura.org\/bologna\/misura-di-ristrutturazione-e-riconversione-dei-vigneti-per-la-campagna-2019-2020\/#primaryimage\"},\"thumbnailUrl\":\"http:\/\/www.confagricoltura.org\/bologna\/wp-content\/uploads\/sites\/4\/2019\/04\/Vigneto-bis.jpg\",\"articleSection\":[\"Archivio\"],\"inLanguage\":\"it-IT\"},{\"@type\":\"WebPage\",\"@id\":\"https:\/\/www.confagricoltura.org\/bologna\/misura-di-ristrutturazione-e-riconversione-dei-vigneti-per-la-campagna-2019-2020\/\",\"url\":\"https:\/\/www.confagricoltura.org\/bologna\/misura-di-ristrutturazione-e-riconversione-dei-vigneti-per-la-campagna-2019-2020\/\",\"name\":\"Misura di ristrutturazione e riconversione dei vigneti per la campagna 2019\/2020. - Confagricoltura Bologna\",\"isPartOf\":{\"@id\":\"https:\/\/www.confagricoltura.org\/bologna\/#website\"},\"primaryImageOfPage\":{\"@id\":\"https:\/\/www.confagricoltura.org\/bologna\/misura-di-ristrutturazione-e-riconversione-dei-vigneti-per-la-campagna-2019-2020\/#primaryimage\"},\"image\":{\"@id\":\"https:\/\/www.confagricoltura.org\/bologna\/misura-di-ristrutturazione-e-riconversione-dei-vigneti-per-la-campagna-2019-2020\/#primaryimage\"},\"thumbnailUrl\":\"http:\/\/www.confagricoltura.org\/bologna\/wp-content\/uploads\/sites\/4\/2019\/04\/Vigneto-bis.jpg\",\"datePublished\":\"2019-04-30T16:41:02+00:00\",\"dateModified\":\"2021-03-11T12:11:00+00:00\",\"author\":{\"@id\":\"https:\/\/www.confagricoltura.org\/bologna\/#\/schema\/person\/277baa2a725fb840103c5f8898746c7f\"},\"breadcrumb\":{\"@id\":\"https:\/\/www.confagricoltura.org\/bologna\/misura-di-ristrutturazione-e-riconversione-dei-vigneti-per-la-campagna-2019-2020\/#breadcrumb\"},\"inLanguage\":\"it-IT\",\"potentialAction\":[{\"@type\":\"ReadAction\",\"target\":[\"https:\/\/www.confagricoltura.org\/bologna\/misura-di-ristrutturazione-e-riconversione-dei-vigneti-per-la-campagna-2019-2020\/\"]}]},{\"@type\":\"ImageObject\",\"inLanguage\":\"it-IT\",\"@id\":\"https:\/\/www.confagricoltura.org\/bologna\/misura-di-ristrutturazione-e-riconversione-dei-vigneti-per-la-campagna-2019-2020\/#primaryimage\",\"url\":\"http:\/\/www.confagricoltura.org\/bologna\/wp-content\/uploads\/sites\/4\/2019\/04\/Vigneto-bis.jpg\",\"contentUrl\":\"http:\/\/www.confagricoltura.org\/bologna\/wp-content\/uploads\/sites\/4\/2019\/04\/Vigneto-bis.jpg\"},{\"@type\":\"BreadcrumbList\",\"@id\":\"https:\/\/www.confagricoltura.org\/bologna\/misura-di-ristrutturazione-e-riconversione-dei-vigneti-per-la-campagna-2019-2020\/#breadcrumb\",\"itemListElement\":[{\"@type\":\"ListItem\",\"position\":1,\"name\":\"Home\",\"item\":\"https:\/\/www.confagricoltura.org\/bologna\/\"},{\"@type\":\"ListItem\",\"position\":2,\"name\":\"Misura di ristrutturazione e riconversione dei vigneti per la campagna 2019\/2020.\"}]},{\"@type\":\"WebSite\",\"@id\":\"https:\/\/www.confagricoltura.org\/bologna\/#website\",\"url\":\"https:\/\/www.confagricoltura.org\/bologna\/\",\"name\":\"Confagricoltura Bologna\",\"description\":\"Dalla parte degli Agricoltori\",\"potentialAction\":[{\"@type\":\"SearchAction\",\"target\":{\"@type\":\"EntryPoint\",\"urlTemplate\":\"https:\/\/www.confagricoltura.org\/bologna\/?s={search_term_string}\"},\"query-input\":{\"@type\":\"PropertyValueSpecification\",\"valueRequired\":true,\"valueName\":\"search_term_string\"}}],\"inLanguage\":\"it-IT\"},{\"@type\":\"Person\",\"@id\":\"https:\/\/www.confagricoltura.org\/bologna\/#\/schema\/person\/277baa2a725fb840103c5f8898746c7f\",\"name\":\"confagricolturabologna\",\"image\":{\"@type\":\"ImageObject\",\"inLanguage\":\"it-IT\",\"@id\":\"https:\/\/www.confagricoltura.org\/bologna\/#\/schema\/person\/image\/\",\"url\":\"https:\/\/secure.gravatar.com\/avatar\/edd9a034f35ea6aeadaf9744d1135acc?s=96&d=mm&r=g\",\"contentUrl\":\"https:\/\/secure.gravatar.com\/avatar\/edd9a034f35ea6aeadaf9744d1135acc?s=96&d=mm&r=g\",\"caption\":\"confagricolturabologna\"},\"url\":\"https:\/\/www.confagricoltura.org\/bologna\/author\/confagricolturabologna\/\"}]}<\/script>\n<!-- \/ Yoast SEO plugin. -->","yoast_head_json":{"title":"Misura di ristrutturazione e riconversione dei vigneti per la campagna 2019\/2020. - Confagricoltura Bologna","robots":{"index":"index","follow":"follow","max-snippet":"max-snippet:-1","max-image-preview":"max-image-preview:large","max-video-preview":"max-video-preview:-1"},"canonical":"https:\/\/www.confagricoltura.org\/bologna\/misura-di-ristrutturazione-e-riconversione-dei-vigneti-per-la-campagna-2019-2020\/","og_locale":"it_IT","og_type":"article","og_title":"Misura di ristrutturazione e riconversione dei vigneti per la campagna 2019\/2020. - Confagricoltura Bologna","og_description":"Per quanti interessati ricordiamo che sono aperti i termini per la presentazione della Misura di ristrutturazione e riconversione dei vigneti. Possono beneficiare gli imprenditori agricoli singoli e associati, conduttori di superfici vitate o detentori di autorizzazioni al reimpianto. \u00a0 La superficie minima richiesta \u00e8 pari a 0,3 ettari; tale limite pu\u00f2 essere raggiunto anche sommando","og_url":"https:\/\/www.confagricoltura.org\/bologna\/misura-di-ristrutturazione-e-riconversione-dei-vigneti-per-la-campagna-2019-2020\/","og_site_name":"Confagricoltura Bologna","article_published_time":"2019-04-30T16:41:02+00:00","article_modified_time":"2021-03-11T12:11:00+00:00","og_image":[{"url":"http:\/\/www.confagricoltura.org\/bologna\/wp-content\/uploads\/sites\/4\/2019\/04\/Vigneto-bis.jpg","type":"","width":"","height":""}],"author":"confagricolturabologna","twitter_card":"summary_large_image","twitter_misc":{"Scritto da":"confagricolturabologna","Tempo di lettura stimato":"3 minuti"},"schema":{"@context":"https:\/\/schema.org","@graph":[{"@type":"Article","@id":"https:\/\/www.confagricoltura.org\/bologna\/misura-di-ristrutturazione-e-riconversione-dei-vigneti-per-la-campagna-2019-2020\/#article","isPartOf":{"@id":"https:\/\/www.confagricoltura.org\/bologna\/misura-di-ristrutturazione-e-riconversione-dei-vigneti-per-la-campagna-2019-2020\/"},"author":{"name":"confagricolturabologna","@id":"https:\/\/www.confagricoltura.org\/bologna\/#\/schema\/person\/277baa2a725fb840103c5f8898746c7f"},"headline":"Misura di ristrutturazione e riconversione dei vigneti per la campagna 2019\/2020.","datePublished":"2019-04-30T16:41:02+00:00","dateModified":"2021-03-11T12:11:00+00:00","mainEntityOfPage":{"@id":"https:\/\/www.confagricoltura.org\/bologna\/misura-di-ristrutturazione-e-riconversione-dei-vigneti-per-la-campagna-2019-2020\/"},"wordCount":526,"commentCount":0,"image":{"@id":"https:\/\/www.confagricoltura.org\/bologna\/misura-di-ristrutturazione-e-riconversione-dei-vigneti-per-la-campagna-2019-2020\/#primaryimage"},"thumbnailUrl":"http:\/\/www.confagricoltura.org\/bologna\/wp-content\/uploads\/sites\/4\/2019\/04\/Vigneto-bis.jpg","articleSection":["Archivio"],"inLanguage":"it-IT"},{"@type":"WebPage","@id":"https:\/\/www.confagricoltura.org\/bologna\/misura-di-ristrutturazione-e-riconversione-dei-vigneti-per-la-campagna-2019-2020\/","url":"https:\/\/www.confagricoltura.org\/bologna\/misura-di-ristrutturazione-e-riconversione-dei-vigneti-per-la-campagna-2019-2020\/","name":"Misura di ristrutturazione e riconversione dei vigneti per la campagna 2019\/2020. - Confagricoltura Bologna","isPartOf":{"@id":"https:\/\/www.confagricoltura.org\/bologna\/#website"},"primaryImageOfPage":{"@id":"https:\/\/www.confagricoltura.org\/bologna\/misura-di-ristrutturazione-e-riconversione-dei-vigneti-per-la-campagna-2019-2020\/#primaryimage"},"image":{"@id":"https:\/\/www.confagricoltura.org\/bologna\/misura-di-ristrutturazione-e-riconversione-dei-vigneti-per-la-campagna-2019-2020\/#primaryimage"},"thumbnailUrl":"http:\/\/www.confagricoltura.org\/bologna\/wp-content\/uploads\/sites\/4\/2019\/04\/Vigneto-bis.jpg","datePublished":"2019-04-30T16:41:02+00:00","dateModified":"2021-03-11T12:11:00+00:00","author":{"@id":"https:\/\/www.confagricoltura.org\/bologna\/#\/schema\/person\/277baa2a725fb840103c5f8898746c7f"},"breadcrumb":{"@id":"https:\/\/www.confagricoltura.org\/bologna\/misura-di-ristrutturazione-e-riconversione-dei-vigneti-per-la-campagna-2019-2020\/#breadcrumb"},"inLanguage":"it-IT","potentialAction":[{"@type":"ReadAction","target":["https:\/\/www.confagricoltura.org\/bologna\/misura-di-ristrutturazione-e-riconversione-dei-vigneti-per-la-campagna-2019-2020\/"]}]},{"@type":"ImageObject","inLanguage":"it-IT","@id":"https:\/\/www.confagricoltura.org\/bologna\/misura-di-ristrutturazione-e-riconversione-dei-vigneti-per-la-campagna-2019-2020\/#primaryimage","url":"http:\/\/www.confagricoltura.org\/bologna\/wp-content\/uploads\/sites\/4\/2019\/04\/Vigneto-bis.jpg","contentUrl":"http:\/\/www.confagricoltura.org\/bologna\/wp-content\/uploads\/sites\/4\/2019\/04\/Vigneto-bis.jpg"},{"@type":"BreadcrumbList","@id":"https:\/\/www.confagricoltura.org\/bologna\/misura-di-ristrutturazione-e-riconversione-dei-vigneti-per-la-campagna-2019-2020\/#breadcrumb","itemListElement":[{"@type":"ListItem","position":1,"name":"Home","item":"https:\/\/www.confagricoltura.org\/bologna\/"},{"@type":"ListItem","position":2,"name":"Misura di ristrutturazione e riconversione dei vigneti per la campagna 2019\/2020."}]},{"@type":"WebSite","@id":"https:\/\/www.confagricoltura.org\/bologna\/#website","url":"https:\/\/www.confagricoltura.org\/bologna\/","name":"Confagricoltura Bologna","description":"Dalla parte degli Agricoltori","potentialAction":[{"@type":"SearchAction","target":{"@type":"EntryPoint","urlTemplate":"https:\/\/www.confagricoltura.org\/bologna\/?s={search_term_string}"},"query-input":{"@type":"PropertyValueSpecification","valueRequired":true,"valueName":"search_term_string"}}],"inLanguage":"it-IT"},{"@type":"Person","@id":"https:\/\/www.confagricoltura.org\/bologna\/#\/schema\/person\/277baa2a725fb840103c5f8898746c7f","name":"confagricolturabologna","image":{"@type":"ImageObject","inLanguage":"it-IT","@id":"https:\/\/www.confagricoltura.org\/bologna\/#\/schema\/person\/image\/","url":"https:\/\/secure.gravatar.com\/avatar\/edd9a034f35ea6aeadaf9744d1135acc?s=96&d=mm&r=g","contentUrl":"https:\/\/secure.gravatar.com\/avatar\/edd9a034f35ea6aeadaf9744d1135acc?s=96&d=mm&r=g","caption":"confagricolturabologna"},"url":"https:\/\/www.confagricoltura.org\/bologna\/author\/confagricolturabologna\/"}]}},"_links":{"self":[{"href":"https:\/\/www.confagricoltura.org\/bologna\/wp-json\/wp\/v2\/posts\/2820","targetHints":{"allow":["GET"]}}],"collection":[{"href":"https:\/\/www.confagricoltura.org\/bologna\/wp-json\/wp\/v2\/posts"}],"about":[{"href":"https:\/\/www.confagricoltura.org\/bologna\/wp-json\/wp\/v2\/types\/post"}],"author":[{"embeddable":true,"href":"https:\/\/www.confagricoltura.org\/bologna\/wp-json\/wp\/v2\/users\/7"}],"replies":[{"embeddable":true,"href":"https:\/\/www.confagricoltura.org\/bologna\/wp-json\/wp\/v2\/comments?post=2820"}],"version-history":[{"count":1,"href":"https:\/\/www.confagricoltura.org\/bologna\/wp-json\/wp\/v2\/posts\/2820\/revisions"}],"predecessor-version":[{"id":4535,"href":"https:\/\/www.confagricoltura.org\/bologna\/wp-json\/wp\/v2\/posts\/2820\/revisions\/4535"}],"wp:attachment":[{"href":"https:\/\/www.confagricoltura.org\/bologna\/wp-json\/wp\/v2\/media?parent=2820"}],"wp:term":[{"taxonomy":"category","embeddable":true,"href":"https:\/\/www.confagricoltura.org\/bologna\/wp-json\/wp\/v2\/categories?post=2820"},{"taxonomy":"post_tag","embeddable":true,"href":"https:\/\/www.confagricoltura.org\/bologna\/wp-json\/wp\/v2\/tags?post=2820"}],"curies":[{"name":"wp","href":"https:\/\/api.w.org\/{rel}","templated":true}]}}