{"id":2794,"date":"2019-04-16T16:43:25","date_gmt":"2019-04-16T14:43:25","guid":{"rendered":"http:\/\/www.confagricoltura.org\/bologna\/?p=2794"},"modified":"2021-03-11T13:11:00","modified_gmt":"2021-03-11T12:11:00","slug":"misura-13-indennita-a-favore-delle-zone-montane-e-delle-zone-soggette-a-vincoli-naturali-o-ad-altri-vincoli-specifici","status":"publish","type":"post","link":"https:\/\/www.confagricoltura.org\/bologna\/misura-13-indennita-a-favore-delle-zone-montane-e-delle-zone-soggette-a-vincoli-naturali-o-ad-altri-vincoli-specifici\/","title":{"rendered":"MISURA 13 Indennit\u00e0 a favore delle zone Montane e delle Zone soggette a vincoli naturali o ad altri vincoli specifici."},"content":{"rendered":"<p>E\u2019 stato approvato il bando 2019 per la <b>misura 13 operazione 13.1.01 <\/b>e <b>13.2.01 <\/b>a favore delle aree montane e svantaggiate.<\/p>\n<p>Beneficiano delle indennit\u00e0 gli <b>agricoltori in attivit\u00e0<\/b> ai sensi delle norme comunitarie e nazionali che conducono superfici agricole nelle zone montane e zone soggette a vincoli naturali significativi svolgendo su di esse attivit\u00e0 agricola.<\/p>\n<p><img loading=\"lazy\" decoding=\"async\" class=\" img-responsive wp-image-2795\" src=\"http:\/\/www.confagricoltura.org\/bologna\/wp-content\/uploads\/sites\/4\/2019\/04\/agea.jpg\" alt=\"\" width=\"273\" height=\"182\" \/><\/p>\n<p>&nbsp;<\/p>\n<p>I requisiti di accesso:<\/p>\n<ol>\n<li>essere agricoltore\/imprenditore agricolo \u201cattivo\u201d;<\/li>\n<li>condurre terreni agricoli in zone montane e zone soggette a vincoli naturali significativi, diversi dalle zone montane<\/li>\n<li>essere beneficiari, per ogni annualit\u00e0 di pagamento delle indennit\u00e0, di importi non inferiori a complessivi \u20ac<\/li>\n<\/ol>\n<p>I requisiti devono essere mantenuti per l\u2019intera durata del periodo di riferimento, corrispondente all\u2019anno 2019 (dal 1\/1\/2019 al 31\/12\/2019).<\/p>\n<p>Le particelle per le quali nel periodo di riferimento dell\u2019impegno non \u00e8 assicurato lo svolgimento dell\u2019attivit\u00e0 agricola non possono essere computate nel calcolo delle indennit\u00e0 dovute.<\/p>\n<p>Gli agricoltori che chiedono di riconoscere pagamenti per superfici \u201cpascolo con tara\u201d si impegnano a praticare con <b>animali propri l\u2019attivit\u00e0 minima di pascolamento<\/b> e a mantenere il rapporto UBA\/superficie.<\/p>\n<p>foraggera aziendale superiore o uguale a 0,2, ed il numero delle UBA allevate in azienda superiore o uguale a 2 (impegno riferito alla consistenza media nell\u2019anno di riferimento della domanda di pagamento).<\/p>\n<p>&nbsp;<\/p>\n<p>Il pagamento di indennit\u00e0 per superfici \u201cpascoli\u201d, per le quali gli agricoltori hanno indicato di aver effettuato pratiche colturali diverse dal pascolamento, \u00e8 condizionato all\u2019applicazione della comunicazione dell\u2019Area coordinamento di <b>AGEA<\/b>.<\/p>\n<p>&nbsp;<\/p>\n<p>Relativamente alle UBA si assume come base di calcolo la sola consistenza zootecnica risultante dalle banche dati ufficiali (BDN) nell\u2019anno di riferimento.<\/p>\n<p>Non sono computate per il pagamento delle indennit\u00e0 le particelle impegnate in ritiri dalla produzione in riferimento a Misure \u201cagro-climatico-ambientali\u201d e \u201cagroambientali\u201d del P.S.R. 2014-2020 e di precedenti Programmi di Sviluppo Rurale ed i terreni lasciati a riposo.<\/p>\n<p>Le particelle prato e\/o pascolo richieste a pagamento devono contenere l\u2019indicazione dell\u2019attivit\u00e0 minima, praticata attraverso il pascolo o lo sfalcio, qualora l\u2019attivit\u00e0 agricola consiste nell\u2019attivit\u00e0 di pascolamento saranno riconosciute ammissibili, purch\u00e9 effettivamente pascolate, solo alle aziende che gestiscono allevamenti censiti in BDN con la tipologia \u201call\u2019aperto o estensivo\u201d per le categorie di animali bovini, ovicaprini ed equini o equidi.<\/p>\n<p>Nei prati permanenti non pascolati, \u00e8 riconosciuta solo l\u2019attivit\u00e0 agricola di sfalcio con asportazione del prodotto, e non quella di trinciatura\/triturazione del cotico, con rilascio sul terreno dei residui; l\u2019attivit\u00e0 di sfalcio deve essere svolta nell\u2019anno di riferimento della richiesta di indennit\u00e0.<\/p>\n<p>Il pascolamento di terzi non \u00e8 riconosciuto ai fini del computo delle indennit\u00e0.<\/p>\n<p>I beneficiari di pagamenti sono tenuti a mantenere i terreni dichiarati in domanda condotti nel rispetto delle Buone pratiche agricole usuali e nel rispetto delle buone condizioni agronomiche ambientali ai sensi del Regolamento (UE) n. 1306\/2013.<\/p>\n<p>Fatti salvi i casi di subentro \u201ctotale\u201d di impegno e di trasferimento di conduzione per successione conseguente a decesso di beneficiari di indennit\u00e0 nell\u2019annualit\u00e0 2018 (vedi par. 3), <b>una particella che non \u00e8 condotta per l\u2019intero \u201cperiodo di riferimento per l\u2019impegno\u201d non pu\u00f2 essere computata nel pagamento<\/b> delle indennit\u00e0.<\/p>\n<p>L\u2019importo unitario delle indennit\u00e0, per ogni annualit\u00e0 e per ettaro di superficie agricola, \u00e8 pari a Euro 125 (per ettaro) per le zone montane e Euro 70 per le zone soggette a vincoli naturali.<\/p>\n<p>L\u2019importo del premio corrisposto avverr\u00e0 secondo i seguenti criteri:<\/p>\n<ul>\n<li>per aziende con superficie a premio inferiore o uguale a 20 ha, erogazione del 100% del sostegno\/ha di SAU previsto;<\/li>\n<li>per aziende con superficie a premio superiore a 20 ha e inferiore o uguale a 30 ha, il sostegno\/ha previsto \u00e8 ridotto del 20% per la superficie eleggibile a pagamento eccedente i 20 ha;<\/li>\n<li>per aziende con superficie a premio superiore a 30 ha il sostegno\/ha previsto, per la superficie eleggibile a pagamento eccedente i 20 ha e fino a 30 ha \u00e8 ridotto del 20% e per quella eccedente i 30 ha \u00e8 ridotto del 30%;<\/li>\n<li>il sostegno non \u00e8 erogato per superfici eccedenti i 50 ha.<\/li>\n<\/ul>\n<p>Le domande devono essere presentate in modalit\u00e0 elettronica <b>entro il 15 maggio 2019.<\/b><\/p>\n<p>(A. Caprara)<\/p>\n<p>&nbsp;<\/p>\n<p>&nbsp;<\/p>\n","protected":false},"excerpt":{"rendered":"<p>E\u2019 stato approvato il bando 2019 per la misura 13 operazione 13.1.01 e 13.2.01 a favore delle aree montane e svantaggiate. Beneficiano delle indennit\u00e0 gli agricoltori in attivit\u00e0 ai sensi delle norme comunitarie e nazionali che conducono superfici agricole nelle zone montane e zone soggette a vincoli naturali significativi svolgendo su di esse attivit\u00e0 agricola.<\/p>\n","protected":false},"author":7,"featured_media":0,"comment_status":"open","ping_status":"open","sticky":false,"template":"","format":"standard","meta":{"wp_mapbox_gl_js_media":[],"footnotes":""},"categories":[29],"tags":[],"class_list":["post-2794","post","type-post","status-publish","format-standard","hentry","category-archivio"],"yoast_head":"<!-- This site is optimized with the Yoast SEO plugin v26.8 - https:\/\/yoast.com\/product\/yoast-seo-wordpress\/ -->\n<title>MISURA 13 Indennit\u00e0 a favore delle zone Montane e delle Zone soggette a vincoli naturali o ad altri vincoli specifici. - Confagricoltura Bologna<\/title>\n<meta name=\"robots\" content=\"index, follow, max-snippet:-1, max-image-preview:large, max-video-preview:-1\" \/>\n<link rel=\"canonical\" href=\"https:\/\/www.confagricoltura.org\/bologna\/misura-13-indennita-a-favore-delle-zone-montane-e-delle-zone-soggette-a-vincoli-naturali-o-ad-altri-vincoli-specifici\/\" \/>\n<meta property=\"og:locale\" content=\"it_IT\" \/>\n<meta property=\"og:type\" content=\"article\" \/>\n<meta property=\"og:title\" content=\"MISURA 13 Indennit\u00e0 a favore delle zone Montane e delle Zone soggette a vincoli naturali o ad altri vincoli specifici. - Confagricoltura Bologna\" \/>\n<meta property=\"og:description\" content=\"E\u2019 stato approvato il bando 2019 per la misura 13 operazione 13.1.01 e 13.2.01 a favore delle aree montane e svantaggiate. Beneficiano delle indennit\u00e0 gli agricoltori in attivit\u00e0 ai sensi delle norme comunitarie e nazionali che conducono superfici agricole nelle zone montane e zone soggette a vincoli naturali significativi svolgendo su di esse attivit\u00e0 agricola.\" \/>\n<meta property=\"og:url\" content=\"https:\/\/www.confagricoltura.org\/bologna\/misura-13-indennita-a-favore-delle-zone-montane-e-delle-zone-soggette-a-vincoli-naturali-o-ad-altri-vincoli-specifici\/\" \/>\n<meta property=\"og:site_name\" content=\"Confagricoltura Bologna\" \/>\n<meta property=\"article:published_time\" content=\"2019-04-16T14:43:25+00:00\" \/>\n<meta property=\"article:modified_time\" content=\"2021-03-11T12:11:00+00:00\" \/>\n<meta property=\"og:image\" content=\"http:\/\/www.confagricoltura.org\/bologna\/wp-content\/uploads\/sites\/4\/2019\/04\/agea.jpg\" \/>\n<meta name=\"author\" content=\"confagricolturabologna\" \/>\n<meta name=\"twitter:card\" content=\"summary_large_image\" \/>\n<meta name=\"twitter:label1\" content=\"Scritto da\" \/>\n\t<meta name=\"twitter:data1\" content=\"confagricolturabologna\" \/>\n\t<meta name=\"twitter:label2\" content=\"Tempo di lettura stimato\" \/>\n\t<meta name=\"twitter:data2\" content=\"3 minuti\" \/>\n<script type=\"application\/ld+json\" class=\"yoast-schema-graph\">{\"@context\":\"https:\/\/schema.org\",\"@graph\":[{\"@type\":\"Article\",\"@id\":\"https:\/\/www.confagricoltura.org\/bologna\/misura-13-indennita-a-favore-delle-zone-montane-e-delle-zone-soggette-a-vincoli-naturali-o-ad-altri-vincoli-specifici\/#article\",\"isPartOf\":{\"@id\":\"https:\/\/www.confagricoltura.org\/bologna\/misura-13-indennita-a-favore-delle-zone-montane-e-delle-zone-soggette-a-vincoli-naturali-o-ad-altri-vincoli-specifici\/\"},\"author\":{\"name\":\"confagricolturabologna\",\"@id\":\"https:\/\/www.confagricoltura.org\/bologna\/#\/schema\/person\/277baa2a725fb840103c5f8898746c7f\"},\"headline\":\"MISURA 13 Indennit\u00e0 a favore delle zone Montane e delle Zone soggette a vincoli naturali o ad altri vincoli specifici.\",\"datePublished\":\"2019-04-16T14:43:25+00:00\",\"dateModified\":\"2021-03-11T12:11:00+00:00\",\"mainEntityOfPage\":{\"@id\":\"https:\/\/www.confagricoltura.org\/bologna\/misura-13-indennita-a-favore-delle-zone-montane-e-delle-zone-soggette-a-vincoli-naturali-o-ad-altri-vincoli-specifici\/\"},\"wordCount\":673,\"commentCount\":0,\"image\":{\"@id\":\"https:\/\/www.confagricoltura.org\/bologna\/misura-13-indennita-a-favore-delle-zone-montane-e-delle-zone-soggette-a-vincoli-naturali-o-ad-altri-vincoli-specifici\/#primaryimage\"},\"thumbnailUrl\":\"http:\/\/www.confagricoltura.org\/bologna\/wp-content\/uploads\/sites\/4\/2019\/04\/agea.jpg\",\"articleSection\":[\"Archivio\"],\"inLanguage\":\"it-IT\"},{\"@type\":\"WebPage\",\"@id\":\"https:\/\/www.confagricoltura.org\/bologna\/misura-13-indennita-a-favore-delle-zone-montane-e-delle-zone-soggette-a-vincoli-naturali-o-ad-altri-vincoli-specifici\/\",\"url\":\"https:\/\/www.confagricoltura.org\/bologna\/misura-13-indennita-a-favore-delle-zone-montane-e-delle-zone-soggette-a-vincoli-naturali-o-ad-altri-vincoli-specifici\/\",\"name\":\"MISURA 13 Indennit\u00e0 a favore delle zone Montane e delle Zone soggette a vincoli naturali o ad altri vincoli specifici. - Confagricoltura Bologna\",\"isPartOf\":{\"@id\":\"https:\/\/www.confagricoltura.org\/bologna\/#website\"},\"primaryImageOfPage\":{\"@id\":\"https:\/\/www.confagricoltura.org\/bologna\/misura-13-indennita-a-favore-delle-zone-montane-e-delle-zone-soggette-a-vincoli-naturali-o-ad-altri-vincoli-specifici\/#primaryimage\"},\"image\":{\"@id\":\"https:\/\/www.confagricoltura.org\/bologna\/misura-13-indennita-a-favore-delle-zone-montane-e-delle-zone-soggette-a-vincoli-naturali-o-ad-altri-vincoli-specifici\/#primaryimage\"},\"thumbnailUrl\":\"http:\/\/www.confagricoltura.org\/bologna\/wp-content\/uploads\/sites\/4\/2019\/04\/agea.jpg\",\"datePublished\":\"2019-04-16T14:43:25+00:00\",\"dateModified\":\"2021-03-11T12:11:00+00:00\",\"author\":{\"@id\":\"https:\/\/www.confagricoltura.org\/bologna\/#\/schema\/person\/277baa2a725fb840103c5f8898746c7f\"},\"breadcrumb\":{\"@id\":\"https:\/\/www.confagricoltura.org\/bologna\/misura-13-indennita-a-favore-delle-zone-montane-e-delle-zone-soggette-a-vincoli-naturali-o-ad-altri-vincoli-specifici\/#breadcrumb\"},\"inLanguage\":\"it-IT\",\"potentialAction\":[{\"@type\":\"ReadAction\",\"target\":[\"https:\/\/www.confagricoltura.org\/bologna\/misura-13-indennita-a-favore-delle-zone-montane-e-delle-zone-soggette-a-vincoli-naturali-o-ad-altri-vincoli-specifici\/\"]}]},{\"@type\":\"ImageObject\",\"inLanguage\":\"it-IT\",\"@id\":\"https:\/\/www.confagricoltura.org\/bologna\/misura-13-indennita-a-favore-delle-zone-montane-e-delle-zone-soggette-a-vincoli-naturali-o-ad-altri-vincoli-specifici\/#primaryimage\",\"url\":\"http:\/\/www.confagricoltura.org\/bologna\/wp-content\/uploads\/sites\/4\/2019\/04\/agea.jpg\",\"contentUrl\":\"http:\/\/www.confagricoltura.org\/bologna\/wp-content\/uploads\/sites\/4\/2019\/04\/agea.jpg\"},{\"@type\":\"BreadcrumbList\",\"@id\":\"https:\/\/www.confagricoltura.org\/bologna\/misura-13-indennita-a-favore-delle-zone-montane-e-delle-zone-soggette-a-vincoli-naturali-o-ad-altri-vincoli-specifici\/#breadcrumb\",\"itemListElement\":[{\"@type\":\"ListItem\",\"position\":1,\"name\":\"Home\",\"item\":\"https:\/\/www.confagricoltura.org\/bologna\/\"},{\"@type\":\"ListItem\",\"position\":2,\"name\":\"MISURA 13 Indennit\u00e0 a favore delle zone Montane e delle Zone soggette a vincoli naturali o ad altri vincoli specifici.\"}]},{\"@type\":\"WebSite\",\"@id\":\"https:\/\/www.confagricoltura.org\/bologna\/#website\",\"url\":\"https:\/\/www.confagricoltura.org\/bologna\/\",\"name\":\"Confagricoltura Bologna\",\"description\":\"Dalla parte degli Agricoltori\",\"potentialAction\":[{\"@type\":\"SearchAction\",\"target\":{\"@type\":\"EntryPoint\",\"urlTemplate\":\"https:\/\/www.confagricoltura.org\/bologna\/?s={search_term_string}\"},\"query-input\":{\"@type\":\"PropertyValueSpecification\",\"valueRequired\":true,\"valueName\":\"search_term_string\"}}],\"inLanguage\":\"it-IT\"},{\"@type\":\"Person\",\"@id\":\"https:\/\/www.confagricoltura.org\/bologna\/#\/schema\/person\/277baa2a725fb840103c5f8898746c7f\",\"name\":\"confagricolturabologna\",\"image\":{\"@type\":\"ImageObject\",\"inLanguage\":\"it-IT\",\"@id\":\"https:\/\/www.confagricoltura.org\/bologna\/#\/schema\/person\/image\/\",\"url\":\"https:\/\/secure.gravatar.com\/avatar\/edd9a034f35ea6aeadaf9744d1135acc?s=96&d=mm&r=g\",\"contentUrl\":\"https:\/\/secure.gravatar.com\/avatar\/edd9a034f35ea6aeadaf9744d1135acc?s=96&d=mm&r=g\",\"caption\":\"confagricolturabologna\"},\"url\":\"https:\/\/www.confagricoltura.org\/bologna\/author\/confagricolturabologna\/\"}]}<\/script>\n<!-- \/ Yoast SEO plugin. -->","yoast_head_json":{"title":"MISURA 13 Indennit\u00e0 a favore delle zone Montane e delle Zone soggette a vincoli naturali o ad altri vincoli specifici. - Confagricoltura Bologna","robots":{"index":"index","follow":"follow","max-snippet":"max-snippet:-1","max-image-preview":"max-image-preview:large","max-video-preview":"max-video-preview:-1"},"canonical":"https:\/\/www.confagricoltura.org\/bologna\/misura-13-indennita-a-favore-delle-zone-montane-e-delle-zone-soggette-a-vincoli-naturali-o-ad-altri-vincoli-specifici\/","og_locale":"it_IT","og_type":"article","og_title":"MISURA 13 Indennit\u00e0 a favore delle zone Montane e delle Zone soggette a vincoli naturali o ad altri vincoli specifici. - Confagricoltura Bologna","og_description":"E\u2019 stato approvato il bando 2019 per la misura 13 operazione 13.1.01 e 13.2.01 a favore delle aree montane e svantaggiate. Beneficiano delle indennit\u00e0 gli agricoltori in attivit\u00e0 ai sensi delle norme comunitarie e nazionali che conducono superfici agricole nelle zone montane e zone soggette a vincoli naturali significativi svolgendo su di esse attivit\u00e0 agricola.","og_url":"https:\/\/www.confagricoltura.org\/bologna\/misura-13-indennita-a-favore-delle-zone-montane-e-delle-zone-soggette-a-vincoli-naturali-o-ad-altri-vincoli-specifici\/","og_site_name":"Confagricoltura Bologna","article_published_time":"2019-04-16T14:43:25+00:00","article_modified_time":"2021-03-11T12:11:00+00:00","og_image":[{"url":"http:\/\/www.confagricoltura.org\/bologna\/wp-content\/uploads\/sites\/4\/2019\/04\/agea.jpg","type":"","width":"","height":""}],"author":"confagricolturabologna","twitter_card":"summary_large_image","twitter_misc":{"Scritto da":"confagricolturabologna","Tempo di lettura stimato":"3 minuti"},"schema":{"@context":"https:\/\/schema.org","@graph":[{"@type":"Article","@id":"https:\/\/www.confagricoltura.org\/bologna\/misura-13-indennita-a-favore-delle-zone-montane-e-delle-zone-soggette-a-vincoli-naturali-o-ad-altri-vincoli-specifici\/#article","isPartOf":{"@id":"https:\/\/www.confagricoltura.org\/bologna\/misura-13-indennita-a-favore-delle-zone-montane-e-delle-zone-soggette-a-vincoli-naturali-o-ad-altri-vincoli-specifici\/"},"author":{"name":"confagricolturabologna","@id":"https:\/\/www.confagricoltura.org\/bologna\/#\/schema\/person\/277baa2a725fb840103c5f8898746c7f"},"headline":"MISURA 13 Indennit\u00e0 a favore delle zone Montane e delle Zone soggette a vincoli naturali o ad altri vincoli specifici.","datePublished":"2019-04-16T14:43:25+00:00","dateModified":"2021-03-11T12:11:00+00:00","mainEntityOfPage":{"@id":"https:\/\/www.confagricoltura.org\/bologna\/misura-13-indennita-a-favore-delle-zone-montane-e-delle-zone-soggette-a-vincoli-naturali-o-ad-altri-vincoli-specifici\/"},"wordCount":673,"commentCount":0,"image":{"@id":"https:\/\/www.confagricoltura.org\/bologna\/misura-13-indennita-a-favore-delle-zone-montane-e-delle-zone-soggette-a-vincoli-naturali-o-ad-altri-vincoli-specifici\/#primaryimage"},"thumbnailUrl":"http:\/\/www.confagricoltura.org\/bologna\/wp-content\/uploads\/sites\/4\/2019\/04\/agea.jpg","articleSection":["Archivio"],"inLanguage":"it-IT"},{"@type":"WebPage","@id":"https:\/\/www.confagricoltura.org\/bologna\/misura-13-indennita-a-favore-delle-zone-montane-e-delle-zone-soggette-a-vincoli-naturali-o-ad-altri-vincoli-specifici\/","url":"https:\/\/www.confagricoltura.org\/bologna\/misura-13-indennita-a-favore-delle-zone-montane-e-delle-zone-soggette-a-vincoli-naturali-o-ad-altri-vincoli-specifici\/","name":"MISURA 13 Indennit\u00e0 a favore delle zone Montane e delle Zone soggette a vincoli naturali o ad altri vincoli specifici. - Confagricoltura Bologna","isPartOf":{"@id":"https:\/\/www.confagricoltura.org\/bologna\/#website"},"primaryImageOfPage":{"@id":"https:\/\/www.confagricoltura.org\/bologna\/misura-13-indennita-a-favore-delle-zone-montane-e-delle-zone-soggette-a-vincoli-naturali-o-ad-altri-vincoli-specifici\/#primaryimage"},"image":{"@id":"https:\/\/www.confagricoltura.org\/bologna\/misura-13-indennita-a-favore-delle-zone-montane-e-delle-zone-soggette-a-vincoli-naturali-o-ad-altri-vincoli-specifici\/#primaryimage"},"thumbnailUrl":"http:\/\/www.confagricoltura.org\/bologna\/wp-content\/uploads\/sites\/4\/2019\/04\/agea.jpg","datePublished":"2019-04-16T14:43:25+00:00","dateModified":"2021-03-11T12:11:00+00:00","author":{"@id":"https:\/\/www.confagricoltura.org\/bologna\/#\/schema\/person\/277baa2a725fb840103c5f8898746c7f"},"breadcrumb":{"@id":"https:\/\/www.confagricoltura.org\/bologna\/misura-13-indennita-a-favore-delle-zone-montane-e-delle-zone-soggette-a-vincoli-naturali-o-ad-altri-vincoli-specifici\/#breadcrumb"},"inLanguage":"it-IT","potentialAction":[{"@type":"ReadAction","target":["https:\/\/www.confagricoltura.org\/bologna\/misura-13-indennita-a-favore-delle-zone-montane-e-delle-zone-soggette-a-vincoli-naturali-o-ad-altri-vincoli-specifici\/"]}]},{"@type":"ImageObject","inLanguage":"it-IT","@id":"https:\/\/www.confagricoltura.org\/bologna\/misura-13-indennita-a-favore-delle-zone-montane-e-delle-zone-soggette-a-vincoli-naturali-o-ad-altri-vincoli-specifici\/#primaryimage","url":"http:\/\/www.confagricoltura.org\/bologna\/wp-content\/uploads\/sites\/4\/2019\/04\/agea.jpg","contentUrl":"http:\/\/www.confagricoltura.org\/bologna\/wp-content\/uploads\/sites\/4\/2019\/04\/agea.jpg"},{"@type":"BreadcrumbList","@id":"https:\/\/www.confagricoltura.org\/bologna\/misura-13-indennita-a-favore-delle-zone-montane-e-delle-zone-soggette-a-vincoli-naturali-o-ad-altri-vincoli-specifici\/#breadcrumb","itemListElement":[{"@type":"ListItem","position":1,"name":"Home","item":"https:\/\/www.confagricoltura.org\/bologna\/"},{"@type":"ListItem","position":2,"name":"MISURA 13 Indennit\u00e0 a favore delle zone Montane e delle Zone soggette a vincoli naturali o ad altri vincoli specifici."}]},{"@type":"WebSite","@id":"https:\/\/www.confagricoltura.org\/bologna\/#website","url":"https:\/\/www.confagricoltura.org\/bologna\/","name":"Confagricoltura Bologna","description":"Dalla parte degli Agricoltori","potentialAction":[{"@type":"SearchAction","target":{"@type":"EntryPoint","urlTemplate":"https:\/\/www.confagricoltura.org\/bologna\/?s={search_term_string}"},"query-input":{"@type":"PropertyValueSpecification","valueRequired":true,"valueName":"search_term_string"}}],"inLanguage":"it-IT"},{"@type":"Person","@id":"https:\/\/www.confagricoltura.org\/bologna\/#\/schema\/person\/277baa2a725fb840103c5f8898746c7f","name":"confagricolturabologna","image":{"@type":"ImageObject","inLanguage":"it-IT","@id":"https:\/\/www.confagricoltura.org\/bologna\/#\/schema\/person\/image\/","url":"https:\/\/secure.gravatar.com\/avatar\/edd9a034f35ea6aeadaf9744d1135acc?s=96&d=mm&r=g","contentUrl":"https:\/\/secure.gravatar.com\/avatar\/edd9a034f35ea6aeadaf9744d1135acc?s=96&d=mm&r=g","caption":"confagricolturabologna"},"url":"https:\/\/www.confagricoltura.org\/bologna\/author\/confagricolturabologna\/"}]}},"_links":{"self":[{"href":"https:\/\/www.confagricoltura.org\/bologna\/wp-json\/wp\/v2\/posts\/2794","targetHints":{"allow":["GET"]}}],"collection":[{"href":"https:\/\/www.confagricoltura.org\/bologna\/wp-json\/wp\/v2\/posts"}],"about":[{"href":"https:\/\/www.confagricoltura.org\/bologna\/wp-json\/wp\/v2\/types\/post"}],"author":[{"embeddable":true,"href":"https:\/\/www.confagricoltura.org\/bologna\/wp-json\/wp\/v2\/users\/7"}],"replies":[{"embeddable":true,"href":"https:\/\/www.confagricoltura.org\/bologna\/wp-json\/wp\/v2\/comments?post=2794"}],"version-history":[{"count":1,"href":"https:\/\/www.confagricoltura.org\/bologna\/wp-json\/wp\/v2\/posts\/2794\/revisions"}],"predecessor-version":[{"id":4542,"href":"https:\/\/www.confagricoltura.org\/bologna\/wp-json\/wp\/v2\/posts\/2794\/revisions\/4542"}],"wp:attachment":[{"href":"https:\/\/www.confagricoltura.org\/bologna\/wp-json\/wp\/v2\/media?parent=2794"}],"wp:term":[{"taxonomy":"category","embeddable":true,"href":"https:\/\/www.confagricoltura.org\/bologna\/wp-json\/wp\/v2\/categories?post=2794"},{"taxonomy":"post_tag","embeddable":true,"href":"https:\/\/www.confagricoltura.org\/bologna\/wp-json\/wp\/v2\/tags?post=2794"}],"curies":[{"name":"wp","href":"https:\/\/api.w.org\/{rel}","templated":true}]}}