{"id":2791,"date":"2019-04-16T16:40:08","date_gmt":"2019-04-16T14:40:08","guid":{"rendered":"http:\/\/www.confagricoltura.org\/bologna\/?p=2791"},"modified":"2021-03-11T13:11:00","modified_gmt":"2021-03-11T12:11:00","slug":"comunicazione-annuale-dellattivita-vivaistica-3","status":"publish","type":"post","link":"https:\/\/www.confagricoltura.org\/bologna\/comunicazione-annuale-dellattivita-vivaistica-3\/","title":{"rendered":"Comunicazione annuale dell\u2019attivit\u00e0 vivaistica."},"content":{"rendered":"<p>Si ricorda agli interessati che le aziende vivaistiche, iscritte al registro Ufficiale dei Produttori che producono piante, entro il 30 aprile hanno l&#8217;obbligo di effettuare la comunicazione annuale delle attivit\u00e0 descrivendo:<\/p>\n<ul>\n<li><b><\/b> <b>l&#8217;elenco e le quantit\u00e0 delle specie vegetali<\/b> prodotte l&#8217;anno precedente alla comunicazione nonch\u00e9 di quelle che si prevede saranno prodotte nell&#8217;anno in corso (fruttiferi, orticole, forestali, ornamentali in\u00a0 coltura protetta e da pieno campo);<\/li>\n<li><b>l&#8217;ubicazione degli impianti vivaistici<\/b> che comunque dovr\u00e0 avvenire non oltre 30 giorni dalla messa a dimora delle piante (per la fragola la scadenza \u00e8 posticipata al 15 giugno);<\/li>\n<li><b>l&#8217;ubicazione dei campi di piante madri<\/b> costituiti per la produzione di materiale di moltiplicazione;<\/li>\n<li><b>l&#8217;ubicazione di nuovi campi di piante madri<\/b> entro 30 giorni dalla loro costituzione e comunque prima del loro utilizzo.<\/li>\n<\/ul>\n<p><img loading=\"lazy\" decoding=\"async\" class=\"wp-image-2792 img-responsive alignright\" src=\"http:\/\/www.confagricoltura.org\/bologna\/wp-content\/uploads\/sites\/4\/2019\/04\/vivaio.jpg\" alt=\"\" width=\"561\" height=\"421\" \/><\/p>\n<p>&nbsp;<\/p>\n<p>La mancata comunicazione per due anni consecutivi comporta anche l&#8217;attivazione della procedura di decadenza dell&#8217;autorizzazione fitosanitaria.<\/p>\n<p><b>\u00a0<\/b><\/p>\n<p>Anche i <b>produttori di patate<\/b> devono trasmettere la <b>Denuncia di coltivazione<\/b> <b>entro il 30 aprile<\/b>.<\/p>\n<p>&nbsp;<\/p>\n<p>Da questi adempimenti sono esclusi i produttori di patate che vendono direttamente tutta la loro produzione a utilizzatori finali (vendita diretta presso l&#8217;azienda o presso mercati comunali o anche a ristoratori) e i produttori che vendono l&#8217;intera produzione a soggetti terzi iscritti al RUP (centri raccolta e\/o trasformazione, commercianti, associazioni di produttori che fungono da centri di raccolta , che si assumono l&#8217;obbligo della presentazione della Denuncia di coltivazione patate.<\/p>\n<p>(A. Caprara)<\/p>\n<p>&nbsp;<\/p>\n<p>&nbsp;<\/p>\n","protected":false},"excerpt":{"rendered":"<p>Si ricorda agli interessati che le aziende vivaistiche, iscritte al registro Ufficiale dei Produttori che producono piante, entro il 30 aprile hanno l&#8217;obbligo di effettuare la comunicazione annuale delle attivit\u00e0 descrivendo: l&#8217;elenco e le quantit\u00e0 delle specie vegetali prodotte l&#8217;anno precedente alla comunicazione nonch\u00e9 di quelle che si prevede saranno prodotte nell&#8217;anno in corso (fruttiferi,<\/p>\n","protected":false},"author":7,"featured_media":0,"comment_status":"open","ping_status":"open","sticky":false,"template":"","format":"standard","meta":{"wp_mapbox_gl_js_media":[],"footnotes":""},"categories":[29],"tags":[],"class_list":["post-2791","post","type-post","status-publish","format-standard","hentry","category-archivio"],"yoast_head":"<!-- This site is optimized with the Yoast SEO plugin v26.8 - https:\/\/yoast.com\/product\/yoast-seo-wordpress\/ -->\n<title>Comunicazione annuale dell\u2019attivit\u00e0 vivaistica. - Confagricoltura Bologna<\/title>\n<meta name=\"robots\" content=\"index, follow, max-snippet:-1, max-image-preview:large, max-video-preview:-1\" \/>\n<link rel=\"canonical\" href=\"https:\/\/www.confagricoltura.org\/bologna\/comunicazione-annuale-dellattivita-vivaistica-3\/\" \/>\n<meta property=\"og:locale\" content=\"it_IT\" \/>\n<meta property=\"og:type\" content=\"article\" \/>\n<meta property=\"og:title\" content=\"Comunicazione annuale dell\u2019attivit\u00e0 vivaistica. - Confagricoltura Bologna\" \/>\n<meta property=\"og:description\" content=\"Si ricorda agli interessati che le aziende vivaistiche, iscritte al registro Ufficiale dei Produttori che producono piante, entro il 30 aprile hanno l&#8217;obbligo di effettuare la comunicazione annuale delle attivit\u00e0 descrivendo: l&#8217;elenco e le quantit\u00e0 delle specie vegetali prodotte l&#8217;anno precedente alla comunicazione nonch\u00e9 di quelle che si prevede saranno prodotte nell&#8217;anno in corso (fruttiferi,\" \/>\n<meta property=\"og:url\" content=\"https:\/\/www.confagricoltura.org\/bologna\/comunicazione-annuale-dellattivita-vivaistica-3\/\" \/>\n<meta property=\"og:site_name\" content=\"Confagricoltura Bologna\" \/>\n<meta property=\"article:published_time\" content=\"2019-04-16T14:40:08+00:00\" \/>\n<meta property=\"article:modified_time\" content=\"2021-03-11T12:11:00+00:00\" \/>\n<meta property=\"og:image\" content=\"http:\/\/www.confagricoltura.org\/bologna\/wp-content\/uploads\/sites\/4\/2019\/04\/vivaio.jpg\" \/>\n<meta name=\"author\" content=\"confagricolturabologna\" \/>\n<meta name=\"twitter:card\" content=\"summary_large_image\" \/>\n<meta name=\"twitter:label1\" content=\"Scritto da\" \/>\n\t<meta name=\"twitter:data1\" content=\"confagricolturabologna\" \/>\n\t<meta name=\"twitter:label2\" content=\"Tempo di lettura stimato\" \/>\n\t<meta name=\"twitter:data2\" content=\"1 minuto\" \/>\n<script type=\"application\/ld+json\" class=\"yoast-schema-graph\">{\"@context\":\"https:\/\/schema.org\",\"@graph\":[{\"@type\":\"Article\",\"@id\":\"https:\/\/www.confagricoltura.org\/bologna\/comunicazione-annuale-dellattivita-vivaistica-3\/#article\",\"isPartOf\":{\"@id\":\"https:\/\/www.confagricoltura.org\/bologna\/comunicazione-annuale-dellattivita-vivaistica-3\/\"},\"author\":{\"name\":\"confagricolturabologna\",\"@id\":\"https:\/\/www.confagricoltura.org\/bologna\/#\/schema\/person\/277baa2a725fb840103c5f8898746c7f\"},\"headline\":\"Comunicazione annuale dell\u2019attivit\u00e0 vivaistica.\",\"datePublished\":\"2019-04-16T14:40:08+00:00\",\"dateModified\":\"2021-03-11T12:11:00+00:00\",\"mainEntityOfPage\":{\"@id\":\"https:\/\/www.confagricoltura.org\/bologna\/comunicazione-annuale-dellattivita-vivaistica-3\/\"},\"wordCount\":244,\"commentCount\":0,\"image\":{\"@id\":\"https:\/\/www.confagricoltura.org\/bologna\/comunicazione-annuale-dellattivita-vivaistica-3\/#primaryimage\"},\"thumbnailUrl\":\"http:\/\/www.confagricoltura.org\/bologna\/wp-content\/uploads\/sites\/4\/2019\/04\/vivaio.jpg\",\"articleSection\":[\"Archivio\"],\"inLanguage\":\"it-IT\"},{\"@type\":\"WebPage\",\"@id\":\"https:\/\/www.confagricoltura.org\/bologna\/comunicazione-annuale-dellattivita-vivaistica-3\/\",\"url\":\"https:\/\/www.confagricoltura.org\/bologna\/comunicazione-annuale-dellattivita-vivaistica-3\/\",\"name\":\"Comunicazione annuale dell\u2019attivit\u00e0 vivaistica. - Confagricoltura Bologna\",\"isPartOf\":{\"@id\":\"https:\/\/www.confagricoltura.org\/bologna\/#website\"},\"primaryImageOfPage\":{\"@id\":\"https:\/\/www.confagricoltura.org\/bologna\/comunicazione-annuale-dellattivita-vivaistica-3\/#primaryimage\"},\"image\":{\"@id\":\"https:\/\/www.confagricoltura.org\/bologna\/comunicazione-annuale-dellattivita-vivaistica-3\/#primaryimage\"},\"thumbnailUrl\":\"http:\/\/www.confagricoltura.org\/bologna\/wp-content\/uploads\/sites\/4\/2019\/04\/vivaio.jpg\",\"datePublished\":\"2019-04-16T14:40:08+00:00\",\"dateModified\":\"2021-03-11T12:11:00+00:00\",\"author\":{\"@id\":\"https:\/\/www.confagricoltura.org\/bologna\/#\/schema\/person\/277baa2a725fb840103c5f8898746c7f\"},\"breadcrumb\":{\"@id\":\"https:\/\/www.confagricoltura.org\/bologna\/comunicazione-annuale-dellattivita-vivaistica-3\/#breadcrumb\"},\"inLanguage\":\"it-IT\",\"potentialAction\":[{\"@type\":\"ReadAction\",\"target\":[\"https:\/\/www.confagricoltura.org\/bologna\/comunicazione-annuale-dellattivita-vivaistica-3\/\"]}]},{\"@type\":\"ImageObject\",\"inLanguage\":\"it-IT\",\"@id\":\"https:\/\/www.confagricoltura.org\/bologna\/comunicazione-annuale-dellattivita-vivaistica-3\/#primaryimage\",\"url\":\"http:\/\/www.confagricoltura.org\/bologna\/wp-content\/uploads\/sites\/4\/2019\/04\/vivaio.jpg\",\"contentUrl\":\"http:\/\/www.confagricoltura.org\/bologna\/wp-content\/uploads\/sites\/4\/2019\/04\/vivaio.jpg\"},{\"@type\":\"BreadcrumbList\",\"@id\":\"https:\/\/www.confagricoltura.org\/bologna\/comunicazione-annuale-dellattivita-vivaistica-3\/#breadcrumb\",\"itemListElement\":[{\"@type\":\"ListItem\",\"position\":1,\"name\":\"Home\",\"item\":\"https:\/\/www.confagricoltura.org\/bologna\/\"},{\"@type\":\"ListItem\",\"position\":2,\"name\":\"Comunicazione annuale dell\u2019attivit\u00e0 vivaistica.\"}]},{\"@type\":\"WebSite\",\"@id\":\"https:\/\/www.confagricoltura.org\/bologna\/#website\",\"url\":\"https:\/\/www.confagricoltura.org\/bologna\/\",\"name\":\"Confagricoltura Bologna\",\"description\":\"Dalla parte degli Agricoltori\",\"potentialAction\":[{\"@type\":\"SearchAction\",\"target\":{\"@type\":\"EntryPoint\",\"urlTemplate\":\"https:\/\/www.confagricoltura.org\/bologna\/?s={search_term_string}\"},\"query-input\":{\"@type\":\"PropertyValueSpecification\",\"valueRequired\":true,\"valueName\":\"search_term_string\"}}],\"inLanguage\":\"it-IT\"},{\"@type\":\"Person\",\"@id\":\"https:\/\/www.confagricoltura.org\/bologna\/#\/schema\/person\/277baa2a725fb840103c5f8898746c7f\",\"name\":\"confagricolturabologna\",\"image\":{\"@type\":\"ImageObject\",\"inLanguage\":\"it-IT\",\"@id\":\"https:\/\/www.confagricoltura.org\/bologna\/#\/schema\/person\/image\/\",\"url\":\"https:\/\/secure.gravatar.com\/avatar\/edd9a034f35ea6aeadaf9744d1135acc?s=96&d=mm&r=g\",\"contentUrl\":\"https:\/\/secure.gravatar.com\/avatar\/edd9a034f35ea6aeadaf9744d1135acc?s=96&d=mm&r=g\",\"caption\":\"confagricolturabologna\"},\"url\":\"https:\/\/www.confagricoltura.org\/bologna\/author\/confagricolturabologna\/\"}]}<\/script>\n<!-- \/ Yoast SEO plugin. -->","yoast_head_json":{"title":"Comunicazione annuale dell\u2019attivit\u00e0 vivaistica. - Confagricoltura Bologna","robots":{"index":"index","follow":"follow","max-snippet":"max-snippet:-1","max-image-preview":"max-image-preview:large","max-video-preview":"max-video-preview:-1"},"canonical":"https:\/\/www.confagricoltura.org\/bologna\/comunicazione-annuale-dellattivita-vivaistica-3\/","og_locale":"it_IT","og_type":"article","og_title":"Comunicazione annuale dell\u2019attivit\u00e0 vivaistica. - Confagricoltura Bologna","og_description":"Si ricorda agli interessati che le aziende vivaistiche, iscritte al registro Ufficiale dei Produttori che producono piante, entro il 30 aprile hanno l&#8217;obbligo di effettuare la comunicazione annuale delle attivit\u00e0 descrivendo: l&#8217;elenco e le quantit\u00e0 delle specie vegetali prodotte l&#8217;anno precedente alla comunicazione nonch\u00e9 di quelle che si prevede saranno prodotte nell&#8217;anno in corso (fruttiferi,","og_url":"https:\/\/www.confagricoltura.org\/bologna\/comunicazione-annuale-dellattivita-vivaistica-3\/","og_site_name":"Confagricoltura Bologna","article_published_time":"2019-04-16T14:40:08+00:00","article_modified_time":"2021-03-11T12:11:00+00:00","og_image":[{"url":"http:\/\/www.confagricoltura.org\/bologna\/wp-content\/uploads\/sites\/4\/2019\/04\/vivaio.jpg","type":"","width":"","height":""}],"author":"confagricolturabologna","twitter_card":"summary_large_image","twitter_misc":{"Scritto da":"confagricolturabologna","Tempo di lettura stimato":"1 minuto"},"schema":{"@context":"https:\/\/schema.org","@graph":[{"@type":"Article","@id":"https:\/\/www.confagricoltura.org\/bologna\/comunicazione-annuale-dellattivita-vivaistica-3\/#article","isPartOf":{"@id":"https:\/\/www.confagricoltura.org\/bologna\/comunicazione-annuale-dellattivita-vivaistica-3\/"},"author":{"name":"confagricolturabologna","@id":"https:\/\/www.confagricoltura.org\/bologna\/#\/schema\/person\/277baa2a725fb840103c5f8898746c7f"},"headline":"Comunicazione annuale dell\u2019attivit\u00e0 vivaistica.","datePublished":"2019-04-16T14:40:08+00:00","dateModified":"2021-03-11T12:11:00+00:00","mainEntityOfPage":{"@id":"https:\/\/www.confagricoltura.org\/bologna\/comunicazione-annuale-dellattivita-vivaistica-3\/"},"wordCount":244,"commentCount":0,"image":{"@id":"https:\/\/www.confagricoltura.org\/bologna\/comunicazione-annuale-dellattivita-vivaistica-3\/#primaryimage"},"thumbnailUrl":"http:\/\/www.confagricoltura.org\/bologna\/wp-content\/uploads\/sites\/4\/2019\/04\/vivaio.jpg","articleSection":["Archivio"],"inLanguage":"it-IT"},{"@type":"WebPage","@id":"https:\/\/www.confagricoltura.org\/bologna\/comunicazione-annuale-dellattivita-vivaistica-3\/","url":"https:\/\/www.confagricoltura.org\/bologna\/comunicazione-annuale-dellattivita-vivaistica-3\/","name":"Comunicazione annuale dell\u2019attivit\u00e0 vivaistica. - Confagricoltura Bologna","isPartOf":{"@id":"https:\/\/www.confagricoltura.org\/bologna\/#website"},"primaryImageOfPage":{"@id":"https:\/\/www.confagricoltura.org\/bologna\/comunicazione-annuale-dellattivita-vivaistica-3\/#primaryimage"},"image":{"@id":"https:\/\/www.confagricoltura.org\/bologna\/comunicazione-annuale-dellattivita-vivaistica-3\/#primaryimage"},"thumbnailUrl":"http:\/\/www.confagricoltura.org\/bologna\/wp-content\/uploads\/sites\/4\/2019\/04\/vivaio.jpg","datePublished":"2019-04-16T14:40:08+00:00","dateModified":"2021-03-11T12:11:00+00:00","author":{"@id":"https:\/\/www.confagricoltura.org\/bologna\/#\/schema\/person\/277baa2a725fb840103c5f8898746c7f"},"breadcrumb":{"@id":"https:\/\/www.confagricoltura.org\/bologna\/comunicazione-annuale-dellattivita-vivaistica-3\/#breadcrumb"},"inLanguage":"it-IT","potentialAction":[{"@type":"ReadAction","target":["https:\/\/www.confagricoltura.org\/bologna\/comunicazione-annuale-dellattivita-vivaistica-3\/"]}]},{"@type":"ImageObject","inLanguage":"it-IT","@id":"https:\/\/www.confagricoltura.org\/bologna\/comunicazione-annuale-dellattivita-vivaistica-3\/#primaryimage","url":"http:\/\/www.confagricoltura.org\/bologna\/wp-content\/uploads\/sites\/4\/2019\/04\/vivaio.jpg","contentUrl":"http:\/\/www.confagricoltura.org\/bologna\/wp-content\/uploads\/sites\/4\/2019\/04\/vivaio.jpg"},{"@type":"BreadcrumbList","@id":"https:\/\/www.confagricoltura.org\/bologna\/comunicazione-annuale-dellattivita-vivaistica-3\/#breadcrumb","itemListElement":[{"@type":"ListItem","position":1,"name":"Home","item":"https:\/\/www.confagricoltura.org\/bologna\/"},{"@type":"ListItem","position":2,"name":"Comunicazione annuale dell\u2019attivit\u00e0 vivaistica."}]},{"@type":"WebSite","@id":"https:\/\/www.confagricoltura.org\/bologna\/#website","url":"https:\/\/www.confagricoltura.org\/bologna\/","name":"Confagricoltura Bologna","description":"Dalla parte degli Agricoltori","potentialAction":[{"@type":"SearchAction","target":{"@type":"EntryPoint","urlTemplate":"https:\/\/www.confagricoltura.org\/bologna\/?s={search_term_string}"},"query-input":{"@type":"PropertyValueSpecification","valueRequired":true,"valueName":"search_term_string"}}],"inLanguage":"it-IT"},{"@type":"Person","@id":"https:\/\/www.confagricoltura.org\/bologna\/#\/schema\/person\/277baa2a725fb840103c5f8898746c7f","name":"confagricolturabologna","image":{"@type":"ImageObject","inLanguage":"it-IT","@id":"https:\/\/www.confagricoltura.org\/bologna\/#\/schema\/person\/image\/","url":"https:\/\/secure.gravatar.com\/avatar\/edd9a034f35ea6aeadaf9744d1135acc?s=96&d=mm&r=g","contentUrl":"https:\/\/secure.gravatar.com\/avatar\/edd9a034f35ea6aeadaf9744d1135acc?s=96&d=mm&r=g","caption":"confagricolturabologna"},"url":"https:\/\/www.confagricoltura.org\/bologna\/author\/confagricolturabologna\/"}]}},"_links":{"self":[{"href":"https:\/\/www.confagricoltura.org\/bologna\/wp-json\/wp\/v2\/posts\/2791","targetHints":{"allow":["GET"]}}],"collection":[{"href":"https:\/\/www.confagricoltura.org\/bologna\/wp-json\/wp\/v2\/posts"}],"about":[{"href":"https:\/\/www.confagricoltura.org\/bologna\/wp-json\/wp\/v2\/types\/post"}],"author":[{"embeddable":true,"href":"https:\/\/www.confagricoltura.org\/bologna\/wp-json\/wp\/v2\/users\/7"}],"replies":[{"embeddable":true,"href":"https:\/\/www.confagricoltura.org\/bologna\/wp-json\/wp\/v2\/comments?post=2791"}],"version-history":[{"count":1,"href":"https:\/\/www.confagricoltura.org\/bologna\/wp-json\/wp\/v2\/posts\/2791\/revisions"}],"predecessor-version":[{"id":4543,"href":"https:\/\/www.confagricoltura.org\/bologna\/wp-json\/wp\/v2\/posts\/2791\/revisions\/4543"}],"wp:attachment":[{"href":"https:\/\/www.confagricoltura.org\/bologna\/wp-json\/wp\/v2\/media?parent=2791"}],"wp:term":[{"taxonomy":"category","embeddable":true,"href":"https:\/\/www.confagricoltura.org\/bologna\/wp-json\/wp\/v2\/categories?post=2791"},{"taxonomy":"post_tag","embeddable":true,"href":"https:\/\/www.confagricoltura.org\/bologna\/wp-json\/wp\/v2\/tags?post=2791"}],"curies":[{"name":"wp","href":"https:\/\/api.w.org\/{rel}","templated":true}]}}