{"id":2684,"date":"2019-02-13T16:36:44","date_gmt":"2019-02-13T15:36:44","guid":{"rendered":"http:\/\/www.confagricoltura.org\/bologna\/?p=2684"},"modified":"2021-03-11T13:11:31","modified_gmt":"2021-03-11T12:11:31","slug":"aliquote-contributive-i-n-p-s-per-lanno-2019","status":"publish","type":"post","link":"https:\/\/www.confagricoltura.org\/bologna\/aliquote-contributive-i-n-p-s-per-lanno-2019\/","title":{"rendered":"Aliquote contributive I.N.P.S. per l\u2019anno 2019."},"content":{"rendered":"<p><b>Aliquote contributive I.N.P.S. per l\u2019anno 2019<\/b>.<\/p>\n<p>Pubblichiamo, come ogni anno, le tabelle relative alle aliquote contributive I.N.P.S. in vigore nel settore agricolo, per l\u2019anno 2019, per i lavoratori dipendenti e per i collaboratori coordinati e continuativi (ed assimilati), di aziende agricole.<\/p>\n<p>Lavoratori dipendenti<\/p>\n<p><i>Aumenti di aliquota Fondi pensione (FPLD)<\/i><\/p>\n<p>Completato il percorso di allineamento dell\u2019aliquota pensionistica dovuta dai datori di lavoro per gli operai agricoli a quella dovuta per la generalit\u00e0 dei dipendenti, cos\u00ec come per la quota a carico dei lavoratori dipendente, per l\u2019anno 2019.<\/p>\n<p>Rimane ancora da applicare l\u2019aumento annuo dello 0,20% del contributo FPLD a carico dei datori di lavoro agricolo tradizionali, in quanto non \u00e8 ancora stata raggiunta l\u2019aliquota contributiva in vigore per gli altri settori produttivi<\/p>\n<p><b><i>TFR ai fondi pensione &#8211; Esoneri compensativi<\/i><\/b><\/p>\n<p>L\u2019art. 1, c. 764, della legge n. 296\/2006 prevede per i lavoratori i quali conferiscano il TFR ai fondi pensionistici integrativi e\/o al fondo I.N.P.S. l\u2019esonero dal contributo, pari allo 0,20; se il conferimento del TFR \u00e8, invece, parziale l\u2019esonero \u00e8 direttamente proporzionale. La norma non si applica per gli operai agricoli a tempo determinato e per gli impiegati, quadri e dirigenti agricoli. Dal gennaio 2008 la norma prevede ancora l\u2019esonero dal versamento dei contributi sociali nella misura che si \u00e8, poi, stabilizzata al 2014 ed \u00e8 pari a 0,28%. Tale esonero sui contributi si applica sulla contribuzione per assegni familiari e, in caso di incapienza, su quelli per maternit\u00e0 e disoccupazione o su altre contribuzioni per il finanziamento delle prestazioni temporanee.<\/p>\n<p><b><i>Decontribuzione delle erogazioni stabilite da contratti di 2\u00b0 livello<\/i><\/b><\/p>\n<p>L\u2019art. 4, commi 28-29 della legge n. 92\/2012 (cd. Riforma Fornero) ha reso definitivo il regime di sgravio contributivo previsto dall\u2019art. 1, commi 67 e 68, della legge n. 247\/2007 relativo alle erogazioni previste dalla contrattazione collettiva di secondo livello (aziendale e territoriale) a titolo di premio di produttivit\u00e0. La misura non \u00e8, peraltro, oggi applicabile per mancanza del rifinanziamento del fondo (dal 2015). In particolari ipotesi \u00e8 comunque applicabile l\u2019art. 55 della legge n. 96\/2017, che prevede &#8211; per le erogazioni aziendali di premi di produttivit\u00e0 stabilite con contratti depositati alla ITL competente (in via telematica) &#8211; la riduzione di venti punti percentuali dell\u2019aliquota IVS a carico del datore di lavoro ed la esenzione piena della quota contributiva a carico dl lavoratore sulle erogazioni legate alla produttivit\u00e0 che coinvolgano \u201cpariteticamente i lavoratori nell\u2019organizzazione del lavoro!! I benefici contributivi si applicano ai premi erogati in virt\u00f9 di contratti collettivi sottoscritta dal 24 aprile 2017 e si applicano alle erogazioni premiali non superiori a 800 euro annui; per inciso, sino ad oggi, manca la norma applicativa.<\/p>\n<p><b><i>Contribuzione per il finanziamento della NASPI<\/i><\/b><\/p>\n<p>Premesso che nel settore agricolo sono esclusi dall\u2019ambito di applicazione della NASPI sia gli operai agricoli a tempo determinato che quelli a tempo indeterminato, applicandosi ancora le previgenti norme in materia di disoccupazione agricola, \u00e8 opportuno ricordare le principali regole poste al riguarda dal Jobs Act.<\/p>\n<p><i>Contributo ordinario<\/i><\/p>\n<p>Il finanziamento della NASPI avviene attraverso il contributo in precedenza previsto per il finanziamento della disoccupazione non agricola, l\u2019aliquota \u00e8 d\u2019ordinario pari all\u20191,61% (di cui 0,30 destinato al finanziamento della formazione continua). Nel settore agricolo, quindi, la regola si applica solo per gli impiegati, quadri e dirigenti agricoli: per tali figure \u00e8 perci\u00f2 dovuta, dedotte le riduzioni di legge, la contribuzione dello 0,67 per cento gi\u00e0 destinata al finanziamento della disoccupazione<\/p>\n<p>(di cui 0,30 destinato al finanziamento della formazione continua).<\/p>\n<p><i>Contributo addizionale<\/i><\/p>\n<p>Per i rapporti a tempo determinato si applica un contributo addizionale, a carico del datore di lavoro, pari all\u20191,4 per cento della retribuzione imponibile. Il contributo, per alcune tipologie di rapporto di lavoro (assunti a termine in sostituzione, stagionali, ecc. \u2026) non \u00e8 dovuto.<\/p>\n<p><i>Contributo aggiuntivo in caso di licenziamento <\/i><\/p>\n<p>Contrariamente ai settori economici diversi dall\u2019agricoltura, nel settore primario non \u00e8 dovuto nemmeno il contributo aggiuntivo (pari al 41% del massimale mensile NASPI per ogni anno di anzianit\u00e0 negli ultimi tre anni) previsto per le interruzioni dei rapporti di lavoro diverse dalle dimissioni o dal recesso del lavoratore, ivi incluso il recesso del datore di lavoro al termine del periodo di formazione nell\u2019apprendistato.<\/p>\n<p>La NASPI e la contribuzione innanzi citate sono quindi applicabili come gi\u00e0 detto unicamente agli impiegati, quadri e dirigenti dell\u2019agricoltura.<\/p>\n<p><b><i>Contribuzione per la formazione continua<\/i><\/b><\/p>\n<p>L\u2019art. 1 della legge n. 247\/2007 (commi da 62 a 64) ha introdotto anche per gli operai agricoli il contributo dello 0,30% di cui alla legge n. 845\/1978 per il finanziamento delle iniziative di formazione continua. Nel settore \u00e8 attivo il Fondo Paritetico Interprofessionale Nazionale per la Formazione Continua in Agricoltura (FOR.AGRI).<\/p>\n<p><b><i>Contribuzione al Fondo di integrazione salariale INPS <\/i><\/b><\/p>\n<p>Il settore agricolo come noto non rientra tra i settori produttivi interessati al Fondo residuale I.N.P.S. in quanto l\u2019agricoltura \u00e8 interessata dalla applicazione della speciale normativa per l&#8217;integrazione salariale agricola (CISOA), che riconosce le relative prestazioni sia in favore di operai che dei soggetti aventi qualifica impiegatizia.<\/p>\n<p>Ci\u00f2 \u00e8 stato confermato dal Ministero del Lavoro (nota n. 10593 del 13\/05\/2016), che ha chiarito peraltro come anche i datori di lavoro agricolo con qualifica di coltivatore diretto sono esclusi dall\u2019obbligo di contribuzione al Fondo di integrazione salariale, i dipendenti beneficiano, infatti, della cassa integrazione salari operai agricoli (CISOA) di cui alla legge n. 457\/72, ancorch\u00e9 esonerati dall\u2019obbligo di versare all\u2019INPS la contribuzione prevista.<\/p>\n<p><b><i>Riduzione contribuzione INAIL <\/i><\/b><\/p>\n<p>L\u2019art. 1, comma 128, della legge 28 dicembre 2013, n. 147, stabilisce la riduzione della contribuzione antinfortunistica. La riduzione contributiva riguarda i &#8220;premi e contributi dovuti per l&#8217;assicurazione contro gli infortuni sul lavoro e le malattie professionali&#8221; e ci\u00f2 tenendo conto dell\u2019andamento infortunistico aziendale. La recente legge di bilancio (legge n. 145\/2018, art. 1, commi 1121 \u2013 1126) ha fornito nuovo impulso alla norma, stanziando ulteriori risorse per il triennio 2019 \u2013 2021 (410 milioni di euro per il 2019, 525 milioni per il 2020 e 600 milioni per il 2021); in attesa della prevista revisione della contribuzione INAIL dalla legge di stabilit\u00e0 per il 2014.<\/p>\n<p>Il taglio delle contribuzioni INAIL si fonda sui seguenti elementi:<\/p>\n<ul>\n<li>riguarda \u201cpremi e contributi dovuti per l\u2019assicurazione contro gli infortuni sul lavoro e le malattie professionali\u201d;<\/li>\n<li>tiene conto dell\u2019andamento infortunistico aziendale;<\/li>\n<li>prevede modalit\u00e0 di applicazione della riduzione a favore delle imprese che abbiano iniziato l\u2019attivit\u00e0 da non oltre un biennio;<\/li>\n<li>opera per singola gestione assicurativa INAIL, tenendo conto dell\u2019andamento economico, finanziario e attuariale registrato da ciascuna di esse e garantendo il relativo equilibrio assicurativo.<\/li>\n<\/ul>\n<p>Il tutto \u00e8, comunque, differito o in attesa dei decreti attuativi.<\/p>\n<p><b><i>Zone svantaggiate e montane, agevolazioni<\/i><\/b><\/p>\n<p>Confermate per il 2019 le precedenti agevolazioni: \u00b7 <b>75% <\/b>nei territori montani particolarmente svantaggiati (cosiddette zone montane); \u00b7 <b>68%<\/b> nelle zone agricole svantaggiate, comprese le aree dell\u2019obiettivo 1, regolamento (CE) n. 1260\/1999 e le regioni Abruzzo, Molise e Basilicata (cosiddette zone svantaggiate).<\/p>\n<p>&nbsp;<\/p>\n<p><b>COLLABORATORI COORDINATI E CONTINUATIVI \u2013 Gestione separata INPS<\/b><\/p>\n<p>Per l\u2019anno 2019 le aliquote contributive valide ai fini del calcolo pensionistico della gestione separata sono fissate nel: 33% per li iscritti alla gestione separata che non siano assicurati anche presso altre forme pensionistiche obbligatorie; 25% per i lavoratori autonomi titolari di partita IVA che non siano assicurati anche presso altre forma pensionistiche obbligatorie; 24% per tutti gli altri iscritti alla gestione separata e cio\u00e8 per i soggetti assicurati anche presso altre forme pensionistiche obbligatori e per quelli gi\u00e0 titolari di pensione, nonch\u00e9 nel 33% per il lavoro occasionale ex art. 54 bis della legge n. 96\/2017.<\/p>\n<p>&nbsp;<\/p>\n<p><b>ASSOCIATI IN PARTECIPAZIONE<\/b><\/p>\n<h5>Le norme contributive innanzi viste per i Co.Co.Co. sono applicate anche agli associati in partecipazione con conferimento di lavoro che, ai sensi dell\u2019art. 43 della legge n. 326\/2003, come noto, sono tenuti all\u2019iscrizione, sin dal 1\u00b0 gennaio 2004, nella gestione separata (ex art. 2, c. 26, legge n. 335\/95). Pertanto, anche per tale categoria di soggetti le aliquote contributive pensionistiche per l\u2019anno 2019 sono quelle in vigore per i collaboratori indicate nel paragrafo precedente. A differenza dei collaboratori, per gli associati in partecipazione, con conferimento di lavoro, la ripartizione dell\u2019onere contributivo viene confermata nel 55% a carico dell\u2019associante e nel 45% a carico dell\u2019associato. Si ricorda che con il d.lgs. n. 81\/2015 (Jobs Act) \u00e8 stata vietata la stipula di nuovi contratti di associazione in partecipazione con apporto di lavoro a decorrere dal 15 giugno 2015.<\/h5>\n<h5><b>Operai<\/b><\/h5>\n<h5 style=\"text-align: center\">Operai agricoli e florovivaisti<\/h5>\n<h5 style=\"text-align: center\"><b>di aziende agricole tradizionali<\/b><\/h5>\n<h5 style=\"text-align: center\">aliquote contributive in vigore nel 2019<\/h5>\n<p>&nbsp;<\/p>\n<table style=\"height: 111px\" width=\"651\">\n<tbody>\n<tr>\n<td rowspan=\"2\" width=\"136\">\n<p style=\"text-align: center\">Voci Contributive<\/p>\n<\/td>\n<td style=\"text-align: center\" colspan=\"3\" width=\"251\">operai a tempo indeterminato<\/td>\n<td style=\"text-align: center\" colspan=\"3\" width=\"245\">operai a tempo determinato<\/td>\n<\/tr>\n<tr>\n<td width=\"80\">\n<p style=\"text-align: center\">in complesso<\/p>\n<\/td>\n<td style=\"text-align: center\" width=\"85\">a carico azienda<\/td>\n<td style=\"text-align: center\" width=\"86\">a carico lavoratore<\/td>\n<td style=\"text-align: center\" width=\"80\">in complesso<\/td>\n<td style=\"text-align: center\" width=\"70\">a carico azienda<\/td>\n<td width=\"95\">\n<p style=\"text-align: center\">a carico lavoratore<\/p>\n<\/td>\n<\/tr>\n<tr>\n<td style=\"text-align: center\" width=\"136\"><b>totale contributi<\/b><\/td>\n<td style=\"text-align: center\" width=\"80\"><b>46,1365<\/b><\/td>\n<td style=\"text-align: center\" width=\"85\"><b>37,2965<\/b><\/td>\n<td style=\"text-align: center\" width=\"86\"><b>8,84<\/b><\/td>\n<td style=\"text-align: center\" width=\"80\"><b>45,9365<\/b><\/td>\n<td style=\"text-align: center\" width=\"70\"><b>37,0965<\/b><\/td>\n<td width=\"95\">\n<p style=\"text-align: center\"><b>8,84<\/b><\/p>\n<\/td>\n<\/tr>\n<\/tbody>\n<\/table>\n<p style=\"text-align: center\"><b>Operai agricoli e florovivaisti<\/b><\/p>\n<p style=\"text-align: center\"><b>di aziende agricole con processi produttivi di tipo industriale<\/b><\/p>\n<p style=\"text-align: center\">aliquote contributive in vigore nel 2019<\/p>\n<p>&nbsp;<\/p>\n<table width=\"668\">\n<tbody>\n<tr>\n<td rowspan=\"2\" width=\"145\">\n<p style=\"text-align: center\">Voci Contributive<\/p>\n<\/td>\n<td style=\"text-align: center\" colspan=\"3\" width=\"255\">operai a tempo indeterminato<\/td>\n<td style=\"text-align: center\" colspan=\"3\" width=\"268\">operai a tempo determinato<\/td>\n<\/tr>\n<tr>\n<td width=\"85\">\n<p style=\"text-align: center\">in complesso<\/p>\n<\/td>\n<td style=\"text-align: center\" width=\"85\">a carico azienda<\/td>\n<td style=\"text-align: center\" width=\"85\">a carico lavoratore<\/td>\n<td style=\"text-align: center\" width=\"85\">in complesso<\/td>\n<td style=\"text-align: center\" width=\"76\">a carico azienda<\/td>\n<td width=\"107\">\n<p style=\"text-align: center\">a carico lavoratore<\/p>\n<\/td>\n<\/tr>\n<tr>\n<td style=\"text-align: center\" width=\"145\"><b>totale contributi<\/b><\/td>\n<td style=\"text-align: center\" width=\"85\"><b>44,6065<\/b><\/td>\n<td style=\"text-align: center\" width=\"85\"><b>35,7665<\/b><\/td>\n<td style=\"text-align: center\" width=\"85\"><b>8,84<\/b><\/td>\n<td style=\"text-align: center\" width=\"85\"><b>44,4065<\/b><\/td>\n<td style=\"text-align: center\" width=\"76\"><b>35,5665<\/b><\/td>\n<td width=\"107\">\n<p style=\"text-align: center\"><b>8,84<\/b><\/p>\n<\/td>\n<\/tr>\n<\/tbody>\n<\/table>\n<p>&nbsp;<\/p>\n<p><b>Impiegati<\/b><\/p>\n<p style=\"text-align: center\"><b>\u00a0<\/b><\/p>\n<p style=\"text-align: center\"><b>impiegati agricoli<\/b><\/p>\n<p style=\"text-align: center\">aliquote contributive in vigore nel 2019<\/p>\n<p style=\"text-align: center\"><b>contributi i.n.p.s.<\/b><\/p>\n<p>&nbsp;<\/p>\n<table width=\"674\">\n<tbody>\n<tr>\n<td rowspan=\"2\" width=\"164\">\n<p style=\"text-align: center\">Voci Contributive<\/p>\n<\/td>\n<td style=\"text-align: center\" colspan=\"3\" width=\"245\">impiegati a tempo indeterminato<\/td>\n<td style=\"text-align: center\" colspan=\"3\" width=\"265\">impiegati a tempo determinato<\/td>\n<\/tr>\n<tr>\n<td width=\"75\">\n<p style=\"text-align: center\">in complesso<\/p>\n<\/td>\n<td style=\"text-align: center\" width=\"85\">a carico azienda<\/td>\n<td style=\"text-align: center\" width=\"85\">a carico lavoratore<\/td>\n<td style=\"text-align: center\" width=\"76\">in complesso<\/td>\n<td style=\"text-align: center\" width=\"85\">a carico azienda<\/td>\n<td width=\"104\">\n<p style=\"text-align: center\">a carico lavoratore<\/p>\n<\/td>\n<\/tr>\n<tr>\n<td style=\"text-align: center\" width=\"164\"><b>totale contributi i.n.p.s.<\/b><\/td>\n<td style=\"text-align: center\" width=\"75\"><b>34,47<\/b><\/td>\n<td style=\"text-align: center\" width=\"85\"><b>25,63<\/b><\/td>\n<td style=\"text-align: center\" width=\"85\"><b>8,84<\/b><\/td>\n<td style=\"text-align: center\" width=\"76\"><b>35,87<\/b><\/td>\n<td style=\"text-align: center\" width=\"85\"><b>27,03<\/b><\/td>\n<td width=\"104\">\n<p style=\"text-align: center\"><b>8,84<\/b><\/p>\n<\/td>\n<\/tr>\n<\/tbody>\n<\/table>\n<p>&nbsp;<\/p>\n<p style=\"text-align: center\"><b>contributi e.n.p.a.i.a.<\/b><\/p>\n<table width=\"679\">\n<tbody>\n<tr>\n<td rowspan=\"2\" width=\"173\">\n<p style=\"text-align: center\">Voci Contributive<\/p>\n<\/td>\n<td style=\"text-align: center\" colspan=\"3\" width=\"250\">impiegati a tempo indeterminato<\/td>\n<td style=\"text-align: center\" colspan=\"3\" width=\"256\">impiegati a tempo determinato<\/td>\n<\/tr>\n<tr>\n<td width=\"81\">\n<p style=\"text-align: center\">in complesso<\/p>\n<\/td>\n<td style=\"text-align: center\" width=\"84\">a carico azienda<\/td>\n<td style=\"text-align: center\" width=\"85\">a carico lavoratore<\/td>\n<td style=\"text-align: center\" width=\"77\">in complesso<\/td>\n<td style=\"text-align: center\" width=\"85\">a carico azienda<\/td>\n<td width=\"94\">\n<p style=\"text-align: center\">a carico lavoratore<\/p>\n<\/td>\n<\/tr>\n<tr>\n<td style=\"text-align: center\" width=\"173\"><b>totale contributi e.n.p.a.i.a.<\/b><\/td>\n<td style=\"text-align: center\" width=\"81\"><b>11,00<\/b><\/td>\n<td style=\"text-align: center\" width=\"84\"><b>9,00<\/b><\/td>\n<td style=\"text-align: center\" width=\"85\"><b>2,00<\/b><\/td>\n<td style=\"text-align: center\" width=\"77\"><b>11,00<\/b><\/td>\n<td style=\"text-align: center\" width=\"85\"><b>9,00<\/b><\/td>\n<td width=\"94\">\n<p style=\"text-align: center\"><b>2,00<\/b><\/p>\n<\/td>\n<\/tr>\n<\/tbody>\n<\/table>\n<p>&nbsp;<\/p>\n<p>&nbsp;<\/p>\n<p><b>Dirigenti<\/b><\/p>\n<p style=\"text-align: center\"><b>dirigenti agricoli<\/b><\/p>\n<p style=\"text-align: center\">aliquote contributive in vigore nel 2019<\/p>\n<p style=\"text-align: center\"><b>contributi i.n.p.s<\/b><\/p>\n<p>&nbsp;<\/p>\n<table width=\"674\">\n<tbody>\n<tr>\n<td rowspan=\"2\" width=\"164\">\n<p style=\"text-align: center\">Voci Contributive<\/p>\n<\/td>\n<td style=\"text-align: center\" colspan=\"3\" width=\"246\">dirigenti a tempo indeterminato<\/td>\n<td style=\"text-align: center\" colspan=\"3\" width=\"265\">dirigenti a tempo determinato<\/td>\n<\/tr>\n<tr>\n<td width=\"76\">\n<p style=\"text-align: center\">in complesso<\/p>\n<\/td>\n<td style=\"text-align: center\" width=\"85\">a carico azienda<\/td>\n<td style=\"text-align: center\" width=\"85\">a carico lavoratore<\/td>\n<td style=\"text-align: center\" width=\"76\">in complesso<\/td>\n<td style=\"text-align: center\" width=\"85\">a carico azienda<\/td>\n<td width=\"104\">\n<p style=\"text-align: center\">a carico lavoratore<\/p>\n<\/td>\n<\/tr>\n<tr>\n<td style=\"text-align: center\" width=\"164\"><strong>totale contributi i.n.p.s.<\/strong><\/td>\n<td style=\"text-align: center\" width=\"76\"><strong>32,97<\/strong><\/td>\n<td style=\"text-align: center\" width=\"85\"><strong>24,13<\/strong><\/td>\n<td style=\"text-align: center\" width=\"85\"><strong>8,84<\/strong><\/td>\n<td style=\"text-align: center\" width=\"76\"><strong>34,37<\/strong><\/td>\n<td style=\"text-align: center\" width=\"85\"><strong>25,53<\/strong><\/td>\n<td width=\"104\">\n<p style=\"text-align: center\"><strong>8,84<\/strong><\/p>\n<\/td>\n<\/tr>\n<\/tbody>\n<\/table>\n<p>&nbsp;<\/p>\n<p><b><strong>Riepilogo<\/strong><\/b><\/p>\n<p style=\"text-align: center\"><b><strong>riepilogo aliquote contributive nel 2019<\/strong><\/b><\/p>\n<p style=\"text-align: center\"><strong>imprese agricole tradizionali<\/strong><\/p>\n<p>&nbsp;<\/p>\n<table width=\"674\">\n<tbody>\n<tr>\n<td rowspan=\"2\" width=\"94\">\n<p style=\"text-align: center\">tipo di contribuzione<\/p>\n<\/td>\n<td style=\"text-align: center\" colspan=\"2\" width=\"149\">Operai a tempo indeterminato<\/td>\n<td style=\"text-align: center\" colspan=\"2\" width=\"144\">Operai a tempo determinato<\/td>\n<td style=\"text-align: center\" colspan=\"2\" width=\"140\">Impiegati a tempo indeterminato<\/td>\n<td style=\"text-align: center\" colspan=\"2\" width=\"148\">Impiegati a tempo determinato<\/td>\n<\/tr>\n<tr>\n<td width=\"78\">\n<p style=\"text-align: center\">A carico azienda<\/p>\n<\/td>\n<td style=\"text-align: center\" width=\"71\">A carico lavoratore<\/td>\n<td style=\"text-align: center\" width=\"71\">A carico azienda<\/td>\n<td style=\"text-align: center\" width=\"73\">A carico lavoratore<\/td>\n<td style=\"text-align: center\" width=\"70\">A carico azienda<\/td>\n<td style=\"text-align: center\" width=\"70\">A carico lavoratore<\/td>\n<td style=\"text-align: center\" width=\"71\">A carico azienda<\/td>\n<td style=\"text-align: center\" width=\"77\">A carico lavoratore<\/td>\n<\/tr>\n<tr>\n<td style=\"text-align: center\" width=\"94\">Ordinaria<\/td>\n<td style=\"text-align: center\" width=\"78\">37,2965<\/td>\n<td style=\"text-align: center\" width=\"71\">8,84<\/td>\n<td style=\"text-align: center\" width=\"71\">37,0965<\/td>\n<td style=\"text-align: center\" width=\"73\">8,84<\/td>\n<td style=\"text-align: center\" width=\"70\">25,63<\/td>\n<td style=\"text-align: center\" width=\"70\">8,84<\/td>\n<td style=\"text-align: center\" width=\"71\">27,03<\/td>\n<td width=\"77\">\n<p style=\"text-align: center\">8,84<\/p>\n<\/td>\n<\/tr>\n<tr>\n<td width=\"94\">\n<p style=\"text-align: center\">Zone<\/p>\n<p style=\"text-align: center\">Montane<\/p>\n<\/td>\n<td style=\"text-align: center\" width=\"78\">9,5491<\/td>\n<td style=\"text-align: center\" width=\"71\">8,84<\/td>\n<td style=\"text-align: center\" width=\"71\">9,4991<\/td>\n<td style=\"text-align: center\" width=\"73\">8,84<\/td>\n<td style=\"text-align: center\" width=\"70\">6,6325<\/td>\n<td style=\"text-align: center\" width=\"70\">8,84<\/td>\n<td style=\"text-align: center\" width=\"71\">6,9825<\/td>\n<td width=\"77\">\n<p style=\"text-align: center\">8,84<\/p>\n<\/td>\n<\/tr>\n<tr>\n<td style=\"text-align: center\" width=\"94\">Zone svantaggiate<\/td>\n<td style=\"text-align: center\" width=\"78\">12,1389<\/td>\n<td style=\"text-align: center\" width=\"71\">8,84<\/td>\n<td style=\"text-align: center\" width=\"71\">12,0749<\/td>\n<td style=\"text-align: center\" width=\"73\">8,84<\/td>\n<td style=\"text-align: center\" width=\"70\">8,4056<\/td>\n<td style=\"text-align: center\" width=\"70\">8,84<\/td>\n<td style=\"text-align: center\" width=\"71\">8,8536<\/td>\n<td width=\"77\">\n<p style=\"text-align: center\">8,84<\/p>\n<\/td>\n<\/tr>\n<\/tbody>\n<\/table>\n<p>&nbsp;<\/p>\n<p>&nbsp;<\/p>\n<p style=\"text-align: center\"><b>imprese agricole con processi produttivi di tipo industriale<\/b><\/p>\n<p>&nbsp;<\/p>\n<table width=\"675\">\n<tbody>\n<tr>\n<td rowspan=\"2\" width=\"94\">tipo di contribuzione<\/td>\n<td colspan=\"2\" width=\"149\">Operai a tempo indeterminato<\/td>\n<td colspan=\"2\" width=\"147\">Operai a tempo determinato<\/td>\n<td colspan=\"2\" width=\"145\">Impiegati a tempo indeterminato<\/td>\n<td colspan=\"2\" width=\"140\">Impiegati a tempo determinato<\/td>\n<\/tr>\n<tr>\n<td width=\"77\">\n<p style=\"text-align: center\">A carico azienda<\/p>\n<\/td>\n<td style=\"text-align: center\" width=\"72\">A carico lavoratore<\/td>\n<td style=\"text-align: center\" width=\"72\">A carico azienda<\/td>\n<td style=\"text-align: center\" width=\"75\">A carico lavoratore<\/td>\n<td style=\"text-align: center\" width=\"74\">A carico azienda<\/td>\n<td style=\"text-align: center\" width=\"71\">A carico lavoratore<\/td>\n<td style=\"text-align: center\" width=\"67\">A carico azienda<\/td>\n<td style=\"text-align: center\" width=\"73\">A carico lavoratore<\/td>\n<\/tr>\n<tr>\n<td width=\"94\">\n<p style=\"text-align: center\">Ordinaria<\/p>\n<\/td>\n<td style=\"text-align: center\" width=\"77\">40,4965<\/td>\n<td style=\"text-align: center\" width=\"72\">8,84<\/td>\n<td style=\"text-align: center\" width=\"72\">40,2965<\/td>\n<td style=\"text-align: center\" width=\"75\">8,84<\/td>\n<td style=\"text-align: center\" width=\"74\">25,63<\/td>\n<td style=\"text-align: center\" width=\"71\">8,84<\/td>\n<td style=\"text-align: center\" width=\"67\">27,03<\/td>\n<td style=\"text-align: center\" width=\"73\">8,84<\/td>\n<\/tr>\n<tr>\n<td width=\"94\">\n<p style=\"text-align: center\">Zone<\/p>\n<p style=\"text-align: center\">Montane<\/p>\n<\/td>\n<td width=\"77\">\n<p style=\"text-align: center\">10,3491<\/p>\n<\/td>\n<td style=\"text-align: center\" width=\"72\">8,84<\/td>\n<td style=\"text-align: center\" width=\"72\">10,2991<\/td>\n<td style=\"text-align: center\" width=\"75\">8,84<\/td>\n<td style=\"text-align: center\" width=\"74\">6,6325<\/td>\n<td style=\"text-align: center\" width=\"71\">8,84<\/td>\n<td style=\"text-align: center\" width=\"67\">6,9825<\/td>\n<td width=\"73\">\n<p style=\"text-align: center\">8,84<\/p>\n<\/td>\n<\/tr>\n<tr>\n<td style=\"text-align: center\" width=\"94\">Zone svantaggiate<\/td>\n<td style=\"text-align: center\" width=\"77\">13,1629<\/td>\n<td style=\"text-align: center\" width=\"72\">8,84<\/td>\n<td style=\"text-align: center\" width=\"72\">13,0989<\/td>\n<td style=\"text-align: center\" width=\"75\">8,84<\/td>\n<td style=\"text-align: center\" width=\"74\">8,4056<\/td>\n<td style=\"text-align: center\" width=\"71\">8,84<\/td>\n<td style=\"text-align: center\" width=\"67\">8,8536<\/td>\n<td width=\"73\">\n<p style=\"text-align: center\">8,84<\/p>\n<\/td>\n<\/tr>\n<\/tbody>\n<\/table>\n<p>&nbsp;<\/p>\n<p>&nbsp;<\/p>\n<p style=\"text-align: center\"><b>imprese agricole diretto coltivatrici<\/b><\/p>\n<p>&nbsp;<\/p>\n<table width=\"687\">\n<tbody>\n<tr>\n<td rowspan=\"2\" width=\"82\">\n<p style=\"text-align: center\">tipo di contribuzione<\/p>\n<\/td>\n<td style=\"text-align: center\" colspan=\"2\" width=\"164\">Operai a tempo indeterminato<\/td>\n<td style=\"text-align: center\" colspan=\"2\" width=\"146\">Operai a tempo determinato<\/td>\n<td style=\"text-align: center\" colspan=\"2\" width=\"146\">Impiegati a tempo indeterminato<\/td>\n<td style=\"text-align: center\" colspan=\"2\" width=\"149\">Impiegati a tempo determinato<\/td>\n<\/tr>\n<tr>\n<td style=\"text-align: center\" width=\"74\">A carico azienda<\/td>\n<td style=\"text-align: center\" width=\"90\">A carico lavoratore<\/td>\n<td style=\"text-align: center\" width=\"71\">A carico azienda<\/td>\n<td style=\"text-align: center\" width=\"75\">A carico lavoratore<\/td>\n<td style=\"text-align: center\" width=\"75\">A carico azienda<\/td>\n<td style=\"text-align: center\" width=\"71\">A carico lavoratore<\/td>\n<td style=\"text-align: center\" width=\"76\">A carico azienda<\/td>\n<td style=\"text-align: center\" width=\"73\">A carico lavoratore<\/td>\n<\/tr>\n<tr>\n<td width=\"82\">Ordinaria<\/td>\n<td width=\"74\">\n<p style=\"text-align: center\">35,7665<\/p>\n<\/td>\n<td style=\"text-align: center\" width=\"90\">8,84<\/td>\n<td style=\"text-align: center\" width=\"71\">35,5665<\/td>\n<td style=\"text-align: center\" width=\"75\">8,84<\/td>\n<td style=\"text-align: center\" width=\"75\">24,10<\/td>\n<td style=\"text-align: center\" width=\"71\">8,84<\/td>\n<td style=\"text-align: center\" width=\"76\">25,50<\/td>\n<td width=\"73\">\n<p style=\"text-align: center\">8,84<\/p>\n<\/td>\n<\/tr>\n<tr>\n<td width=\"82\">\n<p style=\"text-align: center\">Zone<\/p>\n<p style=\"text-align: center\">Montane<\/p>\n<\/td>\n<td style=\"text-align: center\" width=\"74\">9,1666<\/td>\n<td style=\"text-align: center\" width=\"90\">8,84<\/td>\n<td style=\"text-align: center\" width=\"71\">9,1166<\/td>\n<td style=\"text-align: center\" width=\"75\">8,84<\/td>\n<td style=\"text-align: center\" width=\"75\">6,250<\/td>\n<td style=\"text-align: center\" width=\"71\">8,84<\/td>\n<td style=\"text-align: center\" width=\"76\">6,600<\/td>\n<td width=\"73\">\n<p style=\"text-align: center\">8,84<\/p>\n<\/td>\n<\/tr>\n<tr>\n<td style=\"text-align: center\" width=\"82\">Zone svantaggiate<\/td>\n<td style=\"text-align: center\" width=\"74\">11,6493<\/td>\n<td style=\"text-align: center\" width=\"90\">8,84<\/td>\n<td style=\"text-align: center\" width=\"71\">11,5853<\/td>\n<td style=\"text-align: center\" width=\"75\">8,84<\/td>\n<td style=\"text-align: center\" width=\"75\">7,916<\/td>\n<td style=\"text-align: center\" width=\"71\">8,84<\/td>\n<td style=\"text-align: center\" width=\"76\">8,364<\/td>\n<td width=\"73\">\n<p style=\"text-align: center\">8,84<\/p>\n<\/td>\n<\/tr>\n<\/tbody>\n<\/table>\n<p>&nbsp;<\/p>\n<p>&nbsp;<\/p>\n<p><b>Co.Co.Co<\/b><\/p>\n<p style=\"text-align: center\"><b>collaboratori coordinati e continuativi<\/b><\/p>\n<p style=\"text-align: center\">riepilogo aliquote contributive nel 2019<\/p>\n<p>&nbsp;<\/p>\n<p style=\"text-align: center\">soggetti privi di altra tutela previdenziale obbligatoria<\/p>\n<table style=\"height: 74px\" width=\"602\">\n<tbody>\n<tr>\n<td width=\"161\">\n<p style=\"text-align: center\">voci contributive<\/p>\n<\/td>\n<td style=\"text-align: center\" width=\"107\">\n<p style=\"text-align: center\">in complesso<\/p>\n<\/td>\n<td style=\"text-align: center\" width=\"108\">a carico committente<\/td>\n<td style=\"text-align: center\" width=\"142\">a carico collaboratore<\/td>\n<\/tr>\n<tr>\n<td style=\"text-align: center\" width=\"161\"><b>totale contributi<\/b><\/td>\n<td style=\"text-align: center\" width=\"107\"><b>34,23<\/b><\/td>\n<td style=\"text-align: center\" width=\"108\"><b>22,82<\/b><\/td>\n<td width=\"142\">\n<p style=\"text-align: center\"><b>11,41<\/b><\/p>\n<\/td>\n<\/tr>\n<\/tbody>\n<\/table>\n<p>&nbsp;<\/p>\n<p>&nbsp;<\/p>\n<p style=\"text-align: center\">soggetti privi di altra tutela previdenziale obbligatoria<\/p>\n<p style=\"text-align: center\">titolari di partita iva<\/p>\n<p>&nbsp;<\/p>\n<table style=\"height: 83px\" width=\"587\">\n<tbody>\n<tr>\n<td width=\"161\">voci contributive<\/td>\n<td width=\"107\">in complesso<\/td>\n<td width=\"108\">a carico committente<\/td>\n<td width=\"142\">a carico collaboratore<\/td>\n<\/tr>\n<tr>\n<td width=\"161\"><strong>totale contributi<\/strong><\/td>\n<td width=\"107\"><strong>25,72<\/strong><\/td>\n<td width=\"108\"><strong>17,15<\/strong><\/td>\n<td width=\"142\"><strong>8,57<\/strong><\/td>\n<\/tr>\n<\/tbody>\n<\/table>\n<p>&nbsp;<\/p>\n<p>&nbsp;<\/p>\n<p>&nbsp;<\/p>\n<p style=\"text-align: center\">soggetti pensionati o iscritti ad altra gestione previdenziale obbligatoria<\/p>\n<p>&nbsp;<\/p>\n<table style=\"height: 83px\" width=\"573\">\n<tbody>\n<tr>\n<td width=\"161\">voci contributive<\/td>\n<td width=\"107\">in complesso<\/td>\n<td width=\"108\">a carico committente<\/td>\n<td width=\"142\">a carico collaboratore<\/td>\n<\/tr>\n<tr>\n<td width=\"161\"><strong>totale contributi<\/strong><\/td>\n<td width=\"107\"><strong>24,00<\/strong><\/td>\n<td width=\"108\"><strong>16,00<\/strong><\/td>\n<td width=\"142\"><strong>8,00<\/strong><\/td>\n<\/tr>\n<\/tbody>\n<\/table>\n<p>&nbsp;<\/p>\n<p><b><strong>Associati in partecipazione<\/strong><\/b><\/p>\n<p>&nbsp;<\/p>\n<p style=\"text-align: center\"><strong>Associati in partecipazione<\/strong><\/p>\n<p style=\"text-align: center\">\n<p style=\"text-align: center\">riepilogo aliquote contributive nel 2019<\/p>\n<p style=\"text-align: center\">\n<p style=\"text-align: center\">soggetti privi di altra tutela previdenziale obbligatoria<\/p>\n<p>&nbsp;<\/p>\n<table style=\"height: 83px\" width=\"552\">\n<tbody>\n<tr>\n<td width=\"161\">voci contributive<\/td>\n<td width=\"107\">in complesso<\/td>\n<td width=\"108\">a carico committente<\/td>\n<td width=\"142\">a carico collaboratore<\/td>\n<\/tr>\n<tr>\n<td width=\"161\"><strong>totale contributi<\/strong><\/td>\n<td width=\"107\"><strong>33,72<\/strong><\/td>\n<td width=\"108\"><strong>18,546<\/strong><\/td>\n<td width=\"142\"><strong>15,174<\/strong><\/td>\n<\/tr>\n<\/tbody>\n<\/table>\n<p>&nbsp;<\/p>\n<p>&nbsp;<\/p>\n<p style=\"text-align: center\">soggetti pensionati o iscritti ad altra gestione previdenziale obbligatori<\/p>\n<p>&nbsp;<\/p>\n<table width=\"518\">\n<tbody>\n<tr>\n<td width=\"161\">voci contributive<\/td>\n<td width=\"107\">in complesso<\/td>\n<td width=\"108\">a carico committente<\/td>\n<td width=\"142\">a carico collaboratore<\/td>\n<\/tr>\n<tr>\n<td width=\"161\"><strong>totale contributi<\/strong><\/td>\n<td width=\"107\"><strong>24,00<\/strong><\/td>\n<td width=\"108\"><strong>13,20<\/strong><\/td>\n<td width=\"142\"><strong>10,80<\/strong><\/td>\n<\/tr>\n<\/tbody>\n<\/table>\n<p>&nbsp;<\/p>\n<p>(M. Mazzanti)<\/p>\n<p>&nbsp;<\/p>\n<p>&nbsp;<\/p>\n<p>&nbsp;<\/p>\n<p>&nbsp;<\/p>\n<p>&nbsp;<\/p>\n<p>&nbsp;<\/p>\n<p>&nbsp;<\/p>\n<p>&nbsp;<\/p>\n<p>&nbsp;<\/p>\n<p>&nbsp;<\/p>\n<p>&nbsp;<\/p>\n","protected":false},"excerpt":{"rendered":"<p>Aliquote contributive I.N.P.S. per l\u2019anno 2019. Pubblichiamo, come ogni anno, le tabelle relative alle aliquote contributive I.N.P.S. in vigore nel settore agricolo, per l\u2019anno 2019, per i lavoratori dipendenti e per i collaboratori coordinati e continuativi (ed assimilati), di aziende agricole. Lavoratori dipendenti Aumenti di aliquota Fondi pensione (FPLD) Completato il percorso di allineamento dell\u2019aliquota<\/p>\n","protected":false},"author":7,"featured_media":0,"comment_status":"open","ping_status":"open","sticky":false,"template":"","format":"standard","meta":{"wp_mapbox_gl_js_media":[],"footnotes":""},"categories":[29],"tags":[],"class_list":["post-2684","post","type-post","status-publish","format-standard","hentry","category-archivio"],"yoast_head":"<!-- This site is optimized with the Yoast SEO plugin v26.8 - https:\/\/yoast.com\/product\/yoast-seo-wordpress\/ -->\n<title>Aliquote contributive I.N.P.S. per l\u2019anno 2019. - Confagricoltura Bologna<\/title>\n<meta name=\"robots\" content=\"index, follow, max-snippet:-1, max-image-preview:large, max-video-preview:-1\" \/>\n<link rel=\"canonical\" href=\"https:\/\/www.confagricoltura.org\/bologna\/aliquote-contributive-i-n-p-s-per-lanno-2019\/\" \/>\n<meta property=\"og:locale\" content=\"it_IT\" \/>\n<meta property=\"og:type\" content=\"article\" \/>\n<meta property=\"og:title\" content=\"Aliquote contributive I.N.P.S. per l\u2019anno 2019. - Confagricoltura Bologna\" \/>\n<meta property=\"og:description\" content=\"Aliquote contributive I.N.P.S. per l\u2019anno 2019. Pubblichiamo, come ogni anno, le tabelle relative alle aliquote contributive I.N.P.S. in vigore nel settore agricolo, per l\u2019anno 2019, per i lavoratori dipendenti e per i collaboratori coordinati e continuativi (ed assimilati), di aziende agricole. Lavoratori dipendenti Aumenti di aliquota Fondi pensione (FPLD) Completato il percorso di allineamento dell\u2019aliquota\" \/>\n<meta property=\"og:url\" content=\"https:\/\/www.confagricoltura.org\/bologna\/aliquote-contributive-i-n-p-s-per-lanno-2019\/\" \/>\n<meta property=\"og:site_name\" content=\"Confagricoltura Bologna\" \/>\n<meta property=\"article:published_time\" content=\"2019-02-13T15:36:44+00:00\" \/>\n<meta property=\"article:modified_time\" content=\"2021-03-11T12:11:31+00:00\" \/>\n<meta name=\"author\" content=\"confagricolturabologna\" \/>\n<meta name=\"twitter:card\" content=\"summary_large_image\" \/>\n<meta name=\"twitter:label1\" content=\"Scritto da\" \/>\n\t<meta name=\"twitter:data1\" content=\"confagricolturabologna\" \/>\n\t<meta name=\"twitter:label2\" content=\"Tempo di lettura stimato\" \/>\n\t<meta name=\"twitter:data2\" content=\"9 minuti\" \/>\n<script type=\"application\/ld+json\" class=\"yoast-schema-graph\">{\"@context\":\"https:\/\/schema.org\",\"@graph\":[{\"@type\":\"Article\",\"@id\":\"https:\/\/www.confagricoltura.org\/bologna\/aliquote-contributive-i-n-p-s-per-lanno-2019\/#article\",\"isPartOf\":{\"@id\":\"https:\/\/www.confagricoltura.org\/bologna\/aliquote-contributive-i-n-p-s-per-lanno-2019\/\"},\"author\":{\"name\":\"confagricolturabologna\",\"@id\":\"https:\/\/www.confagricoltura.org\/bologna\/#\/schema\/person\/277baa2a725fb840103c5f8898746c7f\"},\"headline\":\"Aliquote contributive I.N.P.S. per l\u2019anno 2019.\",\"datePublished\":\"2019-02-13T15:36:44+00:00\",\"dateModified\":\"2021-03-11T12:11:31+00:00\",\"mainEntityOfPage\":{\"@id\":\"https:\/\/www.confagricoltura.org\/bologna\/aliquote-contributive-i-n-p-s-per-lanno-2019\/\"},\"wordCount\":1884,\"commentCount\":0,\"articleSection\":[\"Archivio\"],\"inLanguage\":\"it-IT\"},{\"@type\":\"WebPage\",\"@id\":\"https:\/\/www.confagricoltura.org\/bologna\/aliquote-contributive-i-n-p-s-per-lanno-2019\/\",\"url\":\"https:\/\/www.confagricoltura.org\/bologna\/aliquote-contributive-i-n-p-s-per-lanno-2019\/\",\"name\":\"Aliquote contributive I.N.P.S. per l\u2019anno 2019. - Confagricoltura Bologna\",\"isPartOf\":{\"@id\":\"https:\/\/www.confagricoltura.org\/bologna\/#website\"},\"datePublished\":\"2019-02-13T15:36:44+00:00\",\"dateModified\":\"2021-03-11T12:11:31+00:00\",\"author\":{\"@id\":\"https:\/\/www.confagricoltura.org\/bologna\/#\/schema\/person\/277baa2a725fb840103c5f8898746c7f\"},\"breadcrumb\":{\"@id\":\"https:\/\/www.confagricoltura.org\/bologna\/aliquote-contributive-i-n-p-s-per-lanno-2019\/#breadcrumb\"},\"inLanguage\":\"it-IT\",\"potentialAction\":[{\"@type\":\"ReadAction\",\"target\":[\"https:\/\/www.confagricoltura.org\/bologna\/aliquote-contributive-i-n-p-s-per-lanno-2019\/\"]}]},{\"@type\":\"BreadcrumbList\",\"@id\":\"https:\/\/www.confagricoltura.org\/bologna\/aliquote-contributive-i-n-p-s-per-lanno-2019\/#breadcrumb\",\"itemListElement\":[{\"@type\":\"ListItem\",\"position\":1,\"name\":\"Home\",\"item\":\"https:\/\/www.confagricoltura.org\/bologna\/\"},{\"@type\":\"ListItem\",\"position\":2,\"name\":\"Aliquote contributive I.N.P.S. per l\u2019anno 2019.\"}]},{\"@type\":\"WebSite\",\"@id\":\"https:\/\/www.confagricoltura.org\/bologna\/#website\",\"url\":\"https:\/\/www.confagricoltura.org\/bologna\/\",\"name\":\"Confagricoltura Bologna\",\"description\":\"Dalla parte degli Agricoltori\",\"potentialAction\":[{\"@type\":\"SearchAction\",\"target\":{\"@type\":\"EntryPoint\",\"urlTemplate\":\"https:\/\/www.confagricoltura.org\/bologna\/?s={search_term_string}\"},\"query-input\":{\"@type\":\"PropertyValueSpecification\",\"valueRequired\":true,\"valueName\":\"search_term_string\"}}],\"inLanguage\":\"it-IT\"},{\"@type\":\"Person\",\"@id\":\"https:\/\/www.confagricoltura.org\/bologna\/#\/schema\/person\/277baa2a725fb840103c5f8898746c7f\",\"name\":\"confagricolturabologna\",\"image\":{\"@type\":\"ImageObject\",\"inLanguage\":\"it-IT\",\"@id\":\"https:\/\/www.confagricoltura.org\/bologna\/#\/schema\/person\/image\/\",\"url\":\"https:\/\/secure.gravatar.com\/avatar\/edd9a034f35ea6aeadaf9744d1135acc?s=96&d=mm&r=g\",\"contentUrl\":\"https:\/\/secure.gravatar.com\/avatar\/edd9a034f35ea6aeadaf9744d1135acc?s=96&d=mm&r=g\",\"caption\":\"confagricolturabologna\"},\"url\":\"https:\/\/www.confagricoltura.org\/bologna\/author\/confagricolturabologna\/\"}]}<\/script>\n<!-- \/ Yoast SEO plugin. -->","yoast_head_json":{"title":"Aliquote contributive I.N.P.S. per l\u2019anno 2019. - Confagricoltura Bologna","robots":{"index":"index","follow":"follow","max-snippet":"max-snippet:-1","max-image-preview":"max-image-preview:large","max-video-preview":"max-video-preview:-1"},"canonical":"https:\/\/www.confagricoltura.org\/bologna\/aliquote-contributive-i-n-p-s-per-lanno-2019\/","og_locale":"it_IT","og_type":"article","og_title":"Aliquote contributive I.N.P.S. per l\u2019anno 2019. - Confagricoltura Bologna","og_description":"Aliquote contributive I.N.P.S. per l\u2019anno 2019. Pubblichiamo, come ogni anno, le tabelle relative alle aliquote contributive I.N.P.S. in vigore nel settore agricolo, per l\u2019anno 2019, per i lavoratori dipendenti e per i collaboratori coordinati e continuativi (ed assimilati), di aziende agricole. Lavoratori dipendenti Aumenti di aliquota Fondi pensione (FPLD) Completato il percorso di allineamento dell\u2019aliquota","og_url":"https:\/\/www.confagricoltura.org\/bologna\/aliquote-contributive-i-n-p-s-per-lanno-2019\/","og_site_name":"Confagricoltura Bologna","article_published_time":"2019-02-13T15:36:44+00:00","article_modified_time":"2021-03-11T12:11:31+00:00","author":"confagricolturabologna","twitter_card":"summary_large_image","twitter_misc":{"Scritto da":"confagricolturabologna","Tempo di lettura stimato":"9 minuti"},"schema":{"@context":"https:\/\/schema.org","@graph":[{"@type":"Article","@id":"https:\/\/www.confagricoltura.org\/bologna\/aliquote-contributive-i-n-p-s-per-lanno-2019\/#article","isPartOf":{"@id":"https:\/\/www.confagricoltura.org\/bologna\/aliquote-contributive-i-n-p-s-per-lanno-2019\/"},"author":{"name":"confagricolturabologna","@id":"https:\/\/www.confagricoltura.org\/bologna\/#\/schema\/person\/277baa2a725fb840103c5f8898746c7f"},"headline":"Aliquote contributive I.N.P.S. per l\u2019anno 2019.","datePublished":"2019-02-13T15:36:44+00:00","dateModified":"2021-03-11T12:11:31+00:00","mainEntityOfPage":{"@id":"https:\/\/www.confagricoltura.org\/bologna\/aliquote-contributive-i-n-p-s-per-lanno-2019\/"},"wordCount":1884,"commentCount":0,"articleSection":["Archivio"],"inLanguage":"it-IT"},{"@type":"WebPage","@id":"https:\/\/www.confagricoltura.org\/bologna\/aliquote-contributive-i-n-p-s-per-lanno-2019\/","url":"https:\/\/www.confagricoltura.org\/bologna\/aliquote-contributive-i-n-p-s-per-lanno-2019\/","name":"Aliquote contributive I.N.P.S. per l\u2019anno 2019. - Confagricoltura Bologna","isPartOf":{"@id":"https:\/\/www.confagricoltura.org\/bologna\/#website"},"datePublished":"2019-02-13T15:36:44+00:00","dateModified":"2021-03-11T12:11:31+00:00","author":{"@id":"https:\/\/www.confagricoltura.org\/bologna\/#\/schema\/person\/277baa2a725fb840103c5f8898746c7f"},"breadcrumb":{"@id":"https:\/\/www.confagricoltura.org\/bologna\/aliquote-contributive-i-n-p-s-per-lanno-2019\/#breadcrumb"},"inLanguage":"it-IT","potentialAction":[{"@type":"ReadAction","target":["https:\/\/www.confagricoltura.org\/bologna\/aliquote-contributive-i-n-p-s-per-lanno-2019\/"]}]},{"@type":"BreadcrumbList","@id":"https:\/\/www.confagricoltura.org\/bologna\/aliquote-contributive-i-n-p-s-per-lanno-2019\/#breadcrumb","itemListElement":[{"@type":"ListItem","position":1,"name":"Home","item":"https:\/\/www.confagricoltura.org\/bologna\/"},{"@type":"ListItem","position":2,"name":"Aliquote contributive I.N.P.S. per l\u2019anno 2019."}]},{"@type":"WebSite","@id":"https:\/\/www.confagricoltura.org\/bologna\/#website","url":"https:\/\/www.confagricoltura.org\/bologna\/","name":"Confagricoltura Bologna","description":"Dalla parte degli Agricoltori","potentialAction":[{"@type":"SearchAction","target":{"@type":"EntryPoint","urlTemplate":"https:\/\/www.confagricoltura.org\/bologna\/?s={search_term_string}"},"query-input":{"@type":"PropertyValueSpecification","valueRequired":true,"valueName":"search_term_string"}}],"inLanguage":"it-IT"},{"@type":"Person","@id":"https:\/\/www.confagricoltura.org\/bologna\/#\/schema\/person\/277baa2a725fb840103c5f8898746c7f","name":"confagricolturabologna","image":{"@type":"ImageObject","inLanguage":"it-IT","@id":"https:\/\/www.confagricoltura.org\/bologna\/#\/schema\/person\/image\/","url":"https:\/\/secure.gravatar.com\/avatar\/edd9a034f35ea6aeadaf9744d1135acc?s=96&d=mm&r=g","contentUrl":"https:\/\/secure.gravatar.com\/avatar\/edd9a034f35ea6aeadaf9744d1135acc?s=96&d=mm&r=g","caption":"confagricolturabologna"},"url":"https:\/\/www.confagricoltura.org\/bologna\/author\/confagricolturabologna\/"}]}},"_links":{"self":[{"href":"https:\/\/www.confagricoltura.org\/bologna\/wp-json\/wp\/v2\/posts\/2684","targetHints":{"allow":["GET"]}}],"collection":[{"href":"https:\/\/www.confagricoltura.org\/bologna\/wp-json\/wp\/v2\/posts"}],"about":[{"href":"https:\/\/www.confagricoltura.org\/bologna\/wp-json\/wp\/v2\/types\/post"}],"author":[{"embeddable":true,"href":"https:\/\/www.confagricoltura.org\/bologna\/wp-json\/wp\/v2\/users\/7"}],"replies":[{"embeddable":true,"href":"https:\/\/www.confagricoltura.org\/bologna\/wp-json\/wp\/v2\/comments?post=2684"}],"version-history":[{"count":1,"href":"https:\/\/www.confagricoltura.org\/bologna\/wp-json\/wp\/v2\/posts\/2684\/revisions"}],"predecessor-version":[{"id":4569,"href":"https:\/\/www.confagricoltura.org\/bologna\/wp-json\/wp\/v2\/posts\/2684\/revisions\/4569"}],"wp:attachment":[{"href":"https:\/\/www.confagricoltura.org\/bologna\/wp-json\/wp\/v2\/media?parent=2684"}],"wp:term":[{"taxonomy":"category","embeddable":true,"href":"https:\/\/www.confagricoltura.org\/bologna\/wp-json\/wp\/v2\/categories?post=2684"},{"taxonomy":"post_tag","embeddable":true,"href":"https:\/\/www.confagricoltura.org\/bologna\/wp-json\/wp\/v2\/tags?post=2684"}],"curies":[{"name":"wp","href":"https:\/\/api.w.org\/{rel}","templated":true}]}}