{"id":2553,"date":"2018-12-04T15:14:51","date_gmt":"2018-12-04T14:14:51","guid":{"rendered":"http:\/\/www.confagricoltura.org\/bologna\/?p=2553"},"modified":"2021-03-11T13:11:32","modified_gmt":"2021-03-11T12:11:32","slug":"stranieri-permessi-di-soggiorno-speciali-nuove-causali","status":"publish","type":"post","link":"https:\/\/www.confagricoltura.org\/bologna\/stranieri-permessi-di-soggiorno-speciali-nuove-causali\/","title":{"rendered":"Stranieri. Permessi di soggiorno speciali. Nuove causali."},"content":{"rendered":"<p>Il recente \u201cdecreto sicurezza\u201d (D.L. 4 ottobre 2018, n. 113, in G.U. 4 ottobre 2018, n. 231) ha cancellato i permessi di soggiorno \u201cumanitari\u201d ed istituito nuove causali speciali.<\/p>\n<p>Il decreto \u00e8 entrato in vigore il 5 ottobre u.s.<\/p>\n<p><u>Vittime di violenza domestica<\/u><\/p>\n<p>All\u2019art. 18 bis, del T.U. immigrazione, \u00e8 stato aggiunto un ulteriore comma (il comma 1 bis), con il quale si consente il rilascio di permessi di soggiorno aventi la dicitura \u201ccasi speciali\u201d; il permesso ha la durata di un anno e consente l\u2019accesso ai servizi assistenziali ed allo studio nonch\u00e9 l\u2019iscrizione nell\u2019elenco anagrafico e lo svolgimento di lavoro subordinato ed autonomo, fatti salvi i requisiti minimi di et\u00e0.<\/p>\n<p>Alla scadenza, il permesso di soggiorno pu\u00f2 essere convertito in permesso di soggiorno per motivi di lavoro subordinato o autonomo, secondo le modalit\u00e0 stabilite per tale permesso di soggiorno ovvero in permesso di soggiorno per motivi di studio qualora il titolare sia iscritto ad un corso regolare di studi.<\/p>\n<p>I permessi di soggiorno di cui si tratta sono quelli rilasciati a seguito di procedimenti giudiziari per i reati di cui agli artt. 572 (maltrattamenti contro familiari e conviventi), 582 e 583 (lesione personale e relative aggravanti), 583 bis (mutilazione degli organi genitali femminili), 605 (sequestro di persona), 609 bis (violenza sessuale) e 612 bis (atti persecutori) del codice penale o per uno dei delitti previsti dall\u2019articolo 380 del codice di procedura penale, per cui sia obbligatorio l\u2019arresto in flagranza, reati commessi sul territorio nazionale in ambito di violenza domestica.<\/p>\n<p>Si tratta perci\u00f2 di reati commessi ai danni di uno straniero e per situazioni di pericolo per la sua incolumit\u00e0; in tale caso, il questore pu\u00f2 rilasciare un permesso di soggiorno per consentire alla vittima delle violenze di sottrarsi alle stesse.<\/p>\n<p><u>Permesso per calamit\u00e0<\/u><\/p>\n<p>Il T.U. immigrazione \u00e8 integrato da un nuovo articolo (il 20 bis) che introduce un nuovo permesso di soggiorno; tale permesso \u00e8 rilasciato quando il Paese verso il quale lo straniero dovrebbe fare ritorno si trovi in una situazione di contingente ed eccezionale calamit\u00e0 tale da non consente il rientro e la permanenza in condizioni di sicurezza, il questore perci\u00f2 rilascia un permesso di soggiorno per calamit\u00e0; il permesso di soggiorno ha la durata di sei mesi, \u00e8 valido solo nel territorio nazionale e consente di svolgere attivit\u00e0 lavorativa, ma non pu\u00f2 essere convertito in permesso di soggiorno per motivi di lavoro.<\/p>\n<p><u>Sfruttamento<\/u><\/p>\n<p>Tale permesso \u00e8 analogo a quello gi\u00e0 in precedenza previsto, tale permesso \u00e8 concesso in caso di accertamento di casi di sfruttamento qualora il lavoratore extracomunitario presenti denuncia o cooperi nell\u2019ambito delle indagini nel procedimento penale apertosi nei confronti del datore di lavoro.<\/p>\n<p>Valgono in materia i criteri di cui all\u2019art. 603 bis del codice penale; si ha sfruttamento quando sia verificata:<\/p>\n<ul>\n<li>la reiterata corresponsione di retribuzioni in modo palesemente difforme dai contratti collettivi nazionali o territoriali stipulati dalle organizzazioni sindacali pi\u00f9 rappresentative a livello nazionale, o comunque sproporzionato rispetto alla quantit\u00e0 e qualit\u00e0 del lavoro prestato;<\/li>\n<li>la reiterata violazione della normativa relativa all\u2019orario di lavoro, ai periodi di riposo, al riposo settimanale, all\u2019aspettative obbligatoria, alle ferie;<\/li>\n<li>la sussistenza di violazioni delle norme in materia di sicurezza e igiene nei luoghi di lavoro;<\/li>\n<li>la sottoposizione del lavoratore a condizioni di lavoro, a metodi di sorveglianza o a situazioni alloggiative degradanti.<\/li>\n<\/ul>\n<p>Anche in questo caso il permesso di soggiorno \u00e8 per \u201ccasi speciali\u201d. Tale permesso consente lo svolgimento di attivit\u00e0 lavorativa e pu\u00f2 essere convertito in permesso di lavoro subordinato o autonomo. La durata \u00e8 di sei mesi e pu\u00f2 essere rinnovato per un anno.<\/p>\n<p><u>Atti di particolare valore civile<\/u><\/p>\n<p>Il nuovo art. 42 bis aggiunto al TU immigrazione prevede che qualora lo straniero abbia compiuto atti di particolare valore civile, il Ministro dell\u2019interno valuti la possibilit\u00e0 di autorizzare il rilascio di uno speciale permesso di soggiorno.<\/p>\n<p>Il permesso speciale di soggiorno ha la durata di due anni, rinnovabile; consente l\u2019accesso allo studio nonch\u00e9 di svolgere attivit\u00e0 lavorativa e potr\u00e0 essere convertito in permesso di soggiorno per motivi di lavoro autonomo o subordinato.<\/p>\n<p>(M. Mazzanti)<\/p>\n","protected":false},"excerpt":{"rendered":"<p>Il recente \u201cdecreto sicurezza\u201d (D.L. 4 ottobre 2018, n. 113, in G.U. 4 ottobre 2018, n. 231) ha cancellato i permessi di soggiorno \u201cumanitari\u201d ed istituito nuove causali speciali. Il decreto \u00e8 entrato in vigore il 5 ottobre u.s. Vittime di violenza domestica All\u2019art. 18 bis, del T.U. immigrazione, \u00e8 stato aggiunto un ulteriore comma<\/p>\n","protected":false},"author":7,"featured_media":0,"comment_status":"open","ping_status":"open","sticky":false,"template":"","format":"standard","meta":{"wp_mapbox_gl_js_media":[],"footnotes":""},"categories":[29],"tags":[],"class_list":["post-2553","post","type-post","status-publish","format-standard","hentry","category-archivio"],"yoast_head":"<!-- This site is optimized with the Yoast SEO plugin v26.8 - https:\/\/yoast.com\/product\/yoast-seo-wordpress\/ -->\n<title>Stranieri. Permessi di soggiorno speciali. Nuove causali. - Confagricoltura Bologna<\/title>\n<meta name=\"robots\" content=\"index, follow, max-snippet:-1, max-image-preview:large, max-video-preview:-1\" \/>\n<link rel=\"canonical\" href=\"https:\/\/www.confagricoltura.org\/bologna\/stranieri-permessi-di-soggiorno-speciali-nuove-causali\/\" \/>\n<meta property=\"og:locale\" content=\"it_IT\" \/>\n<meta property=\"og:type\" content=\"article\" \/>\n<meta property=\"og:title\" content=\"Stranieri. Permessi di soggiorno speciali. Nuove causali. - Confagricoltura Bologna\" \/>\n<meta property=\"og:description\" content=\"Il recente \u201cdecreto sicurezza\u201d (D.L. 4 ottobre 2018, n. 113, in G.U. 4 ottobre 2018, n. 231) ha cancellato i permessi di soggiorno \u201cumanitari\u201d ed istituito nuove causali speciali. Il decreto \u00e8 entrato in vigore il 5 ottobre u.s. Vittime di violenza domestica All\u2019art. 18 bis, del T.U. immigrazione, \u00e8 stato aggiunto un ulteriore comma\" \/>\n<meta property=\"og:url\" content=\"https:\/\/www.confagricoltura.org\/bologna\/stranieri-permessi-di-soggiorno-speciali-nuove-causali\/\" \/>\n<meta property=\"og:site_name\" content=\"Confagricoltura Bologna\" \/>\n<meta property=\"article:published_time\" content=\"2018-12-04T14:14:51+00:00\" \/>\n<meta property=\"article:modified_time\" content=\"2021-03-11T12:11:32+00:00\" \/>\n<meta name=\"author\" content=\"confagricolturabologna\" \/>\n<meta name=\"twitter:card\" content=\"summary_large_image\" \/>\n<meta name=\"twitter:label1\" content=\"Scritto da\" \/>\n\t<meta name=\"twitter:data1\" content=\"confagricolturabologna\" \/>\n\t<meta name=\"twitter:label2\" content=\"Tempo di lettura stimato\" \/>\n\t<meta name=\"twitter:data2\" content=\"3 minuti\" \/>\n<script type=\"application\/ld+json\" class=\"yoast-schema-graph\">{\"@context\":\"https:\/\/schema.org\",\"@graph\":[{\"@type\":\"Article\",\"@id\":\"https:\/\/www.confagricoltura.org\/bologna\/stranieri-permessi-di-soggiorno-speciali-nuove-causali\/#article\",\"isPartOf\":{\"@id\":\"https:\/\/www.confagricoltura.org\/bologna\/stranieri-permessi-di-soggiorno-speciali-nuove-causali\/\"},\"author\":{\"name\":\"confagricolturabologna\",\"@id\":\"https:\/\/www.confagricoltura.org\/bologna\/#\/schema\/person\/277baa2a725fb840103c5f8898746c7f\"},\"headline\":\"Stranieri. Permessi di soggiorno speciali. Nuove causali.\",\"datePublished\":\"2018-12-04T14:14:51+00:00\",\"dateModified\":\"2021-03-11T12:11:32+00:00\",\"mainEntityOfPage\":{\"@id\":\"https:\/\/www.confagricoltura.org\/bologna\/stranieri-permessi-di-soggiorno-speciali-nuove-causali\/\"},\"wordCount\":666,\"commentCount\":0,\"articleSection\":[\"Archivio\"],\"inLanguage\":\"it-IT\"},{\"@type\":\"WebPage\",\"@id\":\"https:\/\/www.confagricoltura.org\/bologna\/stranieri-permessi-di-soggiorno-speciali-nuove-causali\/\",\"url\":\"https:\/\/www.confagricoltura.org\/bologna\/stranieri-permessi-di-soggiorno-speciali-nuove-causali\/\",\"name\":\"Stranieri. Permessi di soggiorno speciali. Nuove causali. - Confagricoltura Bologna\",\"isPartOf\":{\"@id\":\"https:\/\/www.confagricoltura.org\/bologna\/#website\"},\"datePublished\":\"2018-12-04T14:14:51+00:00\",\"dateModified\":\"2021-03-11T12:11:32+00:00\",\"author\":{\"@id\":\"https:\/\/www.confagricoltura.org\/bologna\/#\/schema\/person\/277baa2a725fb840103c5f8898746c7f\"},\"breadcrumb\":{\"@id\":\"https:\/\/www.confagricoltura.org\/bologna\/stranieri-permessi-di-soggiorno-speciali-nuove-causali\/#breadcrumb\"},\"inLanguage\":\"it-IT\",\"potentialAction\":[{\"@type\":\"ReadAction\",\"target\":[\"https:\/\/www.confagricoltura.org\/bologna\/stranieri-permessi-di-soggiorno-speciali-nuove-causali\/\"]}]},{\"@type\":\"BreadcrumbList\",\"@id\":\"https:\/\/www.confagricoltura.org\/bologna\/stranieri-permessi-di-soggiorno-speciali-nuove-causali\/#breadcrumb\",\"itemListElement\":[{\"@type\":\"ListItem\",\"position\":1,\"name\":\"Home\",\"item\":\"https:\/\/www.confagricoltura.org\/bologna\/\"},{\"@type\":\"ListItem\",\"position\":2,\"name\":\"Stranieri. Permessi di soggiorno speciali. Nuove causali.\"}]},{\"@type\":\"WebSite\",\"@id\":\"https:\/\/www.confagricoltura.org\/bologna\/#website\",\"url\":\"https:\/\/www.confagricoltura.org\/bologna\/\",\"name\":\"Confagricoltura Bologna\",\"description\":\"Dalla parte degli Agricoltori\",\"potentialAction\":[{\"@type\":\"SearchAction\",\"target\":{\"@type\":\"EntryPoint\",\"urlTemplate\":\"https:\/\/www.confagricoltura.org\/bologna\/?s={search_term_string}\"},\"query-input\":{\"@type\":\"PropertyValueSpecification\",\"valueRequired\":true,\"valueName\":\"search_term_string\"}}],\"inLanguage\":\"it-IT\"},{\"@type\":\"Person\",\"@id\":\"https:\/\/www.confagricoltura.org\/bologna\/#\/schema\/person\/277baa2a725fb840103c5f8898746c7f\",\"name\":\"confagricolturabologna\",\"image\":{\"@type\":\"ImageObject\",\"inLanguage\":\"it-IT\",\"@id\":\"https:\/\/www.confagricoltura.org\/bologna\/#\/schema\/person\/image\/\",\"url\":\"https:\/\/secure.gravatar.com\/avatar\/edd9a034f35ea6aeadaf9744d1135acc?s=96&d=mm&r=g\",\"contentUrl\":\"https:\/\/secure.gravatar.com\/avatar\/edd9a034f35ea6aeadaf9744d1135acc?s=96&d=mm&r=g\",\"caption\":\"confagricolturabologna\"},\"url\":\"https:\/\/www.confagricoltura.org\/bologna\/author\/confagricolturabologna\/\"}]}<\/script>\n<!-- \/ Yoast SEO plugin. -->","yoast_head_json":{"title":"Stranieri. Permessi di soggiorno speciali. Nuove causali. - Confagricoltura Bologna","robots":{"index":"index","follow":"follow","max-snippet":"max-snippet:-1","max-image-preview":"max-image-preview:large","max-video-preview":"max-video-preview:-1"},"canonical":"https:\/\/www.confagricoltura.org\/bologna\/stranieri-permessi-di-soggiorno-speciali-nuove-causali\/","og_locale":"it_IT","og_type":"article","og_title":"Stranieri. Permessi di soggiorno speciali. Nuove causali. - Confagricoltura Bologna","og_description":"Il recente \u201cdecreto sicurezza\u201d (D.L. 4 ottobre 2018, n. 113, in G.U. 4 ottobre 2018, n. 231) ha cancellato i permessi di soggiorno \u201cumanitari\u201d ed istituito nuove causali speciali. Il decreto \u00e8 entrato in vigore il 5 ottobre u.s. Vittime di violenza domestica All\u2019art. 18 bis, del T.U. immigrazione, \u00e8 stato aggiunto un ulteriore comma","og_url":"https:\/\/www.confagricoltura.org\/bologna\/stranieri-permessi-di-soggiorno-speciali-nuove-causali\/","og_site_name":"Confagricoltura Bologna","article_published_time":"2018-12-04T14:14:51+00:00","article_modified_time":"2021-03-11T12:11:32+00:00","author":"confagricolturabologna","twitter_card":"summary_large_image","twitter_misc":{"Scritto da":"confagricolturabologna","Tempo di lettura stimato":"3 minuti"},"schema":{"@context":"https:\/\/schema.org","@graph":[{"@type":"Article","@id":"https:\/\/www.confagricoltura.org\/bologna\/stranieri-permessi-di-soggiorno-speciali-nuove-causali\/#article","isPartOf":{"@id":"https:\/\/www.confagricoltura.org\/bologna\/stranieri-permessi-di-soggiorno-speciali-nuove-causali\/"},"author":{"name":"confagricolturabologna","@id":"https:\/\/www.confagricoltura.org\/bologna\/#\/schema\/person\/277baa2a725fb840103c5f8898746c7f"},"headline":"Stranieri. Permessi di soggiorno speciali. Nuove causali.","datePublished":"2018-12-04T14:14:51+00:00","dateModified":"2021-03-11T12:11:32+00:00","mainEntityOfPage":{"@id":"https:\/\/www.confagricoltura.org\/bologna\/stranieri-permessi-di-soggiorno-speciali-nuove-causali\/"},"wordCount":666,"commentCount":0,"articleSection":["Archivio"],"inLanguage":"it-IT"},{"@type":"WebPage","@id":"https:\/\/www.confagricoltura.org\/bologna\/stranieri-permessi-di-soggiorno-speciali-nuove-causali\/","url":"https:\/\/www.confagricoltura.org\/bologna\/stranieri-permessi-di-soggiorno-speciali-nuove-causali\/","name":"Stranieri. Permessi di soggiorno speciali. Nuove causali. - Confagricoltura Bologna","isPartOf":{"@id":"https:\/\/www.confagricoltura.org\/bologna\/#website"},"datePublished":"2018-12-04T14:14:51+00:00","dateModified":"2021-03-11T12:11:32+00:00","author":{"@id":"https:\/\/www.confagricoltura.org\/bologna\/#\/schema\/person\/277baa2a725fb840103c5f8898746c7f"},"breadcrumb":{"@id":"https:\/\/www.confagricoltura.org\/bologna\/stranieri-permessi-di-soggiorno-speciali-nuove-causali\/#breadcrumb"},"inLanguage":"it-IT","potentialAction":[{"@type":"ReadAction","target":["https:\/\/www.confagricoltura.org\/bologna\/stranieri-permessi-di-soggiorno-speciali-nuove-causali\/"]}]},{"@type":"BreadcrumbList","@id":"https:\/\/www.confagricoltura.org\/bologna\/stranieri-permessi-di-soggiorno-speciali-nuove-causali\/#breadcrumb","itemListElement":[{"@type":"ListItem","position":1,"name":"Home","item":"https:\/\/www.confagricoltura.org\/bologna\/"},{"@type":"ListItem","position":2,"name":"Stranieri. Permessi di soggiorno speciali. Nuove causali."}]},{"@type":"WebSite","@id":"https:\/\/www.confagricoltura.org\/bologna\/#website","url":"https:\/\/www.confagricoltura.org\/bologna\/","name":"Confagricoltura Bologna","description":"Dalla parte degli Agricoltori","potentialAction":[{"@type":"SearchAction","target":{"@type":"EntryPoint","urlTemplate":"https:\/\/www.confagricoltura.org\/bologna\/?s={search_term_string}"},"query-input":{"@type":"PropertyValueSpecification","valueRequired":true,"valueName":"search_term_string"}}],"inLanguage":"it-IT"},{"@type":"Person","@id":"https:\/\/www.confagricoltura.org\/bologna\/#\/schema\/person\/277baa2a725fb840103c5f8898746c7f","name":"confagricolturabologna","image":{"@type":"ImageObject","inLanguage":"it-IT","@id":"https:\/\/www.confagricoltura.org\/bologna\/#\/schema\/person\/image\/","url":"https:\/\/secure.gravatar.com\/avatar\/edd9a034f35ea6aeadaf9744d1135acc?s=96&d=mm&r=g","contentUrl":"https:\/\/secure.gravatar.com\/avatar\/edd9a034f35ea6aeadaf9744d1135acc?s=96&d=mm&r=g","caption":"confagricolturabologna"},"url":"https:\/\/www.confagricoltura.org\/bologna\/author\/confagricolturabologna\/"}]}},"_links":{"self":[{"href":"https:\/\/www.confagricoltura.org\/bologna\/wp-json\/wp\/v2\/posts\/2553","targetHints":{"allow":["GET"]}}],"collection":[{"href":"https:\/\/www.confagricoltura.org\/bologna\/wp-json\/wp\/v2\/posts"}],"about":[{"href":"https:\/\/www.confagricoltura.org\/bologna\/wp-json\/wp\/v2\/types\/post"}],"author":[{"embeddable":true,"href":"https:\/\/www.confagricoltura.org\/bologna\/wp-json\/wp\/v2\/users\/7"}],"replies":[{"embeddable":true,"href":"https:\/\/www.confagricoltura.org\/bologna\/wp-json\/wp\/v2\/comments?post=2553"}],"version-history":[{"count":1,"href":"https:\/\/www.confagricoltura.org\/bologna\/wp-json\/wp\/v2\/posts\/2553\/revisions"}],"predecessor-version":[{"id":4605,"href":"https:\/\/www.confagricoltura.org\/bologna\/wp-json\/wp\/v2\/posts\/2553\/revisions\/4605"}],"wp:attachment":[{"href":"https:\/\/www.confagricoltura.org\/bologna\/wp-json\/wp\/v2\/media?parent=2553"}],"wp:term":[{"taxonomy":"category","embeddable":true,"href":"https:\/\/www.confagricoltura.org\/bologna\/wp-json\/wp\/v2\/categories?post=2553"},{"taxonomy":"post_tag","embeddable":true,"href":"https:\/\/www.confagricoltura.org\/bologna\/wp-json\/wp\/v2\/tags?post=2553"}],"curies":[{"name":"wp","href":"https:\/\/api.w.org\/{rel}","templated":true}]}}