{"id":2551,"date":"2018-12-04T15:14:04","date_gmt":"2018-12-04T14:14:04","guid":{"rendered":"http:\/\/www.confagricoltura.org\/bologna\/?p=2551"},"modified":"2021-03-11T13:11:32","modified_gmt":"2021-03-11T12:11:32","slug":"i-n-p-s-ed-omissioni-contributive-procedura-per-le-denunce-di-reato","status":"publish","type":"post","link":"https:\/\/www.confagricoltura.org\/bologna\/i-n-p-s-ed-omissioni-contributive-procedura-per-le-denunce-di-reato\/","title":{"rendered":"I.N.P.S. ed omissioni contributive: procedura per le denunce di reato."},"content":{"rendered":"<p><strong>I.N.P.S. ed omissioni contributive: procedura per le denunce di reato.<\/strong><\/p>\n<p>&nbsp;<\/p>\n<p>Come \u00e8 noto, onde contrastare le omissioni contributive, l\u2019art. 3 del D.lgs. n. 8\/2016, modificando precedenti normative, aveva introdotto nell\u2019ordinamento nuove fattispecie punitive, la prima di carattere penale, la seconda di tipo amministrativo.<\/p>\n<p>In particolare, con tale norma, l\u2019omesso versamento delle ritenute per un importo superiore ad euro 10.000 annui, \u00e8 punito con la reclusione fino a tre anni e con la multa fino ad euro 1.032; qualora, viceversa, l\u2019importo omesso non sia superiore ad euro 10.000 annui, si prevede la applicazione della sanzione amministrativa pecuniaria da euro 10.000 ad euro 50.000.<\/p>\n<p>Il datore di lavoro non \u00e8 per\u00f2 punibile, n\u00e9 pu\u00f2 essere assoggettato alla sanzione amministrativa, qualora provveda al pagamento delle ritenute entro tre mesi dalla contestazione o dalla notifica dell\u2019accertamento della violazione.<\/p>\n<p>Con messaggio n. 3691 del giorno 08\/10\/2018, l\u2019I.N.P.S. informa dell\u2019adozione di una nuova procedura atta a razionalizzare le attivit\u00e0 connesse alla trasmissione, alla autorit\u00e0, delle denunce di reato.<\/p>\n<p>Con tale procedura l\u2019I.N.P.S. \u00e8 in grado di operare la corretta gestione delle due diverse ipotesi di illecito, la prima penale e l\u2019altra di carattere amministrativo, previste dal legislatore all\u2019art. 2, comma 1-bis, del decreto legge 12 settembre 1983, n. 463, convertito con modificazioni dalla legge 11 novembre 1983, n. 638, come novellato dall\u2019art. 3, comma 6, del decreto legislativo 15 gennaio 2016, n. 8, attuativo della legge 28 aprile 2014, n. 67.<\/p>\n<p>L\u2019I.N.P.S. al riguardo precisa che sono state apportate alla procedura G.I.L.D.A. le necessarie implementazioni per consentire l\u2019emissione delle denunce di reato all\u2019Autorit\u00e0 giudiziaria, ai sensi dell\u2019art. 2, comma 1-ter, del D.L. n. 463\/1983, in relazione agli accertamenti di violazione per omesso versamento delle ritenute di importo superiore a euro 10.000 annui (tale fattispecie, conferma l\u2019INPS, continua a rivestire rilevanza pensale ed \u00e8 punita con la reclusione fino a tre anni e con la multa fino ad euro 1.032,00).<\/p>\n<p>Con l\u2019atto di accertamento l\u2019I.N.P.S. proceder\u00e0 ad assegnare al datore di lavoro un termine di tre mesi, decorrenti dalla notifica dello stesso, per il versamento delle ritenute previdenziali operate e non versate.<\/p>\n<p>Peraltro, l\u2019Istituto conferma come, ai fini dell\u2019attivazione della fase di denuncia all\u2019Autorit\u00e0 giudiziaria, pur in presenza di regolarizzazione effettuata nei termini previsti che costituisce causa di non punibilit\u00e0, permane l\u2019obbligo per l\u2019I.N.P.S. di effettuare la denuncia del reato.<\/p>\n<p>La nuova procedura \u00e8 gi\u00e0 disponibile dal 10 ottobre; tale funzionalit\u00e0 nell\u2019ambito dell\u2019applicativo G.I.L.D.A. \u00e8 denominata \u201cGestione Denunce\u201d, con la quale sono evidenziate tutte le diffide notificate per omesso versamento delle ritenute di importo superiore a euro 10.000 annui per le quali procedere alla denuncia alla competente Autorit\u00e0 giudiziaria.<\/p>\n<p>(M. Mazzanti)<\/p>\n","protected":false},"excerpt":{"rendered":"<p>I.N.P.S. ed omissioni contributive: procedura per le denunce di reato. &nbsp; Come \u00e8 noto, onde contrastare le omissioni contributive, l\u2019art. 3 del D.lgs. n. 8\/2016, modificando precedenti normative, aveva introdotto nell\u2019ordinamento nuove fattispecie punitive, la prima di carattere penale, la seconda di tipo amministrativo. In particolare, con tale norma, l\u2019omesso versamento delle ritenute per un<\/p>\n","protected":false},"author":7,"featured_media":0,"comment_status":"open","ping_status":"open","sticky":false,"template":"","format":"standard","meta":{"wp_mapbox_gl_js_media":[],"footnotes":""},"categories":[29],"tags":[],"class_list":["post-2551","post","type-post","status-publish","format-standard","hentry","category-archivio"],"yoast_head":"<!-- This site is optimized with the Yoast SEO plugin v26.8 - https:\/\/yoast.com\/product\/yoast-seo-wordpress\/ -->\n<title>I.N.P.S. ed omissioni contributive: procedura per le denunce di reato. - Confagricoltura Bologna<\/title>\n<meta name=\"robots\" content=\"index, follow, max-snippet:-1, max-image-preview:large, max-video-preview:-1\" \/>\n<link rel=\"canonical\" href=\"https:\/\/www.confagricoltura.org\/bologna\/i-n-p-s-ed-omissioni-contributive-procedura-per-le-denunce-di-reato\/\" \/>\n<meta property=\"og:locale\" content=\"it_IT\" \/>\n<meta property=\"og:type\" content=\"article\" \/>\n<meta property=\"og:title\" content=\"I.N.P.S. ed omissioni contributive: procedura per le denunce di reato. - Confagricoltura Bologna\" \/>\n<meta property=\"og:description\" content=\"I.N.P.S. ed omissioni contributive: procedura per le denunce di reato. &nbsp; Come \u00e8 noto, onde contrastare le omissioni contributive, l\u2019art. 3 del D.lgs. n. 8\/2016, modificando precedenti normative, aveva introdotto nell\u2019ordinamento nuove fattispecie punitive, la prima di carattere penale, la seconda di tipo amministrativo. In particolare, con tale norma, l\u2019omesso versamento delle ritenute per un\" \/>\n<meta property=\"og:url\" content=\"https:\/\/www.confagricoltura.org\/bologna\/i-n-p-s-ed-omissioni-contributive-procedura-per-le-denunce-di-reato\/\" \/>\n<meta property=\"og:site_name\" content=\"Confagricoltura Bologna\" \/>\n<meta property=\"article:published_time\" content=\"2018-12-04T14:14:04+00:00\" \/>\n<meta property=\"article:modified_time\" content=\"2021-03-11T12:11:32+00:00\" \/>\n<meta name=\"author\" content=\"confagricolturabologna\" \/>\n<meta name=\"twitter:card\" content=\"summary_large_image\" \/>\n<meta name=\"twitter:label1\" content=\"Scritto da\" \/>\n\t<meta name=\"twitter:data1\" content=\"confagricolturabologna\" \/>\n\t<meta name=\"twitter:label2\" content=\"Tempo di lettura stimato\" \/>\n\t<meta name=\"twitter:data2\" content=\"2 minuti\" \/>\n<script type=\"application\/ld+json\" class=\"yoast-schema-graph\">{\"@context\":\"https:\/\/schema.org\",\"@graph\":[{\"@type\":\"Article\",\"@id\":\"https:\/\/www.confagricoltura.org\/bologna\/i-n-p-s-ed-omissioni-contributive-procedura-per-le-denunce-di-reato\/#article\",\"isPartOf\":{\"@id\":\"https:\/\/www.confagricoltura.org\/bologna\/i-n-p-s-ed-omissioni-contributive-procedura-per-le-denunce-di-reato\/\"},\"author\":{\"name\":\"confagricolturabologna\",\"@id\":\"https:\/\/www.confagricoltura.org\/bologna\/#\/schema\/person\/277baa2a725fb840103c5f8898746c7f\"},\"headline\":\"I.N.P.S. ed omissioni contributive: procedura per le denunce di reato.\",\"datePublished\":\"2018-12-04T14:14:04+00:00\",\"dateModified\":\"2021-03-11T12:11:32+00:00\",\"mainEntityOfPage\":{\"@id\":\"https:\/\/www.confagricoltura.org\/bologna\/i-n-p-s-ed-omissioni-contributive-procedura-per-le-denunce-di-reato\/\"},\"wordCount\":464,\"commentCount\":0,\"articleSection\":[\"Archivio\"],\"inLanguage\":\"it-IT\"},{\"@type\":\"WebPage\",\"@id\":\"https:\/\/www.confagricoltura.org\/bologna\/i-n-p-s-ed-omissioni-contributive-procedura-per-le-denunce-di-reato\/\",\"url\":\"https:\/\/www.confagricoltura.org\/bologna\/i-n-p-s-ed-omissioni-contributive-procedura-per-le-denunce-di-reato\/\",\"name\":\"I.N.P.S. ed omissioni contributive: procedura per le denunce di reato. - Confagricoltura Bologna\",\"isPartOf\":{\"@id\":\"https:\/\/www.confagricoltura.org\/bologna\/#website\"},\"datePublished\":\"2018-12-04T14:14:04+00:00\",\"dateModified\":\"2021-03-11T12:11:32+00:00\",\"author\":{\"@id\":\"https:\/\/www.confagricoltura.org\/bologna\/#\/schema\/person\/277baa2a725fb840103c5f8898746c7f\"},\"breadcrumb\":{\"@id\":\"https:\/\/www.confagricoltura.org\/bologna\/i-n-p-s-ed-omissioni-contributive-procedura-per-le-denunce-di-reato\/#breadcrumb\"},\"inLanguage\":\"it-IT\",\"potentialAction\":[{\"@type\":\"ReadAction\",\"target\":[\"https:\/\/www.confagricoltura.org\/bologna\/i-n-p-s-ed-omissioni-contributive-procedura-per-le-denunce-di-reato\/\"]}]},{\"@type\":\"BreadcrumbList\",\"@id\":\"https:\/\/www.confagricoltura.org\/bologna\/i-n-p-s-ed-omissioni-contributive-procedura-per-le-denunce-di-reato\/#breadcrumb\",\"itemListElement\":[{\"@type\":\"ListItem\",\"position\":1,\"name\":\"Home\",\"item\":\"https:\/\/www.confagricoltura.org\/bologna\/\"},{\"@type\":\"ListItem\",\"position\":2,\"name\":\"I.N.P.S. ed omissioni contributive: procedura per le denunce di reato.\"}]},{\"@type\":\"WebSite\",\"@id\":\"https:\/\/www.confagricoltura.org\/bologna\/#website\",\"url\":\"https:\/\/www.confagricoltura.org\/bologna\/\",\"name\":\"Confagricoltura Bologna\",\"description\":\"Dalla parte degli Agricoltori\",\"potentialAction\":[{\"@type\":\"SearchAction\",\"target\":{\"@type\":\"EntryPoint\",\"urlTemplate\":\"https:\/\/www.confagricoltura.org\/bologna\/?s={search_term_string}\"},\"query-input\":{\"@type\":\"PropertyValueSpecification\",\"valueRequired\":true,\"valueName\":\"search_term_string\"}}],\"inLanguage\":\"it-IT\"},{\"@type\":\"Person\",\"@id\":\"https:\/\/www.confagricoltura.org\/bologna\/#\/schema\/person\/277baa2a725fb840103c5f8898746c7f\",\"name\":\"confagricolturabologna\",\"image\":{\"@type\":\"ImageObject\",\"inLanguage\":\"it-IT\",\"@id\":\"https:\/\/www.confagricoltura.org\/bologna\/#\/schema\/person\/image\/\",\"url\":\"https:\/\/secure.gravatar.com\/avatar\/edd9a034f35ea6aeadaf9744d1135acc?s=96&d=mm&r=g\",\"contentUrl\":\"https:\/\/secure.gravatar.com\/avatar\/edd9a034f35ea6aeadaf9744d1135acc?s=96&d=mm&r=g\",\"caption\":\"confagricolturabologna\"},\"url\":\"https:\/\/www.confagricoltura.org\/bologna\/author\/confagricolturabologna\/\"}]}<\/script>\n<!-- \/ Yoast SEO plugin. -->","yoast_head_json":{"title":"I.N.P.S. ed omissioni contributive: procedura per le denunce di reato. - Confagricoltura Bologna","robots":{"index":"index","follow":"follow","max-snippet":"max-snippet:-1","max-image-preview":"max-image-preview:large","max-video-preview":"max-video-preview:-1"},"canonical":"https:\/\/www.confagricoltura.org\/bologna\/i-n-p-s-ed-omissioni-contributive-procedura-per-le-denunce-di-reato\/","og_locale":"it_IT","og_type":"article","og_title":"I.N.P.S. ed omissioni contributive: procedura per le denunce di reato. - Confagricoltura Bologna","og_description":"I.N.P.S. ed omissioni contributive: procedura per le denunce di reato. &nbsp; Come \u00e8 noto, onde contrastare le omissioni contributive, l\u2019art. 3 del D.lgs. n. 8\/2016, modificando precedenti normative, aveva introdotto nell\u2019ordinamento nuove fattispecie punitive, la prima di carattere penale, la seconda di tipo amministrativo. In particolare, con tale norma, l\u2019omesso versamento delle ritenute per un","og_url":"https:\/\/www.confagricoltura.org\/bologna\/i-n-p-s-ed-omissioni-contributive-procedura-per-le-denunce-di-reato\/","og_site_name":"Confagricoltura Bologna","article_published_time":"2018-12-04T14:14:04+00:00","article_modified_time":"2021-03-11T12:11:32+00:00","author":"confagricolturabologna","twitter_card":"summary_large_image","twitter_misc":{"Scritto da":"confagricolturabologna","Tempo di lettura stimato":"2 minuti"},"schema":{"@context":"https:\/\/schema.org","@graph":[{"@type":"Article","@id":"https:\/\/www.confagricoltura.org\/bologna\/i-n-p-s-ed-omissioni-contributive-procedura-per-le-denunce-di-reato\/#article","isPartOf":{"@id":"https:\/\/www.confagricoltura.org\/bologna\/i-n-p-s-ed-omissioni-contributive-procedura-per-le-denunce-di-reato\/"},"author":{"name":"confagricolturabologna","@id":"https:\/\/www.confagricoltura.org\/bologna\/#\/schema\/person\/277baa2a725fb840103c5f8898746c7f"},"headline":"I.N.P.S. ed omissioni contributive: procedura per le denunce di reato.","datePublished":"2018-12-04T14:14:04+00:00","dateModified":"2021-03-11T12:11:32+00:00","mainEntityOfPage":{"@id":"https:\/\/www.confagricoltura.org\/bologna\/i-n-p-s-ed-omissioni-contributive-procedura-per-le-denunce-di-reato\/"},"wordCount":464,"commentCount":0,"articleSection":["Archivio"],"inLanguage":"it-IT"},{"@type":"WebPage","@id":"https:\/\/www.confagricoltura.org\/bologna\/i-n-p-s-ed-omissioni-contributive-procedura-per-le-denunce-di-reato\/","url":"https:\/\/www.confagricoltura.org\/bologna\/i-n-p-s-ed-omissioni-contributive-procedura-per-le-denunce-di-reato\/","name":"I.N.P.S. ed omissioni contributive: procedura per le denunce di reato. - Confagricoltura Bologna","isPartOf":{"@id":"https:\/\/www.confagricoltura.org\/bologna\/#website"},"datePublished":"2018-12-04T14:14:04+00:00","dateModified":"2021-03-11T12:11:32+00:00","author":{"@id":"https:\/\/www.confagricoltura.org\/bologna\/#\/schema\/person\/277baa2a725fb840103c5f8898746c7f"},"breadcrumb":{"@id":"https:\/\/www.confagricoltura.org\/bologna\/i-n-p-s-ed-omissioni-contributive-procedura-per-le-denunce-di-reato\/#breadcrumb"},"inLanguage":"it-IT","potentialAction":[{"@type":"ReadAction","target":["https:\/\/www.confagricoltura.org\/bologna\/i-n-p-s-ed-omissioni-contributive-procedura-per-le-denunce-di-reato\/"]}]},{"@type":"BreadcrumbList","@id":"https:\/\/www.confagricoltura.org\/bologna\/i-n-p-s-ed-omissioni-contributive-procedura-per-le-denunce-di-reato\/#breadcrumb","itemListElement":[{"@type":"ListItem","position":1,"name":"Home","item":"https:\/\/www.confagricoltura.org\/bologna\/"},{"@type":"ListItem","position":2,"name":"I.N.P.S. ed omissioni contributive: procedura per le denunce di reato."}]},{"@type":"WebSite","@id":"https:\/\/www.confagricoltura.org\/bologna\/#website","url":"https:\/\/www.confagricoltura.org\/bologna\/","name":"Confagricoltura Bologna","description":"Dalla parte degli Agricoltori","potentialAction":[{"@type":"SearchAction","target":{"@type":"EntryPoint","urlTemplate":"https:\/\/www.confagricoltura.org\/bologna\/?s={search_term_string}"},"query-input":{"@type":"PropertyValueSpecification","valueRequired":true,"valueName":"search_term_string"}}],"inLanguage":"it-IT"},{"@type":"Person","@id":"https:\/\/www.confagricoltura.org\/bologna\/#\/schema\/person\/277baa2a725fb840103c5f8898746c7f","name":"confagricolturabologna","image":{"@type":"ImageObject","inLanguage":"it-IT","@id":"https:\/\/www.confagricoltura.org\/bologna\/#\/schema\/person\/image\/","url":"https:\/\/secure.gravatar.com\/avatar\/edd9a034f35ea6aeadaf9744d1135acc?s=96&d=mm&r=g","contentUrl":"https:\/\/secure.gravatar.com\/avatar\/edd9a034f35ea6aeadaf9744d1135acc?s=96&d=mm&r=g","caption":"confagricolturabologna"},"url":"https:\/\/www.confagricoltura.org\/bologna\/author\/confagricolturabologna\/"}]}},"_links":{"self":[{"href":"https:\/\/www.confagricoltura.org\/bologna\/wp-json\/wp\/v2\/posts\/2551","targetHints":{"allow":["GET"]}}],"collection":[{"href":"https:\/\/www.confagricoltura.org\/bologna\/wp-json\/wp\/v2\/posts"}],"about":[{"href":"https:\/\/www.confagricoltura.org\/bologna\/wp-json\/wp\/v2\/types\/post"}],"author":[{"embeddable":true,"href":"https:\/\/www.confagricoltura.org\/bologna\/wp-json\/wp\/v2\/users\/7"}],"replies":[{"embeddable":true,"href":"https:\/\/www.confagricoltura.org\/bologna\/wp-json\/wp\/v2\/comments?post=2551"}],"version-history":[{"count":1,"href":"https:\/\/www.confagricoltura.org\/bologna\/wp-json\/wp\/v2\/posts\/2551\/revisions"}],"predecessor-version":[{"id":4606,"href":"https:\/\/www.confagricoltura.org\/bologna\/wp-json\/wp\/v2\/posts\/2551\/revisions\/4606"}],"wp:attachment":[{"href":"https:\/\/www.confagricoltura.org\/bologna\/wp-json\/wp\/v2\/media?parent=2551"}],"wp:term":[{"taxonomy":"category","embeddable":true,"href":"https:\/\/www.confagricoltura.org\/bologna\/wp-json\/wp\/v2\/categories?post=2551"},{"taxonomy":"post_tag","embeddable":true,"href":"https:\/\/www.confagricoltura.org\/bologna\/wp-json\/wp\/v2\/tags?post=2551"}],"curies":[{"name":"wp","href":"https:\/\/api.w.org\/{rel}","templated":true}]}}