{"id":2488,"date":"2018-10-24T11:12:47","date_gmt":"2018-10-24T09:12:47","guid":{"rendered":"http:\/\/www.confagricoltura.org\/bologna\/?p=2488"},"modified":"2021-03-11T13:11:32","modified_gmt":"2021-03-11T12:11:32","slug":"emilia-romagna-al-via-la-mis-8-sottomis-8-6-sostegno-agli-investimenti-tecnologie-silvicole-e-nella-trasformazione-mobilitaz-e-comm-dei-prodotti-delle-foreste-accrescimento-del-valore-ec","status":"publish","type":"post","link":"https:\/\/www.confagricoltura.org\/bologna\/emilia-romagna-al-via-la-mis-8-sottomis-8-6-sostegno-agli-investimenti-tecnologie-silvicole-e-nella-trasformazione-mobilitaz-e-comm-dei-prodotti-delle-foreste-accrescimento-del-valore-ec\/","title":{"rendered":"Emilia Romagna: Al via la Mis. 8 &#8211; Sottomis. 8.6 &#8220;Sostegno agli Investimenti Tecnologie Silvicole e nella Trasformazione, Mobilitaz. e Comm. dei Prodotti delle Foreste&#8221; &#8220;Accrescimento del Valore Economico delle foreste."},"content":{"rendered":"<p><strong>Emilia Romagna: Al via la Mis. 8 &#8211; Sottomis. 8.6 &#8220;Sostegno agli Investimenti Tecnologie Silvicole e nella Trasformazione, Mobilitaz. e Comm. dei Prodotti delle Foreste&#8221; &#8220;Accrescimento del Valore Economico delle foreste<\/strong><strong>.<\/strong><\/p>\n<p>La Giunta Regionale dell&#8217;Emilia Romagna ha\u00a0approvato il bando unico regionale per il Tipo di operazioni 8.6.01 \u201cAccrescimento del valore economico delle foreste\u201d del Tipo di operazione 8.6 \u201cSostegno agli investimenti in tecnologie silvicole e nella trasformazione, mobilitazione e commercializzazione dei prodotti delle foreste\u201d . A sostegno del \u00a0bando unico regionale sono disponibili\u00a0risorse pari ad Euro 6.973.280,95. L&#8217;operazione si colloca nell&#8217;ambito della Misura 8 come azione fondamentale per sostenere e sviluppare il sistema agricolo e forestale regionale nel suo complesso. <strong>Scadenza 15\/01\/2019 ore 13.00<\/strong><\/p>\n<p><strong>L&#8217;intensit\u00e0 dell&#8217;aiuto \u00e8 fissata nella misura del 40% della spesa ammissibile di progetto. L&#8217;importo del singolo progetto \u00e8 definito nella misura minima di \u20ac 40.000,00 e massima di \u20ac 500.000,00.<\/strong><\/p>\n<p><strong>Le azioni sovvenzionabili si identificano nelle seguenti: 1) <\/strong>interventi di primo trattamento in foresta dei prodotti legnosi e non legnosi; <strong>2)<\/strong> interventi in strutture e attrezzature funzionali alla lavorazione, produzione e prima trasformazione di assortimenti legnosi e non legnosi; <strong>3)<\/strong> interventi in infrastrutture logistiche necessarie alla mobilitazione dei prodotti legnosi e non legnosi, quali piattaforme, piazzali di stoccaggio e movimento macchine in bosco; <strong>4)<\/strong> interventi selvicolturali, finalizzati al recupero produttivo di boschi abbandonati, invecchiati e\/o degradati; <strong>5) <\/strong>interventi selvicolturali finalizzati al recupero e alla valorizzazione economico &#8211; produttiva di popolamenti forestali specifici, quali boschi di castagno; <strong>6) <\/strong>interventi volti alla valorizzazione economica produttiva di prodotti non legnosi per una diversificazione della produzione di superfici forestali (.es. castagne, tartufi, funghi ecc.).<\/p>\n<p><strong>Costi ammissibili <\/strong><\/p>\n<p>Sono ammissibili a sostegno le spese per investimenti materiali di tipo immobiliare e mobiliare quali:<\/p>\n<ul>\n<li>macchine, attrezzature e impianti per la gestione e utilizzazione del bosco, l\u2019esbosco, la raccolta di biomasse legnose, lo stoccaggio;<\/li>\n<li>macchine ed attrezzature per interventi di primo trattamento dei prodotti legnosi e dei sottoprodotti forestali,<\/li>\n<li>macchine, attrezzature e impianti per raccolta, stoccaggio, lavorazione, commercializzazione di prodotti non legnosi;<\/li>\n<li>realizzazione o adeguamento di immobili e infrastrutture logistiche destinata alla raccolta, deposito, stoccaggio, mobilitazione, stagionatura, prima lavorazione e\/o commercializzazione di assortimenti legnosi e non legnosi;<\/li>\n<li>realizzazione o adeguamento di immobili destinati alla trasformazione preindustriale di assortimenti legnosi<\/li>\n<li>realizzazione di piattaforme logistiche per la movimentazione e stoccaggio dei prodotti legnosi;<\/li>\n<li>conversioni permanenti della struttura del bosco volte a modificarne la composizione specifica al fine di ottenere assortimenti legnosi di maggior pregio;<\/li>\n<li>tagli colturali, ripuliture di vegetazione infestante, decespugliamenti, spalcature, sfolli, ripuliture e diradamenti, tagli intercalari di eliminazione di essenze alloctone, tagli di conversione e avviamento, abbattimento delle piante malate e\/o morte e sostituzione con specie autoctone pregiate purch\u00e9 previsti una sola volta una sola volta nel periodo di programmazione; compreso il miglioramento o recupero di boschi a prevalenza di castagno. Sono inoltre ammissibili a sostegno le spese per investimenti immateriali, connessi agli investimenti di cui al punto precedente, quali onorari di professionisti e consulenti, studi di fattibilit\u00e0 connessi al progetto presentato nella misura massima del 10% rispetto all\u2019importo complessivo delle precedenti voci.<\/li>\n<\/ul>\n<p>&nbsp;<\/p>\n<p><strong>Beneficiari <\/strong><\/p>\n<p>Possono usufruire degli aiuti le seguenti tipologie di beneficiari (vedi definizioni di cui al par. 8.2.8.2):<\/p>\n<ul>\n<li>imprese forestali e agro-forestali singole o associate;<\/li>\n<li>cooperative e consorzi forestali;<\/li>\n<li>propriet\u00e0 collettive. Limitatamente agli interventi di trasformazione preindustriale di assortimenti legnosi e non legnosi, possono accedere all&#8217;aiuto anche imprese terze che acquisiscano direttamente la materia prima da soggetti di cui ai precedenti punti.<\/li>\n<\/ul>\n<p>Sono esclusi gli Enti pubblici e le loro associazioni.<\/p>\n<p>Gli uffici di Confagricoltura Bologna sono a disposizione per informazioni e consulenza alla partecipazione al bando.<\/p>\n<p>(C. Cervellati)<\/p>\n<p>&nbsp;<\/p>\n","protected":false},"excerpt":{"rendered":"<p>Emilia Romagna: Al via la Mis. 8 &#8211; Sottomis. 8.6 &#8220;Sostegno agli Investimenti Tecnologie Silvicole e nella Trasformazione, Mobilitaz. e Comm. dei Prodotti delle Foreste&#8221; &#8220;Accrescimento del Valore Economico delle foreste. La Giunta Regionale dell&#8217;Emilia Romagna ha\u00a0approvato il bando unico regionale per il Tipo di operazioni 8.6.01 \u201cAccrescimento del valore economico delle foreste\u201d del Tipo<\/p>\n","protected":false},"author":7,"featured_media":0,"comment_status":"open","ping_status":"open","sticky":false,"template":"","format":"standard","meta":{"wp_mapbox_gl_js_media":[],"footnotes":""},"categories":[29],"tags":[],"class_list":["post-2488","post","type-post","status-publish","format-standard","hentry","category-archivio"],"yoast_head":"<!-- This site is optimized with the Yoast SEO plugin v26.8 - https:\/\/yoast.com\/product\/yoast-seo-wordpress\/ -->\n<title>Emilia Romagna: Al via la Mis. 8 - Sottomis. 8.6 &quot;Sostegno agli Investimenti Tecnologie Silvicole e nella Trasformazione, Mobilitaz. e Comm. dei Prodotti delle Foreste&quot; &quot;Accrescimento del Valore Economico delle foreste. - Confagricoltura Bologna<\/title>\n<meta name=\"robots\" content=\"index, follow, max-snippet:-1, max-image-preview:large, max-video-preview:-1\" \/>\n<link rel=\"canonical\" href=\"https:\/\/www.confagricoltura.org\/bologna\/emilia-romagna-al-via-la-mis-8-sottomis-8-6-sostegno-agli-investimenti-tecnologie-silvicole-e-nella-trasformazione-mobilitaz-e-comm-dei-prodotti-delle-foreste-accrescimento-del-valore-ec\/\" \/>\n<meta property=\"og:locale\" content=\"it_IT\" \/>\n<meta property=\"og:type\" content=\"article\" \/>\n<meta property=\"og:title\" content=\"Emilia Romagna: Al via la Mis. 8 - Sottomis. 8.6 &quot;Sostegno agli Investimenti Tecnologie Silvicole e nella Trasformazione, Mobilitaz. e Comm. dei Prodotti delle Foreste&quot; &quot;Accrescimento del Valore Economico delle foreste. - Confagricoltura Bologna\" \/>\n<meta property=\"og:description\" content=\"Emilia Romagna: Al via la Mis. 8 &#8211; Sottomis. 8.6 &#8220;Sostegno agli Investimenti Tecnologie Silvicole e nella Trasformazione, Mobilitaz. e Comm. dei Prodotti delle Foreste&#8221; &#8220;Accrescimento del Valore Economico delle foreste. La Giunta Regionale dell&#8217;Emilia Romagna ha\u00a0approvato il bando unico regionale per il Tipo di operazioni 8.6.01 \u201cAccrescimento del valore economico delle foreste\u201d del Tipo\" \/>\n<meta property=\"og:url\" content=\"https:\/\/www.confagricoltura.org\/bologna\/emilia-romagna-al-via-la-mis-8-sottomis-8-6-sostegno-agli-investimenti-tecnologie-silvicole-e-nella-trasformazione-mobilitaz-e-comm-dei-prodotti-delle-foreste-accrescimento-del-valore-ec\/\" \/>\n<meta property=\"og:site_name\" content=\"Confagricoltura Bologna\" \/>\n<meta property=\"article:published_time\" content=\"2018-10-24T09:12:47+00:00\" \/>\n<meta property=\"article:modified_time\" content=\"2021-03-11T12:11:32+00:00\" \/>\n<meta name=\"author\" content=\"confagricolturabologna\" \/>\n<meta name=\"twitter:card\" content=\"summary_large_image\" \/>\n<meta name=\"twitter:label1\" content=\"Scritto da\" \/>\n\t<meta name=\"twitter:data1\" content=\"confagricolturabologna\" \/>\n\t<meta name=\"twitter:label2\" content=\"Tempo di lettura stimato\" \/>\n\t<meta name=\"twitter:data2\" content=\"3 minuti\" \/>\n<script type=\"application\/ld+json\" class=\"yoast-schema-graph\">{\"@context\":\"https:\/\/schema.org\",\"@graph\":[{\"@type\":\"Article\",\"@id\":\"https:\/\/www.confagricoltura.org\/bologna\/emilia-romagna-al-via-la-mis-8-sottomis-8-6-sostegno-agli-investimenti-tecnologie-silvicole-e-nella-trasformazione-mobilitaz-e-comm-dei-prodotti-delle-foreste-accrescimento-del-valore-ec\/#article\",\"isPartOf\":{\"@id\":\"https:\/\/www.confagricoltura.org\/bologna\/emilia-romagna-al-via-la-mis-8-sottomis-8-6-sostegno-agli-investimenti-tecnologie-silvicole-e-nella-trasformazione-mobilitaz-e-comm-dei-prodotti-delle-foreste-accrescimento-del-valore-ec\/\"},\"author\":{\"name\":\"confagricolturabologna\",\"@id\":\"https:\/\/www.confagricoltura.org\/bologna\/#\/schema\/person\/277baa2a725fb840103c5f8898746c7f\"},\"headline\":\"Emilia Romagna: Al via la Mis. 8 &#8211; Sottomis. 8.6 &#8220;Sostegno agli Investimenti Tecnologie Silvicole e nella Trasformazione, Mobilitaz. e Comm. dei Prodotti delle Foreste&#8221; &#8220;Accrescimento del Valore Economico delle foreste.\",\"datePublished\":\"2018-10-24T09:12:47+00:00\",\"dateModified\":\"2021-03-11T12:11:32+00:00\",\"mainEntityOfPage\":{\"@id\":\"https:\/\/www.confagricoltura.org\/bologna\/emilia-romagna-al-via-la-mis-8-sottomis-8-6-sostegno-agli-investimenti-tecnologie-silvicole-e-nella-trasformazione-mobilitaz-e-comm-dei-prodotti-delle-foreste-accrescimento-del-valore-ec\/\"},\"wordCount\":608,\"commentCount\":0,\"articleSection\":[\"Archivio\"],\"inLanguage\":\"it-IT\"},{\"@type\":\"WebPage\",\"@id\":\"https:\/\/www.confagricoltura.org\/bologna\/emilia-romagna-al-via-la-mis-8-sottomis-8-6-sostegno-agli-investimenti-tecnologie-silvicole-e-nella-trasformazione-mobilitaz-e-comm-dei-prodotti-delle-foreste-accrescimento-del-valore-ec\/\",\"url\":\"https:\/\/www.confagricoltura.org\/bologna\/emilia-romagna-al-via-la-mis-8-sottomis-8-6-sostegno-agli-investimenti-tecnologie-silvicole-e-nella-trasformazione-mobilitaz-e-comm-dei-prodotti-delle-foreste-accrescimento-del-valore-ec\/\",\"name\":\"Emilia Romagna: Al via la Mis. 8 - Sottomis. 8.6 \\\"Sostegno agli Investimenti Tecnologie Silvicole e nella Trasformazione, Mobilitaz. e Comm. dei Prodotti delle Foreste\\\" \\\"Accrescimento del Valore Economico delle foreste. - Confagricoltura Bologna\",\"isPartOf\":{\"@id\":\"https:\/\/www.confagricoltura.org\/bologna\/#website\"},\"datePublished\":\"2018-10-24T09:12:47+00:00\",\"dateModified\":\"2021-03-11T12:11:32+00:00\",\"author\":{\"@id\":\"https:\/\/www.confagricoltura.org\/bologna\/#\/schema\/person\/277baa2a725fb840103c5f8898746c7f\"},\"breadcrumb\":{\"@id\":\"https:\/\/www.confagricoltura.org\/bologna\/emilia-romagna-al-via-la-mis-8-sottomis-8-6-sostegno-agli-investimenti-tecnologie-silvicole-e-nella-trasformazione-mobilitaz-e-comm-dei-prodotti-delle-foreste-accrescimento-del-valore-ec\/#breadcrumb\"},\"inLanguage\":\"it-IT\",\"potentialAction\":[{\"@type\":\"ReadAction\",\"target\":[\"https:\/\/www.confagricoltura.org\/bologna\/emilia-romagna-al-via-la-mis-8-sottomis-8-6-sostegno-agli-investimenti-tecnologie-silvicole-e-nella-trasformazione-mobilitaz-e-comm-dei-prodotti-delle-foreste-accrescimento-del-valore-ec\/\"]}]},{\"@type\":\"BreadcrumbList\",\"@id\":\"https:\/\/www.confagricoltura.org\/bologna\/emilia-romagna-al-via-la-mis-8-sottomis-8-6-sostegno-agli-investimenti-tecnologie-silvicole-e-nella-trasformazione-mobilitaz-e-comm-dei-prodotti-delle-foreste-accrescimento-del-valore-ec\/#breadcrumb\",\"itemListElement\":[{\"@type\":\"ListItem\",\"position\":1,\"name\":\"Home\",\"item\":\"https:\/\/www.confagricoltura.org\/bologna\/\"},{\"@type\":\"ListItem\",\"position\":2,\"name\":\"Emilia Romagna: Al via la Mis. 8 &#8211; Sottomis. 8.6 &#8220;Sostegno agli Investimenti Tecnologie Silvicole e nella Trasformazione, Mobilitaz. e Comm. dei Prodotti delle Foreste&#8221; &#8220;Accrescimento del Valore Economico delle foreste.\"}]},{\"@type\":\"WebSite\",\"@id\":\"https:\/\/www.confagricoltura.org\/bologna\/#website\",\"url\":\"https:\/\/www.confagricoltura.org\/bologna\/\",\"name\":\"Confagricoltura Bologna\",\"description\":\"Dalla parte degli Agricoltori\",\"potentialAction\":[{\"@type\":\"SearchAction\",\"target\":{\"@type\":\"EntryPoint\",\"urlTemplate\":\"https:\/\/www.confagricoltura.org\/bologna\/?s={search_term_string}\"},\"query-input\":{\"@type\":\"PropertyValueSpecification\",\"valueRequired\":true,\"valueName\":\"search_term_string\"}}],\"inLanguage\":\"it-IT\"},{\"@type\":\"Person\",\"@id\":\"https:\/\/www.confagricoltura.org\/bologna\/#\/schema\/person\/277baa2a725fb840103c5f8898746c7f\",\"name\":\"confagricolturabologna\",\"image\":{\"@type\":\"ImageObject\",\"inLanguage\":\"it-IT\",\"@id\":\"https:\/\/www.confagricoltura.org\/bologna\/#\/schema\/person\/image\/\",\"url\":\"https:\/\/secure.gravatar.com\/avatar\/edd9a034f35ea6aeadaf9744d1135acc?s=96&d=mm&r=g\",\"contentUrl\":\"https:\/\/secure.gravatar.com\/avatar\/edd9a034f35ea6aeadaf9744d1135acc?s=96&d=mm&r=g\",\"caption\":\"confagricolturabologna\"},\"url\":\"https:\/\/www.confagricoltura.org\/bologna\/author\/confagricolturabologna\/\"}]}<\/script>\n<!-- \/ Yoast SEO plugin. -->","yoast_head_json":{"title":"Emilia Romagna: Al via la Mis. 8 - Sottomis. 8.6 \"Sostegno agli Investimenti Tecnologie Silvicole e nella Trasformazione, Mobilitaz. e Comm. dei Prodotti delle Foreste\" \"Accrescimento del Valore Economico delle foreste. - Confagricoltura Bologna","robots":{"index":"index","follow":"follow","max-snippet":"max-snippet:-1","max-image-preview":"max-image-preview:large","max-video-preview":"max-video-preview:-1"},"canonical":"https:\/\/www.confagricoltura.org\/bologna\/emilia-romagna-al-via-la-mis-8-sottomis-8-6-sostegno-agli-investimenti-tecnologie-silvicole-e-nella-trasformazione-mobilitaz-e-comm-dei-prodotti-delle-foreste-accrescimento-del-valore-ec\/","og_locale":"it_IT","og_type":"article","og_title":"Emilia Romagna: Al via la Mis. 8 - Sottomis. 8.6 \"Sostegno agli Investimenti Tecnologie Silvicole e nella Trasformazione, Mobilitaz. e Comm. dei Prodotti delle Foreste\" \"Accrescimento del Valore Economico delle foreste. - Confagricoltura Bologna","og_description":"Emilia Romagna: Al via la Mis. 8 &#8211; Sottomis. 8.6 &#8220;Sostegno agli Investimenti Tecnologie Silvicole e nella Trasformazione, Mobilitaz. e Comm. dei Prodotti delle Foreste&#8221; &#8220;Accrescimento del Valore Economico delle foreste. La Giunta Regionale dell&#8217;Emilia Romagna ha\u00a0approvato il bando unico regionale per il Tipo di operazioni 8.6.01 \u201cAccrescimento del valore economico delle foreste\u201d del Tipo","og_url":"https:\/\/www.confagricoltura.org\/bologna\/emilia-romagna-al-via-la-mis-8-sottomis-8-6-sostegno-agli-investimenti-tecnologie-silvicole-e-nella-trasformazione-mobilitaz-e-comm-dei-prodotti-delle-foreste-accrescimento-del-valore-ec\/","og_site_name":"Confagricoltura Bologna","article_published_time":"2018-10-24T09:12:47+00:00","article_modified_time":"2021-03-11T12:11:32+00:00","author":"confagricolturabologna","twitter_card":"summary_large_image","twitter_misc":{"Scritto da":"confagricolturabologna","Tempo di lettura stimato":"3 minuti"},"schema":{"@context":"https:\/\/schema.org","@graph":[{"@type":"Article","@id":"https:\/\/www.confagricoltura.org\/bologna\/emilia-romagna-al-via-la-mis-8-sottomis-8-6-sostegno-agli-investimenti-tecnologie-silvicole-e-nella-trasformazione-mobilitaz-e-comm-dei-prodotti-delle-foreste-accrescimento-del-valore-ec\/#article","isPartOf":{"@id":"https:\/\/www.confagricoltura.org\/bologna\/emilia-romagna-al-via-la-mis-8-sottomis-8-6-sostegno-agli-investimenti-tecnologie-silvicole-e-nella-trasformazione-mobilitaz-e-comm-dei-prodotti-delle-foreste-accrescimento-del-valore-ec\/"},"author":{"name":"confagricolturabologna","@id":"https:\/\/www.confagricoltura.org\/bologna\/#\/schema\/person\/277baa2a725fb840103c5f8898746c7f"},"headline":"Emilia Romagna: Al via la Mis. 8 &#8211; Sottomis. 8.6 &#8220;Sostegno agli Investimenti Tecnologie Silvicole e nella Trasformazione, Mobilitaz. e Comm. dei Prodotti delle Foreste&#8221; &#8220;Accrescimento del Valore Economico delle foreste.","datePublished":"2018-10-24T09:12:47+00:00","dateModified":"2021-03-11T12:11:32+00:00","mainEntityOfPage":{"@id":"https:\/\/www.confagricoltura.org\/bologna\/emilia-romagna-al-via-la-mis-8-sottomis-8-6-sostegno-agli-investimenti-tecnologie-silvicole-e-nella-trasformazione-mobilitaz-e-comm-dei-prodotti-delle-foreste-accrescimento-del-valore-ec\/"},"wordCount":608,"commentCount":0,"articleSection":["Archivio"],"inLanguage":"it-IT"},{"@type":"WebPage","@id":"https:\/\/www.confagricoltura.org\/bologna\/emilia-romagna-al-via-la-mis-8-sottomis-8-6-sostegno-agli-investimenti-tecnologie-silvicole-e-nella-trasformazione-mobilitaz-e-comm-dei-prodotti-delle-foreste-accrescimento-del-valore-ec\/","url":"https:\/\/www.confagricoltura.org\/bologna\/emilia-romagna-al-via-la-mis-8-sottomis-8-6-sostegno-agli-investimenti-tecnologie-silvicole-e-nella-trasformazione-mobilitaz-e-comm-dei-prodotti-delle-foreste-accrescimento-del-valore-ec\/","name":"Emilia Romagna: Al via la Mis. 8 - Sottomis. 8.6 \"Sostegno agli Investimenti Tecnologie Silvicole e nella Trasformazione, Mobilitaz. e Comm. dei Prodotti delle Foreste\" \"Accrescimento del Valore Economico delle foreste. - Confagricoltura Bologna","isPartOf":{"@id":"https:\/\/www.confagricoltura.org\/bologna\/#website"},"datePublished":"2018-10-24T09:12:47+00:00","dateModified":"2021-03-11T12:11:32+00:00","author":{"@id":"https:\/\/www.confagricoltura.org\/bologna\/#\/schema\/person\/277baa2a725fb840103c5f8898746c7f"},"breadcrumb":{"@id":"https:\/\/www.confagricoltura.org\/bologna\/emilia-romagna-al-via-la-mis-8-sottomis-8-6-sostegno-agli-investimenti-tecnologie-silvicole-e-nella-trasformazione-mobilitaz-e-comm-dei-prodotti-delle-foreste-accrescimento-del-valore-ec\/#breadcrumb"},"inLanguage":"it-IT","potentialAction":[{"@type":"ReadAction","target":["https:\/\/www.confagricoltura.org\/bologna\/emilia-romagna-al-via-la-mis-8-sottomis-8-6-sostegno-agli-investimenti-tecnologie-silvicole-e-nella-trasformazione-mobilitaz-e-comm-dei-prodotti-delle-foreste-accrescimento-del-valore-ec\/"]}]},{"@type":"BreadcrumbList","@id":"https:\/\/www.confagricoltura.org\/bologna\/emilia-romagna-al-via-la-mis-8-sottomis-8-6-sostegno-agli-investimenti-tecnologie-silvicole-e-nella-trasformazione-mobilitaz-e-comm-dei-prodotti-delle-foreste-accrescimento-del-valore-ec\/#breadcrumb","itemListElement":[{"@type":"ListItem","position":1,"name":"Home","item":"https:\/\/www.confagricoltura.org\/bologna\/"},{"@type":"ListItem","position":2,"name":"Emilia Romagna: Al via la Mis. 8 &#8211; Sottomis. 8.6 &#8220;Sostegno agli Investimenti Tecnologie Silvicole e nella Trasformazione, Mobilitaz. e Comm. dei Prodotti delle Foreste&#8221; &#8220;Accrescimento del Valore Economico delle foreste."}]},{"@type":"WebSite","@id":"https:\/\/www.confagricoltura.org\/bologna\/#website","url":"https:\/\/www.confagricoltura.org\/bologna\/","name":"Confagricoltura Bologna","description":"Dalla parte degli Agricoltori","potentialAction":[{"@type":"SearchAction","target":{"@type":"EntryPoint","urlTemplate":"https:\/\/www.confagricoltura.org\/bologna\/?s={search_term_string}"},"query-input":{"@type":"PropertyValueSpecification","valueRequired":true,"valueName":"search_term_string"}}],"inLanguage":"it-IT"},{"@type":"Person","@id":"https:\/\/www.confagricoltura.org\/bologna\/#\/schema\/person\/277baa2a725fb840103c5f8898746c7f","name":"confagricolturabologna","image":{"@type":"ImageObject","inLanguage":"it-IT","@id":"https:\/\/www.confagricoltura.org\/bologna\/#\/schema\/person\/image\/","url":"https:\/\/secure.gravatar.com\/avatar\/edd9a034f35ea6aeadaf9744d1135acc?s=96&d=mm&r=g","contentUrl":"https:\/\/secure.gravatar.com\/avatar\/edd9a034f35ea6aeadaf9744d1135acc?s=96&d=mm&r=g","caption":"confagricolturabologna"},"url":"https:\/\/www.confagricoltura.org\/bologna\/author\/confagricolturabologna\/"}]}},"_links":{"self":[{"href":"https:\/\/www.confagricoltura.org\/bologna\/wp-json\/wp\/v2\/posts\/2488","targetHints":{"allow":["GET"]}}],"collection":[{"href":"https:\/\/www.confagricoltura.org\/bologna\/wp-json\/wp\/v2\/posts"}],"about":[{"href":"https:\/\/www.confagricoltura.org\/bologna\/wp-json\/wp\/v2\/types\/post"}],"author":[{"embeddable":true,"href":"https:\/\/www.confagricoltura.org\/bologna\/wp-json\/wp\/v2\/users\/7"}],"replies":[{"embeddable":true,"href":"https:\/\/www.confagricoltura.org\/bologna\/wp-json\/wp\/v2\/comments?post=2488"}],"version-history":[{"count":1,"href":"https:\/\/www.confagricoltura.org\/bologna\/wp-json\/wp\/v2\/posts\/2488\/revisions"}],"predecessor-version":[{"id":4619,"href":"https:\/\/www.confagricoltura.org\/bologna\/wp-json\/wp\/v2\/posts\/2488\/revisions\/4619"}],"wp:attachment":[{"href":"https:\/\/www.confagricoltura.org\/bologna\/wp-json\/wp\/v2\/media?parent=2488"}],"wp:term":[{"taxonomy":"category","embeddable":true,"href":"https:\/\/www.confagricoltura.org\/bologna\/wp-json\/wp\/v2\/categories?post=2488"},{"taxonomy":"post_tag","embeddable":true,"href":"https:\/\/www.confagricoltura.org\/bologna\/wp-json\/wp\/v2\/tags?post=2488"}],"curies":[{"name":"wp","href":"https:\/\/api.w.org\/{rel}","templated":true}]}}