{"id":1966,"date":"2018-02-26T14:03:40","date_gmt":"2018-02-26T13:03:40","guid":{"rendered":"http:\/\/www.confagricoltura.org\/bologna\/?p=1966"},"modified":"2021-03-11T13:11:48","modified_gmt":"2021-03-11T12:11:48","slug":"1-iva-modifiche-al-termine-diritto-alla-detrazione-iva-d-l-n-50-2017","status":"publish","type":"post","link":"https:\/\/www.confagricoltura.org\/bologna\/1-iva-modifiche-al-termine-diritto-alla-detrazione-iva-d-l-n-50-2017\/","title":{"rendered":"1.\tIVA \u2013 Modifiche al termine per il diritto alla detrazione IVA (D.L. n. 50\/2017)."},"content":{"rendered":"<p><b><strong>IVA \u2013 Modifiche al termine per il diritto alla detrazione IVA (D.L. n. 50\/2017).<\/strong><\/b><\/p>\n<p>Con la modifica introdotta dall\u2019art. 2 del D.L. n. 50\/2017), conv. in L. n. 96\/2017, sono state variate le regole per l\u2019esercizio del diritto alla detrazione dell\u2019IVA assolta sulle fatture d\u2019acquisto, ex artt. 19 e 25 del DPR n. 633\/72. Pi\u00f9 in particolare, si precisa che l\u2019art. 2 del predetto D.L. n. 50\/2017, \u00e8 intervenuto sull\u2019art. 19, comma 1, del DPR n. 633\/72, <u>riducendo il termine entro cui i soggetti passivi di imposta possono detrarre l\u2019IVA<\/u> relativa ai beni ed ai servizi acquistati o importati. Pertanto, a seguito del richiamato intervento riformatore, l\u2019art. 19, comma 1, DPR n. 633\/1972 prevede ora che il diritto alla detrazione Iva \u201c<em>sorge nel momento in cui<\/em> <em>l&#8217;imposta diviene <u>esigibile, ed \u00e8 esercitato al pi\u00f9 tardi con la dichiarazione relativa all&#8217; anno in cui il<\/u><\/em><u> <em>diritto alla detrazione \u00e8 sorto<strong> ,<\/strong><\/em><\/u><em>ed alle condizioni esistenti al momento della nascita del diritto<\/em> <em>medesimo<\/em>\u201d. Si rammenta che l\u2019imposta diviene esigibile, alla data in cui l\u2019operazione si considera effettuata ai fini IVA, come stabilito dall\u2019art. 6, comma 5, del DPR n. 633\/72, ossia per le cessioni dei beni, al momento della consegna o spedizione, mentre per le prestazioni di servizi, all&#8217;atto del pagamento del corrispettivo. Sempre con il medesimo art. 2 del D.L. 50\/2017, \u00e8 stato anche riformulato l\u2019art. 25, comma 1, del Decreto IVA, il quale prevede ora che la <u>fattura di acquisto<\/u> debba essere <u>annotata \u201c<em>in un apposito registro anteriormente alla liquidazione periodica nella quale \u00e8 esercitato il diritto alla detrazione della relativa imposta, e comunque entro il termine di presentazione della dichiarazione annuale\u201d.<\/em><\/u> Con riguardo all\u2019efficacia delle nuove disposizioni, \u00e8 stato poi aggiunto il comma 2-<em>bis <\/em>all\u2019art. 2 del D.L. n. 50\/17, in base al quale \u201c<em>le disposizioni di cui ai commi 1 e 2 si applicano alle fatture e alle bollette doganali emesse dal 1\u00b0 gennaio 2017<\/em>\u201d. Tanto premesso, si segnala che l\u2019Agenzia delle Entrate \u00e8 intervenuta con la Circolare n. 1\/E\/2018, per fornire una serie di chiarimenti.<\/p>\n<p>Pi\u00f9 precisamente, vista la rigidit\u00e0 di termini usati dal legislatore nel modificare gli artt. 19 e 25 del Decreto IVA, l\u2019amministrazione finanziaria,\u00a0 anche per uscire dall<em>\u2019impasse<\/em>, fa riferimento ai principi contenuti nella direttiva UE n. 112\/2006, alla quale, come \u00e8 noto, tutti i Paesi aderenti all\u2019Unione sono tenuti ad uniformarsi. Si legge infatti nella circolare che: \u201c(\u2026) <em><strong>il <\/strong><\/em><strong>coordinamento<\/strong><em> tra le due norme non pu\u00f2 che essere ispirato ai principi dettati per il diritto alla detrazione dal <\/em><strong>legislatore unionale<\/strong><em>, cos\u00ec come declinati dalla Corte di Giustizia\u2026 (..)\u201d.<\/em> <em>Ne consegue pertanto che, in sede di coordinamento delle norme interne (articoli 19, comma 1, e 25, primo comma, del Decreto IVA, come riformulati dal D.L. n. 50\/17):<\/em><\/p>\n<ul>\n<li><em> il giorno iniziale, c.d. dies a quo, da cui decorre il<\/em><strong> termine per l\u2019esercizio della detrazione,<\/strong><em> deve essere individuato nel momento in cui in capo al cessionario\/committente si verifica la <\/em><strong>duplice condizione <u>dell\u2019avvenuta esigibilit\u00e0<\/u> dell\u2019imposta e <u>del possesso di una valida fattura<\/u><\/strong><em> redatta conformemente alle disposizioni di cui all\u2019articolo 21 del menzionato DPR n. 633; <\/em><\/li>\n<li><strong>\u00e8 da tale momento che il soggetto passivo cessionario\/committente pu\u00f2 operare<\/strong><em>, previa registrazione della fattura secondo le modalit\u00e0 previste dall\u2019art. 25, primo comma, del DPR n. 633 del 1972<strong>, <\/strong><\/em><strong>la detrazione dell\u2019imposta<\/strong><em> assolta con riferimento agli acquisti di beni e servizi, ovvero alle importazioni di beni.<\/em><\/li>\n<\/ul>\n<p>Pertanto, in base ai chiarimenti espressi dall&#8217;Agenzia delle Entrate, <strong>per esercitare correttamente il diritto alla detrazione, non basta verificare il momento di esigibilit\u00e0 dell&#8217;IVA<\/strong><strong>, <\/strong>ma<strong> occorre anche essere in possesso della fattura. <\/strong><\/p>\n<p>Dopo aver evidenziato quanto sopra, l\u2019Agenzia puntualizza inoltre che: \u201c<em>il diritto alla detrazione potr\u00e0 essere esercitato nell\u2019anno in cui il soggetto passivo, essendo<\/em> <em>venuto in possesso del documento contabile, annota il medesimo \u2013 ai sensi del citato art. 25,<\/em> <em>primo periodo \u2013 in contabilit\u00e0, facendolo confluire nella liquidazione periodica relativa al<\/em> <em>mese o trimestre del periodo di competenza<\/em>\u201d.<\/p>\n<p>Con riferimento quindi ad una fattura ricevuta nel 2018, relativa ad un acquisto di beni consegnati nel 2017, l\u2019annotazione pu\u00f2 essere effettuata, al pi\u00f9 tardi, entro il 30.4.2019 (termine di presentazione della dichiarazione IVA relativa al 2018). Sul punto, tuttavia, si rendono opportune alcune precisazioni. Infatti, proprio in quanto il diritto alla detrazione non pu\u00f2 sorgere prima della ricezione del documento, per le fatture riferite ad acquisti effettuati nel mese di dicembre 2017, ma ricevute dopo il 16 gennaio 2018, (scadenza liquidazione mensile IVA riferita al mese di dicembre 2017), il contribuente potr\u00e0 annotare la fattura in contabilit\u00e0 entro il termine del 30 aprile 2019.<\/p>\n<p>Cos\u00ec, ad esempio:<\/p>\n<ul>\n<li>se il contribuente decidesse di registrare la fattura, si ipotizzi a fine gennaio 2018, l\u2019Iva confluir\u00e0 nella liquidazione Iva di gennaio 2018 o del I trimestre 2018;<\/li>\n<li>se, invece, il contribuente decidesse di registrare la fattura entro il 30.04.2019, ma dopo il 31 dicembre 2018, dovr\u00e0 effettuare la registrazione in un\u2019apposita sezione del registro Iva degli acquisti relativo a tutte le fatture ricevute nel 2018, al fine di evidenziare che l\u2019imposta, non computata nelle liquidazioni periodiche Iva relative al 2018, concorre alla determinazione del saldo della dichiarazione annuale Iva sempre relativa all\u2019anno 2018;<\/li>\n<\/ul>\n<p>Pertanto, se il contribuente avesse ricevuto la fattura gi\u00e0 nel mese di dicembre 2017, ma avesse dimenticato di registrarla, potr\u00e0 registrare la stessa, al pi\u00f9 tardi, entro il 30 aprile 2018 (termine di presentazione della dichiarazione Iva relativa all\u2019anno 2017), <strong>in un\u2019apposita sezione del registro Iva degli acquisti relativo a tutte le fatture ricevute nel 2017<\/strong>, affinch\u00e9 il credito Iva concorra a formare il saldo della dichiarazione annuale Iva relativa al 2017. Chiaramente, nel mese in cui la predetta fattura viene registrata, non dovr\u00e0 essere considerata ai fini della liquidazione IVA del mese o trimestre di riferimento. Con riferimento a quest\u2019ultimo punto, la stessa Agenzia riconosce comunque la possibilit\u00e0 di adottare soluzioni gestionali e informatiche diverse dall\u2019annotazione nel registro IVA sezionale, a condizione che le stesse garantiscano tutti i requisiti richiesti per una corretta tenuta della contabilit\u00e0, consentendo, altres\u00ec, un puntuale controllo nel tempo da parte dell\u2019amministrazione finanziaria<em>.<\/em><\/p>\n<p>Si rammenta per completezza che il credito IVA emergente dalle fatture IVA registrate successivamente alle liquidazioni periodiche, potr\u00e0 essere utilizzato, da subito, in compensazione di un debito IVA (compensazione verticale), mentre per altri debiti tributari esso potr\u00e0 essere compensato liberamente fino a 5.000 euro. Le nuove regole sopra esposte con riferimento al termine di esercizio del diritto alla detrazione dell\u2019IVA a credito si riflettono anche sulle note di variazione emesse ex art. 26, commi 2 e 3, del DPR n. 633\/72. Di conseguenza, la nota di credito deve essere emessa (e la maggiore IVA a suo tempo versata pu\u00f2 essere detratta), al pi\u00f9 tardi, entro il termine di presentazione della dichiarazione IVA relativa all\u2019anno in cui si \u00e8 verificato il presupposto per operare la variazione.Viene prevista, infine, una <strong>clausola di salvaguardia<\/strong>, in considerazione della circostanza che i chiarimenti sono stati forniti dopo la data della prima liquidazione periodica Iva, e pertanto sono fatti salvi (e <strong>non saranno sanzionabili<\/strong>) i comportamenti adottati dai contribuenti difformi rispetto alle indicazioni fornite con il documento di prassi. Di conseguenza, se il contribuente, avendo <strong>ricevuto la fattura a gennaio<\/strong>, avesse operato la <strong>detrazione dell\u2019Iva<\/strong> gi\u00e0 dal <strong>mese di dicembre 2017<\/strong><strong>,<\/strong> <strong>non<\/strong> potr\u00e0 essere <strong>sanzionato.<\/strong><\/p>\n<p><strong>(E. Cricca)<\/strong><\/p>\n<p>&nbsp;<\/p>\n<p>&nbsp;<\/p>\n","protected":false},"excerpt":{"rendered":"<p>IVA \u2013 Modifiche al termine per il diritto alla detrazione IVA (D.L. n. 50\/2017). Con la modifica introdotta dall\u2019art. 2 del D.L. n. 50\/2017), conv. in L. n. 96\/2017, sono state variate le regole per l\u2019esercizio del diritto alla detrazione dell\u2019IVA assolta sulle fatture d\u2019acquisto, ex artt. 19 e 25 del DPR n. 633\/72. Pi\u00f9<\/p>\n","protected":false},"author":7,"featured_media":0,"comment_status":"open","ping_status":"open","sticky":false,"template":"","format":"standard","meta":{"wp_mapbox_gl_js_media":[],"footnotes":""},"categories":[29],"tags":[],"class_list":["post-1966","post","type-post","status-publish","format-standard","hentry","category-archivio"],"yoast_head":"<!-- This site is optimized with the Yoast SEO plugin v26.8 - https:\/\/yoast.com\/product\/yoast-seo-wordpress\/ -->\n<title>1. IVA \u2013 Modifiche al termine per il diritto alla detrazione IVA (D.L. n. 50\/2017). - Confagricoltura Bologna<\/title>\n<meta name=\"robots\" content=\"index, follow, max-snippet:-1, max-image-preview:large, max-video-preview:-1\" \/>\n<link rel=\"canonical\" href=\"https:\/\/www.confagricoltura.org\/bologna\/1-iva-modifiche-al-termine-diritto-alla-detrazione-iva-d-l-n-50-2017\/\" \/>\n<meta property=\"og:locale\" content=\"it_IT\" \/>\n<meta property=\"og:type\" content=\"article\" \/>\n<meta property=\"og:title\" content=\"1. IVA \u2013 Modifiche al termine per il diritto alla detrazione IVA (D.L. n. 50\/2017). - Confagricoltura Bologna\" \/>\n<meta property=\"og:description\" content=\"IVA \u2013 Modifiche al termine per il diritto alla detrazione IVA (D.L. n. 50\/2017). Con la modifica introdotta dall\u2019art. 2 del D.L. n. 50\/2017), conv. in L. n. 96\/2017, sono state variate le regole per l\u2019esercizio del diritto alla detrazione dell\u2019IVA assolta sulle fatture d\u2019acquisto, ex artt. 19 e 25 del DPR n. 633\/72. Pi\u00f9\" \/>\n<meta property=\"og:url\" content=\"https:\/\/www.confagricoltura.org\/bologna\/1-iva-modifiche-al-termine-diritto-alla-detrazione-iva-d-l-n-50-2017\/\" \/>\n<meta property=\"og:site_name\" content=\"Confagricoltura Bologna\" \/>\n<meta property=\"article:published_time\" content=\"2018-02-26T13:03:40+00:00\" \/>\n<meta property=\"article:modified_time\" content=\"2021-03-11T12:11:48+00:00\" \/>\n<meta name=\"author\" content=\"confagricolturabologna\" \/>\n<meta name=\"twitter:card\" content=\"summary_large_image\" \/>\n<meta name=\"twitter:label1\" content=\"Scritto da\" \/>\n\t<meta name=\"twitter:data1\" content=\"confagricolturabologna\" \/>\n\t<meta name=\"twitter:label2\" content=\"Tempo di lettura stimato\" \/>\n\t<meta name=\"twitter:data2\" content=\"6 minuti\" \/>\n<script type=\"application\/ld+json\" class=\"yoast-schema-graph\">{\"@context\":\"https:\/\/schema.org\",\"@graph\":[{\"@type\":\"Article\",\"@id\":\"https:\/\/www.confagricoltura.org\/bologna\/1-iva-modifiche-al-termine-diritto-alla-detrazione-iva-d-l-n-50-2017\/#article\",\"isPartOf\":{\"@id\":\"https:\/\/www.confagricoltura.org\/bologna\/1-iva-modifiche-al-termine-diritto-alla-detrazione-iva-d-l-n-50-2017\/\"},\"author\":{\"name\":\"confagricolturabologna\",\"@id\":\"https:\/\/www.confagricoltura.org\/bologna\/#\/schema\/person\/277baa2a725fb840103c5f8898746c7f\"},\"headline\":\"1. IVA \u2013 Modifiche al termine per il diritto alla detrazione IVA (D.L. n. 50\/2017).\",\"datePublished\":\"2018-02-26T13:03:40+00:00\",\"dateModified\":\"2021-03-11T12:11:48+00:00\",\"mainEntityOfPage\":{\"@id\":\"https:\/\/www.confagricoltura.org\/bologna\/1-iva-modifiche-al-termine-diritto-alla-detrazione-iva-d-l-n-50-2017\/\"},\"wordCount\":1174,\"commentCount\":0,\"articleSection\":[\"Archivio\"],\"inLanguage\":\"it-IT\"},{\"@type\":\"WebPage\",\"@id\":\"https:\/\/www.confagricoltura.org\/bologna\/1-iva-modifiche-al-termine-diritto-alla-detrazione-iva-d-l-n-50-2017\/\",\"url\":\"https:\/\/www.confagricoltura.org\/bologna\/1-iva-modifiche-al-termine-diritto-alla-detrazione-iva-d-l-n-50-2017\/\",\"name\":\"1. IVA \u2013 Modifiche al termine per il diritto alla detrazione IVA (D.L. n. 50\/2017). - Confagricoltura Bologna\",\"isPartOf\":{\"@id\":\"https:\/\/www.confagricoltura.org\/bologna\/#website\"},\"datePublished\":\"2018-02-26T13:03:40+00:00\",\"dateModified\":\"2021-03-11T12:11:48+00:00\",\"author\":{\"@id\":\"https:\/\/www.confagricoltura.org\/bologna\/#\/schema\/person\/277baa2a725fb840103c5f8898746c7f\"},\"breadcrumb\":{\"@id\":\"https:\/\/www.confagricoltura.org\/bologna\/1-iva-modifiche-al-termine-diritto-alla-detrazione-iva-d-l-n-50-2017\/#breadcrumb\"},\"inLanguage\":\"it-IT\",\"potentialAction\":[{\"@type\":\"ReadAction\",\"target\":[\"https:\/\/www.confagricoltura.org\/bologna\/1-iva-modifiche-al-termine-diritto-alla-detrazione-iva-d-l-n-50-2017\/\"]}]},{\"@type\":\"BreadcrumbList\",\"@id\":\"https:\/\/www.confagricoltura.org\/bologna\/1-iva-modifiche-al-termine-diritto-alla-detrazione-iva-d-l-n-50-2017\/#breadcrumb\",\"itemListElement\":[{\"@type\":\"ListItem\",\"position\":1,\"name\":\"Home\",\"item\":\"https:\/\/www.confagricoltura.org\/bologna\/\"},{\"@type\":\"ListItem\",\"position\":2,\"name\":\"1. IVA \u2013 Modifiche al termine per il diritto alla detrazione IVA (D.L. n. 50\/2017).\"}]},{\"@type\":\"WebSite\",\"@id\":\"https:\/\/www.confagricoltura.org\/bologna\/#website\",\"url\":\"https:\/\/www.confagricoltura.org\/bologna\/\",\"name\":\"Confagricoltura Bologna\",\"description\":\"Dalla parte degli Agricoltori\",\"potentialAction\":[{\"@type\":\"SearchAction\",\"target\":{\"@type\":\"EntryPoint\",\"urlTemplate\":\"https:\/\/www.confagricoltura.org\/bologna\/?s={search_term_string}\"},\"query-input\":{\"@type\":\"PropertyValueSpecification\",\"valueRequired\":true,\"valueName\":\"search_term_string\"}}],\"inLanguage\":\"it-IT\"},{\"@type\":\"Person\",\"@id\":\"https:\/\/www.confagricoltura.org\/bologna\/#\/schema\/person\/277baa2a725fb840103c5f8898746c7f\",\"name\":\"confagricolturabologna\",\"image\":{\"@type\":\"ImageObject\",\"inLanguage\":\"it-IT\",\"@id\":\"https:\/\/www.confagricoltura.org\/bologna\/#\/schema\/person\/image\/\",\"url\":\"https:\/\/secure.gravatar.com\/avatar\/edd9a034f35ea6aeadaf9744d1135acc?s=96&d=mm&r=g\",\"contentUrl\":\"https:\/\/secure.gravatar.com\/avatar\/edd9a034f35ea6aeadaf9744d1135acc?s=96&d=mm&r=g\",\"caption\":\"confagricolturabologna\"},\"url\":\"https:\/\/www.confagricoltura.org\/bologna\/author\/confagricolturabologna\/\"}]}<\/script>\n<!-- \/ Yoast SEO plugin. -->","yoast_head_json":{"title":"1. IVA \u2013 Modifiche al termine per il diritto alla detrazione IVA (D.L. n. 50\/2017). - Confagricoltura Bologna","robots":{"index":"index","follow":"follow","max-snippet":"max-snippet:-1","max-image-preview":"max-image-preview:large","max-video-preview":"max-video-preview:-1"},"canonical":"https:\/\/www.confagricoltura.org\/bologna\/1-iva-modifiche-al-termine-diritto-alla-detrazione-iva-d-l-n-50-2017\/","og_locale":"it_IT","og_type":"article","og_title":"1. IVA \u2013 Modifiche al termine per il diritto alla detrazione IVA (D.L. n. 50\/2017). - Confagricoltura Bologna","og_description":"IVA \u2013 Modifiche al termine per il diritto alla detrazione IVA (D.L. n. 50\/2017). Con la modifica introdotta dall\u2019art. 2 del D.L. n. 50\/2017), conv. in L. n. 96\/2017, sono state variate le regole per l\u2019esercizio del diritto alla detrazione dell\u2019IVA assolta sulle fatture d\u2019acquisto, ex artt. 19 e 25 del DPR n. 633\/72. Pi\u00f9","og_url":"https:\/\/www.confagricoltura.org\/bologna\/1-iva-modifiche-al-termine-diritto-alla-detrazione-iva-d-l-n-50-2017\/","og_site_name":"Confagricoltura Bologna","article_published_time":"2018-02-26T13:03:40+00:00","article_modified_time":"2021-03-11T12:11:48+00:00","author":"confagricolturabologna","twitter_card":"summary_large_image","twitter_misc":{"Scritto da":"confagricolturabologna","Tempo di lettura stimato":"6 minuti"},"schema":{"@context":"https:\/\/schema.org","@graph":[{"@type":"Article","@id":"https:\/\/www.confagricoltura.org\/bologna\/1-iva-modifiche-al-termine-diritto-alla-detrazione-iva-d-l-n-50-2017\/#article","isPartOf":{"@id":"https:\/\/www.confagricoltura.org\/bologna\/1-iva-modifiche-al-termine-diritto-alla-detrazione-iva-d-l-n-50-2017\/"},"author":{"name":"confagricolturabologna","@id":"https:\/\/www.confagricoltura.org\/bologna\/#\/schema\/person\/277baa2a725fb840103c5f8898746c7f"},"headline":"1. IVA \u2013 Modifiche al termine per il diritto alla detrazione IVA (D.L. n. 50\/2017).","datePublished":"2018-02-26T13:03:40+00:00","dateModified":"2021-03-11T12:11:48+00:00","mainEntityOfPage":{"@id":"https:\/\/www.confagricoltura.org\/bologna\/1-iva-modifiche-al-termine-diritto-alla-detrazione-iva-d-l-n-50-2017\/"},"wordCount":1174,"commentCount":0,"articleSection":["Archivio"],"inLanguage":"it-IT"},{"@type":"WebPage","@id":"https:\/\/www.confagricoltura.org\/bologna\/1-iva-modifiche-al-termine-diritto-alla-detrazione-iva-d-l-n-50-2017\/","url":"https:\/\/www.confagricoltura.org\/bologna\/1-iva-modifiche-al-termine-diritto-alla-detrazione-iva-d-l-n-50-2017\/","name":"1. IVA \u2013 Modifiche al termine per il diritto alla detrazione IVA (D.L. n. 50\/2017). - Confagricoltura Bologna","isPartOf":{"@id":"https:\/\/www.confagricoltura.org\/bologna\/#website"},"datePublished":"2018-02-26T13:03:40+00:00","dateModified":"2021-03-11T12:11:48+00:00","author":{"@id":"https:\/\/www.confagricoltura.org\/bologna\/#\/schema\/person\/277baa2a725fb840103c5f8898746c7f"},"breadcrumb":{"@id":"https:\/\/www.confagricoltura.org\/bologna\/1-iva-modifiche-al-termine-diritto-alla-detrazione-iva-d-l-n-50-2017\/#breadcrumb"},"inLanguage":"it-IT","potentialAction":[{"@type":"ReadAction","target":["https:\/\/www.confagricoltura.org\/bologna\/1-iva-modifiche-al-termine-diritto-alla-detrazione-iva-d-l-n-50-2017\/"]}]},{"@type":"BreadcrumbList","@id":"https:\/\/www.confagricoltura.org\/bologna\/1-iva-modifiche-al-termine-diritto-alla-detrazione-iva-d-l-n-50-2017\/#breadcrumb","itemListElement":[{"@type":"ListItem","position":1,"name":"Home","item":"https:\/\/www.confagricoltura.org\/bologna\/"},{"@type":"ListItem","position":2,"name":"1. IVA \u2013 Modifiche al termine per il diritto alla detrazione IVA (D.L. n. 50\/2017)."}]},{"@type":"WebSite","@id":"https:\/\/www.confagricoltura.org\/bologna\/#website","url":"https:\/\/www.confagricoltura.org\/bologna\/","name":"Confagricoltura Bologna","description":"Dalla parte degli Agricoltori","potentialAction":[{"@type":"SearchAction","target":{"@type":"EntryPoint","urlTemplate":"https:\/\/www.confagricoltura.org\/bologna\/?s={search_term_string}"},"query-input":{"@type":"PropertyValueSpecification","valueRequired":true,"valueName":"search_term_string"}}],"inLanguage":"it-IT"},{"@type":"Person","@id":"https:\/\/www.confagricoltura.org\/bologna\/#\/schema\/person\/277baa2a725fb840103c5f8898746c7f","name":"confagricolturabologna","image":{"@type":"ImageObject","inLanguage":"it-IT","@id":"https:\/\/www.confagricoltura.org\/bologna\/#\/schema\/person\/image\/","url":"https:\/\/secure.gravatar.com\/avatar\/edd9a034f35ea6aeadaf9744d1135acc?s=96&d=mm&r=g","contentUrl":"https:\/\/secure.gravatar.com\/avatar\/edd9a034f35ea6aeadaf9744d1135acc?s=96&d=mm&r=g","caption":"confagricolturabologna"},"url":"https:\/\/www.confagricoltura.org\/bologna\/author\/confagricolturabologna\/"}]}},"_links":{"self":[{"href":"https:\/\/www.confagricoltura.org\/bologna\/wp-json\/wp\/v2\/posts\/1966","targetHints":{"allow":["GET"]}}],"collection":[{"href":"https:\/\/www.confagricoltura.org\/bologna\/wp-json\/wp\/v2\/posts"}],"about":[{"href":"https:\/\/www.confagricoltura.org\/bologna\/wp-json\/wp\/v2\/types\/post"}],"author":[{"embeddable":true,"href":"https:\/\/www.confagricoltura.org\/bologna\/wp-json\/wp\/v2\/users\/7"}],"replies":[{"embeddable":true,"href":"https:\/\/www.confagricoltura.org\/bologna\/wp-json\/wp\/v2\/comments?post=1966"}],"version-history":[{"count":1,"href":"https:\/\/www.confagricoltura.org\/bologna\/wp-json\/wp\/v2\/posts\/1966\/revisions"}],"predecessor-version":[{"id":4727,"href":"https:\/\/www.confagricoltura.org\/bologna\/wp-json\/wp\/v2\/posts\/1966\/revisions\/4727"}],"wp:attachment":[{"href":"https:\/\/www.confagricoltura.org\/bologna\/wp-json\/wp\/v2\/media?parent=1966"}],"wp:term":[{"taxonomy":"category","embeddable":true,"href":"https:\/\/www.confagricoltura.org\/bologna\/wp-json\/wp\/v2\/categories?post=1966"},{"taxonomy":"post_tag","embeddable":true,"href":"https:\/\/www.confagricoltura.org\/bologna\/wp-json\/wp\/v2\/tags?post=1966"}],"curies":[{"name":"wp","href":"https:\/\/api.w.org\/{rel}","templated":true}]}}