{"id":1748,"date":"2017-11-30T08:36:15","date_gmt":"2017-11-30T07:36:15","guid":{"rendered":"http:\/\/www.confagricoltura.org\/bologna\/?p=1748"},"modified":"2021-03-11T13:25:58","modified_gmt":"2021-03-11T12:25:58","slug":"credito-imposta-strutture-agrituristiche","status":"publish","type":"post","link":"https:\/\/www.confagricoltura.org\/bologna\/credito-imposta-strutture-agrituristiche\/","title":{"rendered":"CREDITO DI IMPOSTA PER STRUTTURE AGRITURISTICHE."},"content":{"rendered":"<p><strong>Credito di imposta per strutture agrituristiche<\/strong><strong>.<\/strong><\/p>\n<p>&nbsp;<\/p>\n<p>La Legge 232\/2016 (finanziaria 2017), con l\u2019<a href=\"http:\/\/portale.dottryna.it\/loginServlet?encParam=2BC33BAB50DEB6575BCE179E1F89DA13584DB5070C6A477C0E8CFB042C25C2C6F4FBA26DFC23C4E2A680CB9DBC696CCA370F7D6960C4D3579BB76E7219FAFB779B5A060445E2385DF79A72D56B75368D8D6931A81E04D6E57745A313CF7F333B142659EBEFD201CA900BF5C2AD8E1D8A10277833186D4F508212F34014A6D478BBE72B3FDE73C75CB5E583B80347CBEF\">articolo 1, comma 4, <\/a> ha ampliato l\u2019ambito soggettivo per la fruibilit\u00e0 del credito di imposta collegato alle spese sostenute per la riqualificazione e l\u2019accessibilit\u00e0 delle strutture ricettive, originariamente destinato alle sole strutture alberghiere, inserendo tra i soggetti destinatari, anche gli agriturismi.<\/p>\n<p>Ulteriore novit\u00e0 introdotta dalla legge di Bilancio per l\u2019anno 2017 \u00e8 quella che porta a una modifica della percentuale del credito di imposta che passa dal precedente 30% delle spese sostenute, al 65%, a condizione che gli interventi abbiano anche finalit\u00e0 di ristrutturazione edilizia, riqualificazione antisismica o energetica e acquisto mobili.<\/p>\n<p>Pertanto, gli interventi agevolabili, come individuati dall\u2019<a href=\"http:\/\/portale.dottryna.it\/loginServlet?encParam=2BC33BAB50DEB657702AB080245687EB3628CB79507B249DE2AE0A87AEFC95968738039F4FAE811D772D027C39C53155D794FF841BDF95C8FCA109964A999A2CBE3A2D581BCE8556FC8AA1F92FA6A55713CC3C9436CC18B29EBC093BDEB0F44D93996101CE17E6F254973A95AE6D71FB56EA8E180003CF4105A0C79DBDD715933FAE65EE377CACF7200ED982771AD244\">articolo 10, comma 2, D.L. 83\/2014<\/a>, sono quelli che riguardano:<\/p>\n<ul>\n<li>la ristrutturazione edilizia di cui all\u2019<a href=\"http:\/\/portale.dottryna.it\/loginServlet?encParam=545C2EBD50125228BA74FD6FCDB862B4BE899E80B146593A8A305108BDA8B088ED974B598A494C57DC4EF8FEC7306AE191B44785EB926EEBD0E498624F60BEBDBD0BF4760734792BCB95FE4999DDB01572EF23A2EFB5215E1639E48800D45AC462DDCFBECDF9E0A96620034DE1BA4C0744435BEAC10663F0CCE288857B69ADB5FB42F870742346FFB229735C59E8D1BA\">articolo 3, comma 1, lettere b)<\/a>, <a href=\"http:\/\/portale.dottryna.it\/loginServlet?encParam=545C2EBD50125228BA74FD6FCDB862B4BE899E80B146593A8A305108BDA8B088ED974B598A494C57DC4EF8FEC7306AE191B44785EB926EEBD0E498624F60BEBDBD0BF4760734792BCB95FE4999DDB01572EF23A2EFB5215E1639E48800D45AC462DDCFBECDF9E0A96620034DE1BA4C0744435BEAC10663F0CCE288857B69ADB5FB42F870742346FFB229735C59E8D1BA\">c)<\/a> e <a href=\"http:\/\/portale.dottryna.it\/loginServlet?encParam=545C2EBD50125228BA74FD6FCDB862B4BE899E80B146593A8A305108BDA8B088ED974B598A494C57DC4EF8FEC7306AE191B44785EB926EEBD0E498624F60BEBDBD0BF4760734792BCB95FE4999DDB01572EF23A2EFB5215E1639E48800D45AC462DDCFBECDF9E0A96620034DE1BA4C0744435BEAC10663F0CCE288857B69ADB5FB42F870742346FFB229735C59E8D1BA\">d), D.P.R. 380\/2001<\/a>, ossia manutenzione straordinarie, risanamento conservativo e ristrutturazione edilizia;<\/li>\n<li>l\u2019eliminazione delle barriere architettoniche;<\/li>\n<li>l\u2019incremento dell\u2019efficienza energetica (tra questi rientrano le spese per l\u2019installazione di impianti fotovoltaici per la produzione di energia elettrica, ovvero l\u2019installazione di schermature solari esterne mobili finalizzate alla riduzione dei consumi per condizionamento estivo, ecc..);<\/li>\n<li>spese relative a ulteriori interventi, comprese quelle per l\u2019acquisto di mobili e componenti d\u2019arredo destinati esclusivamente agli immobili oggetto degli interventi, all\u2019ulteriore condizione che il beneficiario non ceda a terzi n\u00e9 destini a finalit\u00e0 estranee all\u2019esercizio di impresa i beni oggetto degli investimenti prima dell\u2019ottavo periodo d\u2019imposta successivo a quello di acquisto. Il credito viene esteso al biennio 2017-2018.<\/li>\n<\/ul>\n<p>Tuttavia, per la sua effettivit\u00e0 si deve attendere, il relativo decreto attuativo (che doveva essere emanato entro il termine di 60 giorni dall\u2019entrata in vigore della legge di Bilancio, cio\u00e8 entro il 1\/03\/2017), ma che, alla data attuale, non \u00e8 stato ancora emanato.<\/p>\n<p>Ulteriori modifiche sono state introdotte per quanto attiene le modalit\u00e0 di fruizione del credito di imposta che, fermo restando il tetto massimo previsto nel rispetto della regola del \u201c<em>de minimis<\/em>\u201d. <u>che per il settore agricolo \u00e8 pari 15 mila euro su base triennale<\/u><strong>,<\/strong> non \u00e8 pi\u00f9 prevista in tre anni, bens\u00ec in due quote annuali di pari importo.<\/p>\n<p>(E. Cricca)<\/p>\n","protected":false},"excerpt":{"rendered":"<p>Credito di imposta per strutture agrituristiche. &nbsp; La Legge 232\/2016 (finanziaria 2017), con l\u2019articolo 1, comma 4, ha ampliato l\u2019ambito soggettivo per la fruibilit\u00e0 del credito di imposta collegato alle spese sostenute per la riqualificazione e l\u2019accessibilit\u00e0 delle strutture ricettive, originariamente destinato alle sole strutture alberghiere, inserendo tra i soggetti destinatari, anche gli agriturismi. Ulteriore<\/p>\n","protected":false},"author":7,"featured_media":0,"comment_status":"open","ping_status":"open","sticky":false,"template":"","format":"standard","meta":{"wp_mapbox_gl_js_media":[],"footnotes":""},"categories":[29],"tags":[],"class_list":["post-1748","post","type-post","status-publish","format-standard","hentry","category-archivio"],"yoast_head":"<!-- This site is optimized with the Yoast SEO plugin v26.8 - https:\/\/yoast.com\/product\/yoast-seo-wordpress\/ -->\n<title>CREDITO DI IMPOSTA PER STRUTTURE AGRITURISTICHE. - Confagricoltura Bologna<\/title>\n<meta name=\"robots\" content=\"index, follow, max-snippet:-1, max-image-preview:large, max-video-preview:-1\" \/>\n<link rel=\"canonical\" href=\"https:\/\/www.confagricoltura.org\/bologna\/credito-imposta-strutture-agrituristiche\/\" \/>\n<meta property=\"og:locale\" content=\"it_IT\" \/>\n<meta property=\"og:type\" content=\"article\" \/>\n<meta property=\"og:title\" content=\"CREDITO DI IMPOSTA PER STRUTTURE AGRITURISTICHE. - Confagricoltura Bologna\" \/>\n<meta property=\"og:description\" content=\"Credito di imposta per strutture agrituristiche. &nbsp; La Legge 232\/2016 (finanziaria 2017), con l\u2019articolo 1, comma 4, ha ampliato l\u2019ambito soggettivo per la fruibilit\u00e0 del credito di imposta collegato alle spese sostenute per la riqualificazione e l\u2019accessibilit\u00e0 delle strutture ricettive, originariamente destinato alle sole strutture alberghiere, inserendo tra i soggetti destinatari, anche gli agriturismi. Ulteriore\" \/>\n<meta property=\"og:url\" content=\"https:\/\/www.confagricoltura.org\/bologna\/credito-imposta-strutture-agrituristiche\/\" \/>\n<meta property=\"og:site_name\" content=\"Confagricoltura Bologna\" \/>\n<meta property=\"article:published_time\" content=\"2017-11-30T07:36:15+00:00\" \/>\n<meta property=\"article:modified_time\" content=\"2021-03-11T12:25:58+00:00\" \/>\n<meta name=\"author\" content=\"confagricolturabologna\" \/>\n<meta name=\"twitter:card\" content=\"summary_large_image\" \/>\n<meta name=\"twitter:label1\" content=\"Scritto da\" \/>\n\t<meta name=\"twitter:data1\" content=\"confagricolturabologna\" \/>\n\t<meta name=\"twitter:label2\" content=\"Tempo di lettura stimato\" \/>\n\t<meta name=\"twitter:data2\" content=\"2 minuti\" \/>\n<script type=\"application\/ld+json\" class=\"yoast-schema-graph\">{\"@context\":\"https:\/\/schema.org\",\"@graph\":[{\"@type\":\"Article\",\"@id\":\"https:\/\/www.confagricoltura.org\/bologna\/credito-imposta-strutture-agrituristiche\/#article\",\"isPartOf\":{\"@id\":\"https:\/\/www.confagricoltura.org\/bologna\/credito-imposta-strutture-agrituristiche\/\"},\"author\":{\"name\":\"confagricolturabologna\",\"@id\":\"https:\/\/www.confagricoltura.org\/bologna\/#\/schema\/person\/277baa2a725fb840103c5f8898746c7f\"},\"headline\":\"CREDITO DI IMPOSTA PER STRUTTURE AGRITURISTICHE.\",\"datePublished\":\"2017-11-30T07:36:15+00:00\",\"dateModified\":\"2021-03-11T12:25:58+00:00\",\"mainEntityOfPage\":{\"@id\":\"https:\/\/www.confagricoltura.org\/bologna\/credito-imposta-strutture-agrituristiche\/\"},\"wordCount\":353,\"commentCount\":0,\"articleSection\":[\"Archivio\"],\"inLanguage\":\"it-IT\"},{\"@type\":\"WebPage\",\"@id\":\"https:\/\/www.confagricoltura.org\/bologna\/credito-imposta-strutture-agrituristiche\/\",\"url\":\"https:\/\/www.confagricoltura.org\/bologna\/credito-imposta-strutture-agrituristiche\/\",\"name\":\"CREDITO DI IMPOSTA PER STRUTTURE AGRITURISTICHE. - Confagricoltura Bologna\",\"isPartOf\":{\"@id\":\"https:\/\/www.confagricoltura.org\/bologna\/#website\"},\"datePublished\":\"2017-11-30T07:36:15+00:00\",\"dateModified\":\"2021-03-11T12:25:58+00:00\",\"author\":{\"@id\":\"https:\/\/www.confagricoltura.org\/bologna\/#\/schema\/person\/277baa2a725fb840103c5f8898746c7f\"},\"breadcrumb\":{\"@id\":\"https:\/\/www.confagricoltura.org\/bologna\/credito-imposta-strutture-agrituristiche\/#breadcrumb\"},\"inLanguage\":\"it-IT\",\"potentialAction\":[{\"@type\":\"ReadAction\",\"target\":[\"https:\/\/www.confagricoltura.org\/bologna\/credito-imposta-strutture-agrituristiche\/\"]}]},{\"@type\":\"BreadcrumbList\",\"@id\":\"https:\/\/www.confagricoltura.org\/bologna\/credito-imposta-strutture-agrituristiche\/#breadcrumb\",\"itemListElement\":[{\"@type\":\"ListItem\",\"position\":1,\"name\":\"Home\",\"item\":\"https:\/\/www.confagricoltura.org\/bologna\/\"},{\"@type\":\"ListItem\",\"position\":2,\"name\":\"CREDITO DI IMPOSTA PER STRUTTURE AGRITURISTICHE.\"}]},{\"@type\":\"WebSite\",\"@id\":\"https:\/\/www.confagricoltura.org\/bologna\/#website\",\"url\":\"https:\/\/www.confagricoltura.org\/bologna\/\",\"name\":\"Confagricoltura Bologna\",\"description\":\"Dalla parte degli Agricoltori\",\"potentialAction\":[{\"@type\":\"SearchAction\",\"target\":{\"@type\":\"EntryPoint\",\"urlTemplate\":\"https:\/\/www.confagricoltura.org\/bologna\/?s={search_term_string}\"},\"query-input\":{\"@type\":\"PropertyValueSpecification\",\"valueRequired\":true,\"valueName\":\"search_term_string\"}}],\"inLanguage\":\"it-IT\"},{\"@type\":\"Person\",\"@id\":\"https:\/\/www.confagricoltura.org\/bologna\/#\/schema\/person\/277baa2a725fb840103c5f8898746c7f\",\"name\":\"confagricolturabologna\",\"image\":{\"@type\":\"ImageObject\",\"inLanguage\":\"it-IT\",\"@id\":\"https:\/\/www.confagricoltura.org\/bologna\/#\/schema\/person\/image\/\",\"url\":\"https:\/\/secure.gravatar.com\/avatar\/edd9a034f35ea6aeadaf9744d1135acc?s=96&d=mm&r=g\",\"contentUrl\":\"https:\/\/secure.gravatar.com\/avatar\/edd9a034f35ea6aeadaf9744d1135acc?s=96&d=mm&r=g\",\"caption\":\"confagricolturabologna\"},\"url\":\"https:\/\/www.confagricoltura.org\/bologna\/author\/confagricolturabologna\/\"}]}<\/script>\n<!-- \/ Yoast SEO plugin. -->","yoast_head_json":{"title":"CREDITO DI IMPOSTA PER STRUTTURE AGRITURISTICHE. - Confagricoltura Bologna","robots":{"index":"index","follow":"follow","max-snippet":"max-snippet:-1","max-image-preview":"max-image-preview:large","max-video-preview":"max-video-preview:-1"},"canonical":"https:\/\/www.confagricoltura.org\/bologna\/credito-imposta-strutture-agrituristiche\/","og_locale":"it_IT","og_type":"article","og_title":"CREDITO DI IMPOSTA PER STRUTTURE AGRITURISTICHE. - Confagricoltura Bologna","og_description":"Credito di imposta per strutture agrituristiche. &nbsp; La Legge 232\/2016 (finanziaria 2017), con l\u2019articolo 1, comma 4, ha ampliato l\u2019ambito soggettivo per la fruibilit\u00e0 del credito di imposta collegato alle spese sostenute per la riqualificazione e l\u2019accessibilit\u00e0 delle strutture ricettive, originariamente destinato alle sole strutture alberghiere, inserendo tra i soggetti destinatari, anche gli agriturismi. Ulteriore","og_url":"https:\/\/www.confagricoltura.org\/bologna\/credito-imposta-strutture-agrituristiche\/","og_site_name":"Confagricoltura Bologna","article_published_time":"2017-11-30T07:36:15+00:00","article_modified_time":"2021-03-11T12:25:58+00:00","author":"confagricolturabologna","twitter_card":"summary_large_image","twitter_misc":{"Scritto da":"confagricolturabologna","Tempo di lettura stimato":"2 minuti"},"schema":{"@context":"https:\/\/schema.org","@graph":[{"@type":"Article","@id":"https:\/\/www.confagricoltura.org\/bologna\/credito-imposta-strutture-agrituristiche\/#article","isPartOf":{"@id":"https:\/\/www.confagricoltura.org\/bologna\/credito-imposta-strutture-agrituristiche\/"},"author":{"name":"confagricolturabologna","@id":"https:\/\/www.confagricoltura.org\/bologna\/#\/schema\/person\/277baa2a725fb840103c5f8898746c7f"},"headline":"CREDITO DI IMPOSTA PER STRUTTURE AGRITURISTICHE.","datePublished":"2017-11-30T07:36:15+00:00","dateModified":"2021-03-11T12:25:58+00:00","mainEntityOfPage":{"@id":"https:\/\/www.confagricoltura.org\/bologna\/credito-imposta-strutture-agrituristiche\/"},"wordCount":353,"commentCount":0,"articleSection":["Archivio"],"inLanguage":"it-IT"},{"@type":"WebPage","@id":"https:\/\/www.confagricoltura.org\/bologna\/credito-imposta-strutture-agrituristiche\/","url":"https:\/\/www.confagricoltura.org\/bologna\/credito-imposta-strutture-agrituristiche\/","name":"CREDITO DI IMPOSTA PER STRUTTURE AGRITURISTICHE. - Confagricoltura Bologna","isPartOf":{"@id":"https:\/\/www.confagricoltura.org\/bologna\/#website"},"datePublished":"2017-11-30T07:36:15+00:00","dateModified":"2021-03-11T12:25:58+00:00","author":{"@id":"https:\/\/www.confagricoltura.org\/bologna\/#\/schema\/person\/277baa2a725fb840103c5f8898746c7f"},"breadcrumb":{"@id":"https:\/\/www.confagricoltura.org\/bologna\/credito-imposta-strutture-agrituristiche\/#breadcrumb"},"inLanguage":"it-IT","potentialAction":[{"@type":"ReadAction","target":["https:\/\/www.confagricoltura.org\/bologna\/credito-imposta-strutture-agrituristiche\/"]}]},{"@type":"BreadcrumbList","@id":"https:\/\/www.confagricoltura.org\/bologna\/credito-imposta-strutture-agrituristiche\/#breadcrumb","itemListElement":[{"@type":"ListItem","position":1,"name":"Home","item":"https:\/\/www.confagricoltura.org\/bologna\/"},{"@type":"ListItem","position":2,"name":"CREDITO DI IMPOSTA PER STRUTTURE AGRITURISTICHE."}]},{"@type":"WebSite","@id":"https:\/\/www.confagricoltura.org\/bologna\/#website","url":"https:\/\/www.confagricoltura.org\/bologna\/","name":"Confagricoltura Bologna","description":"Dalla parte degli Agricoltori","potentialAction":[{"@type":"SearchAction","target":{"@type":"EntryPoint","urlTemplate":"https:\/\/www.confagricoltura.org\/bologna\/?s={search_term_string}"},"query-input":{"@type":"PropertyValueSpecification","valueRequired":true,"valueName":"search_term_string"}}],"inLanguage":"it-IT"},{"@type":"Person","@id":"https:\/\/www.confagricoltura.org\/bologna\/#\/schema\/person\/277baa2a725fb840103c5f8898746c7f","name":"confagricolturabologna","image":{"@type":"ImageObject","inLanguage":"it-IT","@id":"https:\/\/www.confagricoltura.org\/bologna\/#\/schema\/person\/image\/","url":"https:\/\/secure.gravatar.com\/avatar\/edd9a034f35ea6aeadaf9744d1135acc?s=96&d=mm&r=g","contentUrl":"https:\/\/secure.gravatar.com\/avatar\/edd9a034f35ea6aeadaf9744d1135acc?s=96&d=mm&r=g","caption":"confagricolturabologna"},"url":"https:\/\/www.confagricoltura.org\/bologna\/author\/confagricolturabologna\/"}]}},"_links":{"self":[{"href":"https:\/\/www.confagricoltura.org\/bologna\/wp-json\/wp\/v2\/posts\/1748","targetHints":{"allow":["GET"]}}],"collection":[{"href":"https:\/\/www.confagricoltura.org\/bologna\/wp-json\/wp\/v2\/posts"}],"about":[{"href":"https:\/\/www.confagricoltura.org\/bologna\/wp-json\/wp\/v2\/types\/post"}],"author":[{"embeddable":true,"href":"https:\/\/www.confagricoltura.org\/bologna\/wp-json\/wp\/v2\/users\/7"}],"replies":[{"embeddable":true,"href":"https:\/\/www.confagricoltura.org\/bologna\/wp-json\/wp\/v2\/comments?post=1748"}],"version-history":[{"count":1,"href":"https:\/\/www.confagricoltura.org\/bologna\/wp-json\/wp\/v2\/posts\/1748\/revisions"}],"predecessor-version":[{"id":4773,"href":"https:\/\/www.confagricoltura.org\/bologna\/wp-json\/wp\/v2\/posts\/1748\/revisions\/4773"}],"wp:attachment":[{"href":"https:\/\/www.confagricoltura.org\/bologna\/wp-json\/wp\/v2\/media?parent=1748"}],"wp:term":[{"taxonomy":"category","embeddable":true,"href":"https:\/\/www.confagricoltura.org\/bologna\/wp-json\/wp\/v2\/categories?post=1748"},{"taxonomy":"post_tag","embeddable":true,"href":"https:\/\/www.confagricoltura.org\/bologna\/wp-json\/wp\/v2\/tags?post=1748"}],"curies":[{"name":"wp","href":"https:\/\/api.w.org\/{rel}","templated":true}]}}