{"id":1712,"date":"2017-11-15T12:22:01","date_gmt":"2017-11-15T11:22:01","guid":{"rendered":"http:\/\/www.confagricoltura.org\/bologna\/?p=1712"},"modified":"2021-03-11T13:25:58","modified_gmt":"2021-03-11T12:25:58","slug":"camera-commercio-bologna-informa-sugli-obblighi-dei-titolari-degli-strumenti-misura-ai-sensi-del-d-m-922017","status":"publish","type":"post","link":"https:\/\/www.confagricoltura.org\/bologna\/camera-commercio-bologna-informa-sugli-obblighi-dei-titolari-degli-strumenti-misura-ai-sensi-del-d-m-922017\/","title":{"rendered":"CAMERA DI COMMERCIO DI BOLOGNA INFORMA SUGLI OBBLIGHI DEI TITOLARI DEGLI STRUMENTI DI MISURA AI SENSI DEL D.M. 92\/2017."},"content":{"rendered":"<p><strong>Camera di Commercio di Bologna informa sugli obblighi dei titolari degli strumenti di misura ai sensi del D.M. 92\/2017<\/strong><strong>.<\/strong><\/p>\n<p>&nbsp;<\/p>\n<p>Si informano gli interessati che il 18 settembre u.s. \u00e8 entrato in vigore il Decreto del Ministero dello sviluppo economico 21 aprile 2017, n. 93, che attua la normativa dei controlli degli strumenti di misura in servizio utilizzati per funzioni di misura legali.<\/p>\n<p>Con \u00abfunzione di misura legale\u00bb si intende la funzione di misura giustificata da motivi di lealt\u00e0 delle transazioni commerciali, imposizioni di tasse e diritti, tutela dei consumatori, interesse pubblico, sanit\u00e0 pubblica, sicurezza pubblica, ordine pubblico, protezione dell\u2019ambiente.<\/p>\n<p>Fino al 18\/3\/2019, le Camere di commercio continueranno a svolgere l\u2019attivit\u00e0 di verifica periodica degli strumenti, secondo le procedure previste dal nuovo decreto. Decorso tale termine, la verificazione periodica degli strumenti sar\u00e0 svolta unicamente dagli organismi accreditati che avranno presentato apposita SCIA ad Unioncamere.<\/p>\n<p>Alle Camere di commercio continuer\u00e0 ad essere riservata la funzione di controllo e vigilanza degli strumenti in servizio, anche al fine di verificare la corretta esecuzione della verifica periodica da parte dei citati organismi accreditati, a garanzia della regolarit\u00e0 di bilance, etichettatrici peso\/prezzo, selezionatrici ponderali, distributori di carburanti, sistemi di misura del gas, ecc.<\/p>\n<p>I titolari degli strumenti devono richiederne la verifica periodica con le periodicit\u00e0 indicate al punto 1 dell\u2019allegato IV al D.M. 93\/2017, a partire dalla data della loro messa in servizio e, comunque, non oltre due anni dall\u2019anno di esecuzione della prima verificazione della marcatura CE o della marcatura metrologica supplementare.<\/p>\n<p>La verifica periodica verr\u00e0 eseguita dagli uffici preposti entro 45 giorni dalla data di ricezione della richiesta pervenuta dal titolare dello strumento.<\/p>\n<p>Fatti salvi gli eventi imprevedibili o rispetto ai quali non abbiano un effettivo controllo, i titolari degli strumenti devono mantenere l&#8217;integrit\u00e0 del contrassegno apposto in sede di verificazione periodica, nonch\u00e9 di ogni altro marchio, sigillo, anche di tipo elettronico, o elemento di protezione, conservare il libretto metrologico e l&#8217;eventuale documentazione prescritta, curare il corretto funzionamento dei loro strumenti e astenersi dall\u2019utilizzarli quando sono palesemente difettosi o inaffidabili.<\/p>\n<p>Oltre agli obblighi sopra elencati relativi alla tenuta dello strumento e alla verifica del mantenimento della sua conformit\u00e0 nel tempo, i titolari degli strumenti di misura sono altres\u00ec soggetti agli obblighi di comunicazione alla Camera di commercio della circoscrizione in cui lo strumento \u00e8 in servizio. Entro 30 giorni essi devono comunicare la data di inizio dell\u2019utilizzo degli strumenti e quella di fine dell&#8217;utilizzo.<\/p>\n<p>La mancata osservanza delle prescrizioni sopra indicate costituisce violazione amministrativa e comporta l\u2019applicazione della sanzione pecuniaria prevista per specifica tipologia di strumento, che va da un minimo di 500 euro ad un massimo di 1500 euro per ciascuna violazione.<\/p>\n<p>Ulteriori informazioni sono disponibili al sito <u>www.bo.camcom.gov.it<\/u> nella pagina relativa all\u2019Ufficio Metrico. Rif. ALL. IV &#8211; punto 1 &#8211; D.M. 93\/2017:Periodicit\u00e0 della verificazione degli strumenti di misura in servizio.<\/p>\n<p>Le comunicazioni di competenza della Camera di commercio di Bologna potranno essere effettuate via pec all\u2019indirizzo: <u>ufficio.metrico@bo.legalmail.camcom.it<\/u>, oppure tramite il servizio postale all\u2019indirizzo dell\u2019Ufficio Metrico-Ispettivo \u2013 Piazza della Costituzione 8, 40128 Bologna.<\/p>\n<p>(S. Casini)<\/p>\n","protected":false},"excerpt":{"rendered":"<p>Camera di Commercio di Bologna informa sugli obblighi dei titolari degli strumenti di misura ai sensi del D.M. 92\/2017. &nbsp; Si informano gli interessati che il 18 settembre u.s. \u00e8 entrato in vigore il Decreto del Ministero dello sviluppo economico 21 aprile 2017, n. 93, che attua la normativa dei controlli degli strumenti di misura<\/p>\n","protected":false},"author":7,"featured_media":0,"comment_status":"open","ping_status":"open","sticky":false,"template":"","format":"standard","meta":{"wp_mapbox_gl_js_media":[],"footnotes":""},"categories":[29],"tags":[],"class_list":["post-1712","post","type-post","status-publish","format-standard","hentry","category-archivio"],"yoast_head":"<!-- This site is optimized with the Yoast SEO plugin v26.8 - https:\/\/yoast.com\/product\/yoast-seo-wordpress\/ -->\n<title>CAMERA DI COMMERCIO DI BOLOGNA INFORMA SUGLI OBBLIGHI DEI TITOLARI DEGLI STRUMENTI DI MISURA AI SENSI DEL D.M. 92\/2017. - Confagricoltura Bologna<\/title>\n<meta name=\"robots\" content=\"index, follow, max-snippet:-1, max-image-preview:large, max-video-preview:-1\" \/>\n<link rel=\"canonical\" href=\"https:\/\/www.confagricoltura.org\/bologna\/camera-commercio-bologna-informa-sugli-obblighi-dei-titolari-degli-strumenti-misura-ai-sensi-del-d-m-922017\/\" \/>\n<meta property=\"og:locale\" content=\"it_IT\" \/>\n<meta property=\"og:type\" content=\"article\" \/>\n<meta property=\"og:title\" content=\"CAMERA DI COMMERCIO DI BOLOGNA INFORMA SUGLI OBBLIGHI DEI TITOLARI DEGLI STRUMENTI DI MISURA AI SENSI DEL D.M. 92\/2017. - Confagricoltura Bologna\" \/>\n<meta property=\"og:description\" content=\"Camera di Commercio di Bologna informa sugli obblighi dei titolari degli strumenti di misura ai sensi del D.M. 92\/2017. &nbsp; Si informano gli interessati che il 18 settembre u.s. \u00e8 entrato in vigore il Decreto del Ministero dello sviluppo economico 21 aprile 2017, n. 93, che attua la normativa dei controlli degli strumenti di misura\" \/>\n<meta property=\"og:url\" content=\"https:\/\/www.confagricoltura.org\/bologna\/camera-commercio-bologna-informa-sugli-obblighi-dei-titolari-degli-strumenti-misura-ai-sensi-del-d-m-922017\/\" \/>\n<meta property=\"og:site_name\" content=\"Confagricoltura Bologna\" \/>\n<meta property=\"article:published_time\" content=\"2017-11-15T11:22:01+00:00\" \/>\n<meta property=\"article:modified_time\" content=\"2021-03-11T12:25:58+00:00\" \/>\n<meta name=\"author\" content=\"confagricolturabologna\" \/>\n<meta name=\"twitter:card\" content=\"summary_large_image\" \/>\n<meta name=\"twitter:label1\" content=\"Scritto da\" \/>\n\t<meta name=\"twitter:data1\" content=\"confagricolturabologna\" \/>\n\t<meta name=\"twitter:label2\" content=\"Tempo di lettura stimato\" \/>\n\t<meta name=\"twitter:data2\" content=\"3 minuti\" \/>\n<script type=\"application\/ld+json\" class=\"yoast-schema-graph\">{\"@context\":\"https:\/\/schema.org\",\"@graph\":[{\"@type\":\"Article\",\"@id\":\"https:\/\/www.confagricoltura.org\/bologna\/camera-commercio-bologna-informa-sugli-obblighi-dei-titolari-degli-strumenti-misura-ai-sensi-del-d-m-922017\/#article\",\"isPartOf\":{\"@id\":\"https:\/\/www.confagricoltura.org\/bologna\/camera-commercio-bologna-informa-sugli-obblighi-dei-titolari-degli-strumenti-misura-ai-sensi-del-d-m-922017\/\"},\"author\":{\"name\":\"confagricolturabologna\",\"@id\":\"https:\/\/www.confagricoltura.org\/bologna\/#\/schema\/person\/277baa2a725fb840103c5f8898746c7f\"},\"headline\":\"CAMERA DI COMMERCIO DI BOLOGNA INFORMA SUGLI OBBLIGHI DEI TITOLARI DEGLI STRUMENTI DI MISURA AI SENSI DEL D.M. 92\/2017.\",\"datePublished\":\"2017-11-15T11:22:01+00:00\",\"dateModified\":\"2021-03-11T12:25:58+00:00\",\"mainEntityOfPage\":{\"@id\":\"https:\/\/www.confagricoltura.org\/bologna\/camera-commercio-bologna-informa-sugli-obblighi-dei-titolari-degli-strumenti-misura-ai-sensi-del-d-m-922017\/\"},\"wordCount\":532,\"commentCount\":0,\"articleSection\":[\"Archivio\"],\"inLanguage\":\"it-IT\"},{\"@type\":\"WebPage\",\"@id\":\"https:\/\/www.confagricoltura.org\/bologna\/camera-commercio-bologna-informa-sugli-obblighi-dei-titolari-degli-strumenti-misura-ai-sensi-del-d-m-922017\/\",\"url\":\"https:\/\/www.confagricoltura.org\/bologna\/camera-commercio-bologna-informa-sugli-obblighi-dei-titolari-degli-strumenti-misura-ai-sensi-del-d-m-922017\/\",\"name\":\"CAMERA DI COMMERCIO DI BOLOGNA INFORMA SUGLI OBBLIGHI DEI TITOLARI DEGLI STRUMENTI DI MISURA AI SENSI DEL D.M. 92\/2017. - Confagricoltura Bologna\",\"isPartOf\":{\"@id\":\"https:\/\/www.confagricoltura.org\/bologna\/#website\"},\"datePublished\":\"2017-11-15T11:22:01+00:00\",\"dateModified\":\"2021-03-11T12:25:58+00:00\",\"author\":{\"@id\":\"https:\/\/www.confagricoltura.org\/bologna\/#\/schema\/person\/277baa2a725fb840103c5f8898746c7f\"},\"breadcrumb\":{\"@id\":\"https:\/\/www.confagricoltura.org\/bologna\/camera-commercio-bologna-informa-sugli-obblighi-dei-titolari-degli-strumenti-misura-ai-sensi-del-d-m-922017\/#breadcrumb\"},\"inLanguage\":\"it-IT\",\"potentialAction\":[{\"@type\":\"ReadAction\",\"target\":[\"https:\/\/www.confagricoltura.org\/bologna\/camera-commercio-bologna-informa-sugli-obblighi-dei-titolari-degli-strumenti-misura-ai-sensi-del-d-m-922017\/\"]}]},{\"@type\":\"BreadcrumbList\",\"@id\":\"https:\/\/www.confagricoltura.org\/bologna\/camera-commercio-bologna-informa-sugli-obblighi-dei-titolari-degli-strumenti-misura-ai-sensi-del-d-m-922017\/#breadcrumb\",\"itemListElement\":[{\"@type\":\"ListItem\",\"position\":1,\"name\":\"Home\",\"item\":\"https:\/\/www.confagricoltura.org\/bologna\/\"},{\"@type\":\"ListItem\",\"position\":2,\"name\":\"CAMERA DI COMMERCIO DI BOLOGNA INFORMA SUGLI OBBLIGHI DEI TITOLARI DEGLI STRUMENTI DI MISURA AI SENSI DEL D.M. 92\/2017.\"}]},{\"@type\":\"WebSite\",\"@id\":\"https:\/\/www.confagricoltura.org\/bologna\/#website\",\"url\":\"https:\/\/www.confagricoltura.org\/bologna\/\",\"name\":\"Confagricoltura Bologna\",\"description\":\"Dalla parte degli Agricoltori\",\"potentialAction\":[{\"@type\":\"SearchAction\",\"target\":{\"@type\":\"EntryPoint\",\"urlTemplate\":\"https:\/\/www.confagricoltura.org\/bologna\/?s={search_term_string}\"},\"query-input\":{\"@type\":\"PropertyValueSpecification\",\"valueRequired\":true,\"valueName\":\"search_term_string\"}}],\"inLanguage\":\"it-IT\"},{\"@type\":\"Person\",\"@id\":\"https:\/\/www.confagricoltura.org\/bologna\/#\/schema\/person\/277baa2a725fb840103c5f8898746c7f\",\"name\":\"confagricolturabologna\",\"image\":{\"@type\":\"ImageObject\",\"inLanguage\":\"it-IT\",\"@id\":\"https:\/\/www.confagricoltura.org\/bologna\/#\/schema\/person\/image\/\",\"url\":\"https:\/\/secure.gravatar.com\/avatar\/edd9a034f35ea6aeadaf9744d1135acc?s=96&d=mm&r=g\",\"contentUrl\":\"https:\/\/secure.gravatar.com\/avatar\/edd9a034f35ea6aeadaf9744d1135acc?s=96&d=mm&r=g\",\"caption\":\"confagricolturabologna\"},\"url\":\"https:\/\/www.confagricoltura.org\/bologna\/author\/confagricolturabologna\/\"}]}<\/script>\n<!-- \/ Yoast SEO plugin. -->","yoast_head_json":{"title":"CAMERA DI COMMERCIO DI BOLOGNA INFORMA SUGLI OBBLIGHI DEI TITOLARI DEGLI STRUMENTI DI MISURA AI SENSI DEL D.M. 92\/2017. - Confagricoltura Bologna","robots":{"index":"index","follow":"follow","max-snippet":"max-snippet:-1","max-image-preview":"max-image-preview:large","max-video-preview":"max-video-preview:-1"},"canonical":"https:\/\/www.confagricoltura.org\/bologna\/camera-commercio-bologna-informa-sugli-obblighi-dei-titolari-degli-strumenti-misura-ai-sensi-del-d-m-922017\/","og_locale":"it_IT","og_type":"article","og_title":"CAMERA DI COMMERCIO DI BOLOGNA INFORMA SUGLI OBBLIGHI DEI TITOLARI DEGLI STRUMENTI DI MISURA AI SENSI DEL D.M. 92\/2017. - Confagricoltura Bologna","og_description":"Camera di Commercio di Bologna informa sugli obblighi dei titolari degli strumenti di misura ai sensi del D.M. 92\/2017. &nbsp; Si informano gli interessati che il 18 settembre u.s. \u00e8 entrato in vigore il Decreto del Ministero dello sviluppo economico 21 aprile 2017, n. 93, che attua la normativa dei controlli degli strumenti di misura","og_url":"https:\/\/www.confagricoltura.org\/bologna\/camera-commercio-bologna-informa-sugli-obblighi-dei-titolari-degli-strumenti-misura-ai-sensi-del-d-m-922017\/","og_site_name":"Confagricoltura Bologna","article_published_time":"2017-11-15T11:22:01+00:00","article_modified_time":"2021-03-11T12:25:58+00:00","author":"confagricolturabologna","twitter_card":"summary_large_image","twitter_misc":{"Scritto da":"confagricolturabologna","Tempo di lettura stimato":"3 minuti"},"schema":{"@context":"https:\/\/schema.org","@graph":[{"@type":"Article","@id":"https:\/\/www.confagricoltura.org\/bologna\/camera-commercio-bologna-informa-sugli-obblighi-dei-titolari-degli-strumenti-misura-ai-sensi-del-d-m-922017\/#article","isPartOf":{"@id":"https:\/\/www.confagricoltura.org\/bologna\/camera-commercio-bologna-informa-sugli-obblighi-dei-titolari-degli-strumenti-misura-ai-sensi-del-d-m-922017\/"},"author":{"name":"confagricolturabologna","@id":"https:\/\/www.confagricoltura.org\/bologna\/#\/schema\/person\/277baa2a725fb840103c5f8898746c7f"},"headline":"CAMERA DI COMMERCIO DI BOLOGNA INFORMA SUGLI OBBLIGHI DEI TITOLARI DEGLI STRUMENTI DI MISURA AI SENSI DEL D.M. 92\/2017.","datePublished":"2017-11-15T11:22:01+00:00","dateModified":"2021-03-11T12:25:58+00:00","mainEntityOfPage":{"@id":"https:\/\/www.confagricoltura.org\/bologna\/camera-commercio-bologna-informa-sugli-obblighi-dei-titolari-degli-strumenti-misura-ai-sensi-del-d-m-922017\/"},"wordCount":532,"commentCount":0,"articleSection":["Archivio"],"inLanguage":"it-IT"},{"@type":"WebPage","@id":"https:\/\/www.confagricoltura.org\/bologna\/camera-commercio-bologna-informa-sugli-obblighi-dei-titolari-degli-strumenti-misura-ai-sensi-del-d-m-922017\/","url":"https:\/\/www.confagricoltura.org\/bologna\/camera-commercio-bologna-informa-sugli-obblighi-dei-titolari-degli-strumenti-misura-ai-sensi-del-d-m-922017\/","name":"CAMERA DI COMMERCIO DI BOLOGNA INFORMA SUGLI OBBLIGHI DEI TITOLARI DEGLI STRUMENTI DI MISURA AI SENSI DEL D.M. 92\/2017. - Confagricoltura Bologna","isPartOf":{"@id":"https:\/\/www.confagricoltura.org\/bologna\/#website"},"datePublished":"2017-11-15T11:22:01+00:00","dateModified":"2021-03-11T12:25:58+00:00","author":{"@id":"https:\/\/www.confagricoltura.org\/bologna\/#\/schema\/person\/277baa2a725fb840103c5f8898746c7f"},"breadcrumb":{"@id":"https:\/\/www.confagricoltura.org\/bologna\/camera-commercio-bologna-informa-sugli-obblighi-dei-titolari-degli-strumenti-misura-ai-sensi-del-d-m-922017\/#breadcrumb"},"inLanguage":"it-IT","potentialAction":[{"@type":"ReadAction","target":["https:\/\/www.confagricoltura.org\/bologna\/camera-commercio-bologna-informa-sugli-obblighi-dei-titolari-degli-strumenti-misura-ai-sensi-del-d-m-922017\/"]}]},{"@type":"BreadcrumbList","@id":"https:\/\/www.confagricoltura.org\/bologna\/camera-commercio-bologna-informa-sugli-obblighi-dei-titolari-degli-strumenti-misura-ai-sensi-del-d-m-922017\/#breadcrumb","itemListElement":[{"@type":"ListItem","position":1,"name":"Home","item":"https:\/\/www.confagricoltura.org\/bologna\/"},{"@type":"ListItem","position":2,"name":"CAMERA DI COMMERCIO DI BOLOGNA INFORMA SUGLI OBBLIGHI DEI TITOLARI DEGLI STRUMENTI DI MISURA AI SENSI DEL D.M. 92\/2017."}]},{"@type":"WebSite","@id":"https:\/\/www.confagricoltura.org\/bologna\/#website","url":"https:\/\/www.confagricoltura.org\/bologna\/","name":"Confagricoltura Bologna","description":"Dalla parte degli Agricoltori","potentialAction":[{"@type":"SearchAction","target":{"@type":"EntryPoint","urlTemplate":"https:\/\/www.confagricoltura.org\/bologna\/?s={search_term_string}"},"query-input":{"@type":"PropertyValueSpecification","valueRequired":true,"valueName":"search_term_string"}}],"inLanguage":"it-IT"},{"@type":"Person","@id":"https:\/\/www.confagricoltura.org\/bologna\/#\/schema\/person\/277baa2a725fb840103c5f8898746c7f","name":"confagricolturabologna","image":{"@type":"ImageObject","inLanguage":"it-IT","@id":"https:\/\/www.confagricoltura.org\/bologna\/#\/schema\/person\/image\/","url":"https:\/\/secure.gravatar.com\/avatar\/edd9a034f35ea6aeadaf9744d1135acc?s=96&d=mm&r=g","contentUrl":"https:\/\/secure.gravatar.com\/avatar\/edd9a034f35ea6aeadaf9744d1135acc?s=96&d=mm&r=g","caption":"confagricolturabologna"},"url":"https:\/\/www.confagricoltura.org\/bologna\/author\/confagricolturabologna\/"}]}},"_links":{"self":[{"href":"https:\/\/www.confagricoltura.org\/bologna\/wp-json\/wp\/v2\/posts\/1712","targetHints":{"allow":["GET"]}}],"collection":[{"href":"https:\/\/www.confagricoltura.org\/bologna\/wp-json\/wp\/v2\/posts"}],"about":[{"href":"https:\/\/www.confagricoltura.org\/bologna\/wp-json\/wp\/v2\/types\/post"}],"author":[{"embeddable":true,"href":"https:\/\/www.confagricoltura.org\/bologna\/wp-json\/wp\/v2\/users\/7"}],"replies":[{"embeddable":true,"href":"https:\/\/www.confagricoltura.org\/bologna\/wp-json\/wp\/v2\/comments?post=1712"}],"version-history":[{"count":1,"href":"https:\/\/www.confagricoltura.org\/bologna\/wp-json\/wp\/v2\/posts\/1712\/revisions"}],"predecessor-version":[{"id":4785,"href":"https:\/\/www.confagricoltura.org\/bologna\/wp-json\/wp\/v2\/posts\/1712\/revisions\/4785"}],"wp:attachment":[{"href":"https:\/\/www.confagricoltura.org\/bologna\/wp-json\/wp\/v2\/media?parent=1712"}],"wp:term":[{"taxonomy":"category","embeddable":true,"href":"https:\/\/www.confagricoltura.org\/bologna\/wp-json\/wp\/v2\/categories?post=1712"},{"taxonomy":"post_tag","embeddable":true,"href":"https:\/\/www.confagricoltura.org\/bologna\/wp-json\/wp\/v2\/tags?post=1712"}],"curies":[{"name":"wp","href":"https:\/\/api.w.org\/{rel}","templated":true}]}}