{"id":1638,"date":"2017-09-29T13:25:22","date_gmt":"2017-09-29T11:25:22","guid":{"rendered":"http:\/\/www.confagricoltura.org\/bologna\/?p=1638"},"modified":"2021-03-11T13:25:58","modified_gmt":"2021-03-11T12:25:58","slug":"dipendenti-delle-imprese-agricole-accordo-nazionale-sulla-detassazione","status":"publish","type":"post","link":"https:\/\/www.confagricoltura.org\/bologna\/dipendenti-delle-imprese-agricole-accordo-nazionale-sulla-detassazione\/","title":{"rendered":"DIPENDENTI DELLE IMPRESE AGRICOLE &#8211; ACCORDO NAZIONALE SULLA DETASSAZIONE."},"content":{"rendered":"<p><b>Dipendenti delle imprese agricole &#8211; Accordo Nazionale sulla Detassazione<\/b>.<\/p>\n<p>&nbsp;<\/p>\n<p>Sottoscritto in estate, in Roma, tra le organizzazioni sindacali nazionali il nuovo Accordo Quadro, valevole per l\u2019anno 2017, in tema di \u201cdetassazione delle erogazioni economiche connesse all\u2019andamento economico dell\u2019azienda agricola\u201d. L\u2019accordo \u00e8 valevole in specie per i dipendenti aventi qualifica operaia; parallelamente \u00e8 stato altres\u00ec sottoscritto<\/p>\n<p>l\u2019Accordo Quadro valido per le qualifiche impiegatizie.<\/p>\n<p>L\u2019accordo confederale definisce altres\u00ec uno schema di accordo territoriale da adottare nelle varie realt\u00e0 provinciali.<\/p>\n<p>I sindacati nazionali (Confagricoltura, Coldiretti, CIA, Flai \u2013 Cgil, Fai \u2013Cisl e Uila \u2013 Uil, oltre a Confederdia per gli impiegati), hanno adottato lo schema di accordo territoriale per favorire l\u2019applicazione del regime fiscale agevolato di cui all\u2019art. 1, c. 182 \u2013 189, legge 208\/20415 e all\u2019art. 1, c. 160 \u2013 162, legge 232\/2016; sulla materia, come noto, intervenuto anche il Decreto del Ministro del Lavoro e delle Politiche Sociali (di concerto con quello dell\u2019Economia e delle Finanze) del 25\/03\/2016. Da segnalare, sull\u2019argomento, anche la circolare n. 28\/E del 15\/06\/2016 dell\u2019Agenzia delle Entrate (d\u2019intesa con il Ministero del Lavoro e delle politiche Sociali), circolare con la quale si chiariscono le indicazioni operative per l\u2019applicazione delle disposizioni agevolative.<\/p>\n<p>L\u2019Accordo Quadro nazionale individua correttamente i parametri utili per beneficiare della detassazione (imposta sostitutiva pari al 10% del \u201cpremio\u201d corrisposto), dovendosi ricercare la correlazione tra norme contrattuali e la concreta verificabilit\u00e0 della realizzazione degli incrementi di produttivit\u00e0, redditivit\u00e0, qualit\u00e0, efficienza e innovazione; su tali basi, il Decreto interministeriale del25\/03\/2016 indica la necessit\u00e0 che i criteri di misurazione e verifica degli incrementi debbano riferirsi ad un arco di tempo congruo e che il raggiungimento degli obiettivi debba essere verificabile in modo oggettivo attraverso appositi indicatori di misurazione.<\/p>\n<p>La fonte legale stabilisce, infatti, che <i>\u201cpossono consistere nell\u2019aumento della produzione o in risparmi dei fattori produttivi ovvero nel miglioramento della qualit\u00e0 dei prodotti e dei processi, anche attraverso la riorganizzazione<\/i><\/p>\n<p><i>dell\u2019orario di lavoro non straordinario o il ricorso al lavoro agile quale modalit\u00e0 flessibile di esecuzione del rapporto di lavoro subordinato\u201d.<\/i><\/p>\n<p>La detassazione pu\u00f2 essere applicata alle erogazioni effettuate nel 2017 e negli anni successivi, anche se riferibili a premi realizzati 2016, se gli accordi, anche aziendali, risultino coerenti con le previsioni normative (legge di Stabilit\u00e0 2016 e legge di Bilancio 2017) dal Decreto interministeriale del 25\/3\/2016 e dalla Circolare 28\/E dell\u2019Agenzia delle Entrate e del Ministero del lavoro e delle politiche sociali.<\/p>\n<p>L\u2019Accordo Quadro prevede in sostanza che \u201c<i>i premi saranno assoggettati al trattamento fiscale agevolato qualora le imprese adottino uno o pi\u00f9 indicatori, anche in via alternativa, per la misurazione degli incrementi di produttivit\u00e0, redditivit\u00e0, qualit\u00e0, efficienza ed innovazione, tra quelli elencati nella sezione 6 del modello allegato al Decreto 25 marzo 2016<\/i>\u201d; essenziale, al riguardo, come previsto nella circolare n. 28\/E del 15 giugno 2016, che la condizione di incrementalit\u00e0 degli obiettivi, cha d\u00e0 diritto al trattamento fiscale agevolato, venga rispettata, \u201c<i>ossia che l\u2019incremento possa essere verificato, nell\u2019arco di un periodo congruo (intendendosi per esso un periodo significativo anche ai fini della quantificazione del premio aziendale), attraverso indicatori numerici appositamente individuati e fondati su idonei riscontri documentali aziendali<\/i>\u201d.<\/p>\n<p>In concreto, quindi, le agevolazioni fiscali saranno applicate dalle aziende \u201c<i>nei limiti ed alle condizioni previste dalla normativa vigente, agli importi dei premi di risultato erogati a seguito del raggiungimento di un effettivo miglioramento dell\u2019indicatore o degli indicatori adottati, anche in via alternativa, dall\u2019impresa stessa, come individuati in precedenza, rispetto al risultato registrato dallo stesso indicatore o dagli stessi indicatori nell\u2019anno precedente o, comunque, nel periodo congruo<\/i>\u201d.<\/p>\n<p>Sempre secondo l\u2019Accordo Quadro, le imprese che si avvarranno dell\u2019accordo invieranno, anche con modalit\u00e0 informatiche, una comunicazione scritta ai dipendenti dichiarando che, in applicazione del medesimo, viene istituito un premio di risultato. Nella comunicazione dovranno essere indicati gli elementi essenziali del premio, ivi compresa<\/p>\n<p>l\u2019eventualit\u00e0 che il premio venga corrisposto, in tutto o in parte, per scelta del lavoratore, tramite prestazioni di welfare aziendale, come previsto dal comma 184 dell\u2019art. 1 della legge 28 dicembre 2015, n. 208 e alle condizioni previste dalla Circolare n. 28\/E.<\/p>\n<p>Ai fini dell\u2019eventuale individuazione dei servizi o delle prestazioni di welfare aziendale da offrire ai dipendenti, l&#8217;impresa, tenendo conto delle indicazioni espresse dai lavoratori e dell\u2019offerta dei servizi esistente nel territorio dove insiste, valuter\u00e0, in particolare, le eventuali iniziative in materia poste in essere, anche autonomamente, dalle parti che hanno sottoscritto l\u2019accordo provinciale.<\/p>\n<p>Presupposto per l\u2019applicabilit\u00e0 del sistema agevolativo \u00e8, inoltre, il deposito dell\u2019accordo, entro trenta giorni dalla sottoscrizione, all\u2019Ispettorato Nazionale del Lavoro competente territorialmente.<\/p>\n<p>(M. Mazzanti)<\/p>\n<p>&nbsp;<\/p>\n<p>&nbsp;<\/p>\n","protected":false},"excerpt":{"rendered":"<p>Dipendenti delle imprese agricole &#8211; Accordo Nazionale sulla Detassazione. &nbsp; Sottoscritto in estate, in Roma, tra le organizzazioni sindacali nazionali il nuovo Accordo Quadro, valevole per l\u2019anno 2017, in tema di \u201cdetassazione delle erogazioni economiche connesse all\u2019andamento economico dell\u2019azienda agricola\u201d. L\u2019accordo \u00e8 valevole in specie per i dipendenti aventi qualifica operaia; parallelamente \u00e8 stato altres\u00ec<\/p>\n","protected":false},"author":7,"featured_media":0,"comment_status":"open","ping_status":"open","sticky":false,"template":"","format":"standard","meta":{"wp_mapbox_gl_js_media":[],"footnotes":""},"categories":[29],"tags":[],"class_list":["post-1638","post","type-post","status-publish","format-standard","hentry","category-archivio"],"yoast_head":"<!-- This site is optimized with the Yoast SEO plugin v26.8 - https:\/\/yoast.com\/product\/yoast-seo-wordpress\/ -->\n<title>DIPENDENTI DELLE IMPRESE AGRICOLE - ACCORDO NAZIONALE SULLA DETASSAZIONE. - Confagricoltura Bologna<\/title>\n<meta name=\"robots\" content=\"index, follow, max-snippet:-1, max-image-preview:large, max-video-preview:-1\" \/>\n<link rel=\"canonical\" href=\"https:\/\/www.confagricoltura.org\/bologna\/dipendenti-delle-imprese-agricole-accordo-nazionale-sulla-detassazione\/\" \/>\n<meta property=\"og:locale\" content=\"it_IT\" \/>\n<meta property=\"og:type\" content=\"article\" \/>\n<meta property=\"og:title\" content=\"DIPENDENTI DELLE IMPRESE AGRICOLE - ACCORDO NAZIONALE SULLA DETASSAZIONE. - Confagricoltura Bologna\" \/>\n<meta property=\"og:description\" content=\"Dipendenti delle imprese agricole &#8211; Accordo Nazionale sulla Detassazione. &nbsp; Sottoscritto in estate, in Roma, tra le organizzazioni sindacali nazionali il nuovo Accordo Quadro, valevole per l\u2019anno 2017, in tema di \u201cdetassazione delle erogazioni economiche connesse all\u2019andamento economico dell\u2019azienda agricola\u201d. L\u2019accordo \u00e8 valevole in specie per i dipendenti aventi qualifica operaia; parallelamente \u00e8 stato altres\u00ec\" \/>\n<meta property=\"og:url\" content=\"https:\/\/www.confagricoltura.org\/bologna\/dipendenti-delle-imprese-agricole-accordo-nazionale-sulla-detassazione\/\" \/>\n<meta property=\"og:site_name\" content=\"Confagricoltura Bologna\" \/>\n<meta property=\"article:published_time\" content=\"2017-09-29T11:25:22+00:00\" \/>\n<meta property=\"article:modified_time\" content=\"2021-03-11T12:25:58+00:00\" \/>\n<meta name=\"author\" content=\"confagricolturabologna\" \/>\n<meta name=\"twitter:card\" content=\"summary_large_image\" \/>\n<meta name=\"twitter:label1\" content=\"Scritto da\" \/>\n\t<meta name=\"twitter:data1\" content=\"confagricolturabologna\" \/>\n\t<meta name=\"twitter:label2\" content=\"Tempo di lettura stimato\" \/>\n\t<meta name=\"twitter:data2\" content=\"4 minuti\" \/>\n<script type=\"application\/ld+json\" class=\"yoast-schema-graph\">{\"@context\":\"https:\/\/schema.org\",\"@graph\":[{\"@type\":\"Article\",\"@id\":\"https:\/\/www.confagricoltura.org\/bologna\/dipendenti-delle-imprese-agricole-accordo-nazionale-sulla-detassazione\/#article\",\"isPartOf\":{\"@id\":\"https:\/\/www.confagricoltura.org\/bologna\/dipendenti-delle-imprese-agricole-accordo-nazionale-sulla-detassazione\/\"},\"author\":{\"name\":\"confagricolturabologna\",\"@id\":\"https:\/\/www.confagricoltura.org\/bologna\/#\/schema\/person\/277baa2a725fb840103c5f8898746c7f\"},\"headline\":\"DIPENDENTI DELLE IMPRESE AGRICOLE &#8211; ACCORDO NAZIONALE SULLA DETASSAZIONE.\",\"datePublished\":\"2017-09-29T11:25:22+00:00\",\"dateModified\":\"2021-03-11T12:25:58+00:00\",\"mainEntityOfPage\":{\"@id\":\"https:\/\/www.confagricoltura.org\/bologna\/dipendenti-delle-imprese-agricole-accordo-nazionale-sulla-detassazione\/\"},\"wordCount\":755,\"commentCount\":0,\"articleSection\":[\"Archivio\"],\"inLanguage\":\"it-IT\"},{\"@type\":\"WebPage\",\"@id\":\"https:\/\/www.confagricoltura.org\/bologna\/dipendenti-delle-imprese-agricole-accordo-nazionale-sulla-detassazione\/\",\"url\":\"https:\/\/www.confagricoltura.org\/bologna\/dipendenti-delle-imprese-agricole-accordo-nazionale-sulla-detassazione\/\",\"name\":\"DIPENDENTI DELLE IMPRESE AGRICOLE - ACCORDO NAZIONALE SULLA DETASSAZIONE. - Confagricoltura Bologna\",\"isPartOf\":{\"@id\":\"https:\/\/www.confagricoltura.org\/bologna\/#website\"},\"datePublished\":\"2017-09-29T11:25:22+00:00\",\"dateModified\":\"2021-03-11T12:25:58+00:00\",\"author\":{\"@id\":\"https:\/\/www.confagricoltura.org\/bologna\/#\/schema\/person\/277baa2a725fb840103c5f8898746c7f\"},\"breadcrumb\":{\"@id\":\"https:\/\/www.confagricoltura.org\/bologna\/dipendenti-delle-imprese-agricole-accordo-nazionale-sulla-detassazione\/#breadcrumb\"},\"inLanguage\":\"it-IT\",\"potentialAction\":[{\"@type\":\"ReadAction\",\"target\":[\"https:\/\/www.confagricoltura.org\/bologna\/dipendenti-delle-imprese-agricole-accordo-nazionale-sulla-detassazione\/\"]}]},{\"@type\":\"BreadcrumbList\",\"@id\":\"https:\/\/www.confagricoltura.org\/bologna\/dipendenti-delle-imprese-agricole-accordo-nazionale-sulla-detassazione\/#breadcrumb\",\"itemListElement\":[{\"@type\":\"ListItem\",\"position\":1,\"name\":\"Home\",\"item\":\"https:\/\/www.confagricoltura.org\/bologna\/\"},{\"@type\":\"ListItem\",\"position\":2,\"name\":\"DIPENDENTI DELLE IMPRESE AGRICOLE &#8211; ACCORDO NAZIONALE SULLA DETASSAZIONE.\"}]},{\"@type\":\"WebSite\",\"@id\":\"https:\/\/www.confagricoltura.org\/bologna\/#website\",\"url\":\"https:\/\/www.confagricoltura.org\/bologna\/\",\"name\":\"Confagricoltura Bologna\",\"description\":\"Dalla parte degli Agricoltori\",\"potentialAction\":[{\"@type\":\"SearchAction\",\"target\":{\"@type\":\"EntryPoint\",\"urlTemplate\":\"https:\/\/www.confagricoltura.org\/bologna\/?s={search_term_string}\"},\"query-input\":{\"@type\":\"PropertyValueSpecification\",\"valueRequired\":true,\"valueName\":\"search_term_string\"}}],\"inLanguage\":\"it-IT\"},{\"@type\":\"Person\",\"@id\":\"https:\/\/www.confagricoltura.org\/bologna\/#\/schema\/person\/277baa2a725fb840103c5f8898746c7f\",\"name\":\"confagricolturabologna\",\"image\":{\"@type\":\"ImageObject\",\"inLanguage\":\"it-IT\",\"@id\":\"https:\/\/www.confagricoltura.org\/bologna\/#\/schema\/person\/image\/\",\"url\":\"https:\/\/secure.gravatar.com\/avatar\/edd9a034f35ea6aeadaf9744d1135acc?s=96&d=mm&r=g\",\"contentUrl\":\"https:\/\/secure.gravatar.com\/avatar\/edd9a034f35ea6aeadaf9744d1135acc?s=96&d=mm&r=g\",\"caption\":\"confagricolturabologna\"},\"url\":\"https:\/\/www.confagricoltura.org\/bologna\/author\/confagricolturabologna\/\"}]}<\/script>\n<!-- \/ Yoast SEO plugin. -->","yoast_head_json":{"title":"DIPENDENTI DELLE IMPRESE AGRICOLE - ACCORDO NAZIONALE SULLA DETASSAZIONE. - Confagricoltura Bologna","robots":{"index":"index","follow":"follow","max-snippet":"max-snippet:-1","max-image-preview":"max-image-preview:large","max-video-preview":"max-video-preview:-1"},"canonical":"https:\/\/www.confagricoltura.org\/bologna\/dipendenti-delle-imprese-agricole-accordo-nazionale-sulla-detassazione\/","og_locale":"it_IT","og_type":"article","og_title":"DIPENDENTI DELLE IMPRESE AGRICOLE - ACCORDO NAZIONALE SULLA DETASSAZIONE. - Confagricoltura Bologna","og_description":"Dipendenti delle imprese agricole &#8211; Accordo Nazionale sulla Detassazione. &nbsp; Sottoscritto in estate, in Roma, tra le organizzazioni sindacali nazionali il nuovo Accordo Quadro, valevole per l\u2019anno 2017, in tema di \u201cdetassazione delle erogazioni economiche connesse all\u2019andamento economico dell\u2019azienda agricola\u201d. L\u2019accordo \u00e8 valevole in specie per i dipendenti aventi qualifica operaia; parallelamente \u00e8 stato altres\u00ec","og_url":"https:\/\/www.confagricoltura.org\/bologna\/dipendenti-delle-imprese-agricole-accordo-nazionale-sulla-detassazione\/","og_site_name":"Confagricoltura Bologna","article_published_time":"2017-09-29T11:25:22+00:00","article_modified_time":"2021-03-11T12:25:58+00:00","author":"confagricolturabologna","twitter_card":"summary_large_image","twitter_misc":{"Scritto da":"confagricolturabologna","Tempo di lettura stimato":"4 minuti"},"schema":{"@context":"https:\/\/schema.org","@graph":[{"@type":"Article","@id":"https:\/\/www.confagricoltura.org\/bologna\/dipendenti-delle-imprese-agricole-accordo-nazionale-sulla-detassazione\/#article","isPartOf":{"@id":"https:\/\/www.confagricoltura.org\/bologna\/dipendenti-delle-imprese-agricole-accordo-nazionale-sulla-detassazione\/"},"author":{"name":"confagricolturabologna","@id":"https:\/\/www.confagricoltura.org\/bologna\/#\/schema\/person\/277baa2a725fb840103c5f8898746c7f"},"headline":"DIPENDENTI DELLE IMPRESE AGRICOLE &#8211; ACCORDO NAZIONALE SULLA DETASSAZIONE.","datePublished":"2017-09-29T11:25:22+00:00","dateModified":"2021-03-11T12:25:58+00:00","mainEntityOfPage":{"@id":"https:\/\/www.confagricoltura.org\/bologna\/dipendenti-delle-imprese-agricole-accordo-nazionale-sulla-detassazione\/"},"wordCount":755,"commentCount":0,"articleSection":["Archivio"],"inLanguage":"it-IT"},{"@type":"WebPage","@id":"https:\/\/www.confagricoltura.org\/bologna\/dipendenti-delle-imprese-agricole-accordo-nazionale-sulla-detassazione\/","url":"https:\/\/www.confagricoltura.org\/bologna\/dipendenti-delle-imprese-agricole-accordo-nazionale-sulla-detassazione\/","name":"DIPENDENTI DELLE IMPRESE AGRICOLE - ACCORDO NAZIONALE SULLA DETASSAZIONE. - Confagricoltura Bologna","isPartOf":{"@id":"https:\/\/www.confagricoltura.org\/bologna\/#website"},"datePublished":"2017-09-29T11:25:22+00:00","dateModified":"2021-03-11T12:25:58+00:00","author":{"@id":"https:\/\/www.confagricoltura.org\/bologna\/#\/schema\/person\/277baa2a725fb840103c5f8898746c7f"},"breadcrumb":{"@id":"https:\/\/www.confagricoltura.org\/bologna\/dipendenti-delle-imprese-agricole-accordo-nazionale-sulla-detassazione\/#breadcrumb"},"inLanguage":"it-IT","potentialAction":[{"@type":"ReadAction","target":["https:\/\/www.confagricoltura.org\/bologna\/dipendenti-delle-imprese-agricole-accordo-nazionale-sulla-detassazione\/"]}]},{"@type":"BreadcrumbList","@id":"https:\/\/www.confagricoltura.org\/bologna\/dipendenti-delle-imprese-agricole-accordo-nazionale-sulla-detassazione\/#breadcrumb","itemListElement":[{"@type":"ListItem","position":1,"name":"Home","item":"https:\/\/www.confagricoltura.org\/bologna\/"},{"@type":"ListItem","position":2,"name":"DIPENDENTI DELLE IMPRESE AGRICOLE &#8211; ACCORDO NAZIONALE SULLA DETASSAZIONE."}]},{"@type":"WebSite","@id":"https:\/\/www.confagricoltura.org\/bologna\/#website","url":"https:\/\/www.confagricoltura.org\/bologna\/","name":"Confagricoltura Bologna","description":"Dalla parte degli Agricoltori","potentialAction":[{"@type":"SearchAction","target":{"@type":"EntryPoint","urlTemplate":"https:\/\/www.confagricoltura.org\/bologna\/?s={search_term_string}"},"query-input":{"@type":"PropertyValueSpecification","valueRequired":true,"valueName":"search_term_string"}}],"inLanguage":"it-IT"},{"@type":"Person","@id":"https:\/\/www.confagricoltura.org\/bologna\/#\/schema\/person\/277baa2a725fb840103c5f8898746c7f","name":"confagricolturabologna","image":{"@type":"ImageObject","inLanguage":"it-IT","@id":"https:\/\/www.confagricoltura.org\/bologna\/#\/schema\/person\/image\/","url":"https:\/\/secure.gravatar.com\/avatar\/edd9a034f35ea6aeadaf9744d1135acc?s=96&d=mm&r=g","contentUrl":"https:\/\/secure.gravatar.com\/avatar\/edd9a034f35ea6aeadaf9744d1135acc?s=96&d=mm&r=g","caption":"confagricolturabologna"},"url":"https:\/\/www.confagricoltura.org\/bologna\/author\/confagricolturabologna\/"}]}},"_links":{"self":[{"href":"https:\/\/www.confagricoltura.org\/bologna\/wp-json\/wp\/v2\/posts\/1638","targetHints":{"allow":["GET"]}}],"collection":[{"href":"https:\/\/www.confagricoltura.org\/bologna\/wp-json\/wp\/v2\/posts"}],"about":[{"href":"https:\/\/www.confagricoltura.org\/bologna\/wp-json\/wp\/v2\/types\/post"}],"author":[{"embeddable":true,"href":"https:\/\/www.confagricoltura.org\/bologna\/wp-json\/wp\/v2\/users\/7"}],"replies":[{"embeddable":true,"href":"https:\/\/www.confagricoltura.org\/bologna\/wp-json\/wp\/v2\/comments?post=1638"}],"version-history":[{"count":1,"href":"https:\/\/www.confagricoltura.org\/bologna\/wp-json\/wp\/v2\/posts\/1638\/revisions"}],"predecessor-version":[{"id":4794,"href":"https:\/\/www.confagricoltura.org\/bologna\/wp-json\/wp\/v2\/posts\/1638\/revisions\/4794"}],"wp:attachment":[{"href":"https:\/\/www.confagricoltura.org\/bologna\/wp-json\/wp\/v2\/media?parent=1638"}],"wp:term":[{"taxonomy":"category","embeddable":true,"href":"https:\/\/www.confagricoltura.org\/bologna\/wp-json\/wp\/v2\/categories?post=1638"},{"taxonomy":"post_tag","embeddable":true,"href":"https:\/\/www.confagricoltura.org\/bologna\/wp-json\/wp\/v2\/tags?post=1638"}],"curies":[{"name":"wp","href":"https:\/\/api.w.org\/{rel}","templated":true}]}}