{"id":1514,"date":"2017-07-31T08:38:36","date_gmt":"2017-07-31T06:38:36","guid":{"rendered":"http:\/\/www.confagricoltura.org\/bologna\/?p=1514"},"modified":"2021-03-11T13:25:59","modified_gmt":"2021-03-11T12:25:59","slug":"misure-agroambientali-operazioni-10-1-09-10-1-10","status":"publish","type":"post","link":"https:\/\/www.confagricoltura.org\/bologna\/misure-agroambientali-operazioni-10-1-09-10-1-10\/","title":{"rendered":"MISURE AGROAMBIENTALI \u2013 OPERAZIONI 10.1.09 E 10.1.10."},"content":{"rendered":"<p><strong>Misure agroambientali \u2013 operazioni 10.1.09 e 10.1.10<\/strong><strong>.<\/strong><\/p>\n<p>&nbsp;<\/p>\n<p>Si informano gli interessati che entro il 2017 \u00e8 prevista un\u2019ulteriore attivazione di bandi per i tipi di operazione <strong>10.1.09 Gestione dei collegamenti ecologici dei siti Natura 2000 e conservazione di spazi naturali e seminaturali e del paesaggio agrario e 10.1.10 &#8211; Ritiro dei seminativi dalla produzione per venti anni<\/strong> per scopi ambientali e gestione dei collegamenti ecologici dei siti Natura 2000 per impegni con decorrenza iniziale 1 gennaio 2018. I bandi beneficeranno dell\u2019<strong>aumento dei sostegni finanziari per ettaro<\/strong>, pi\u00f9 cospicui per le superfici agricole su cui si applicano impegni che prevedono sommersione permanente anche parziale (\u20ac. 1.500,00\/Ha\/anno). Un maggior riconoscimento economico per ettaro era stato proposto per sostenere maggiormente i conduttori di terreni con vincoli per la tutela della biodiversit\u00e0 ma anche per promuovere e sostenere il contenimento delle specie aliene, in particolare della <strong>nutria<\/strong>. Infatti, \u00e8 richiesto al beneficiario di porre in essere una attivit\u00e0 di controllo e monitoraggio delle superfici sommerse, di frequenza almeno quindicinale.<\/p>\n<p><strong>Per coloro che vorranno aderire si evidenzia l\u2019importanza di possedere (pena la non ammissibilit\u00e0 delle domande di sostegno) gi\u00e0 a partire dal 1 gennaio 2018 i requisiti di ammissibilit\u00e0,<\/strong> tra i quali rivestono particolare importanza le\u201d caratteristiche strutturali\u201d delle tipologie ambientali da mantenere per tutto il periodo decennale (per il tipo di operazione 10.1.09) o ventennale di impegno (per il tipo di operazione 10.1.10).<\/p>\n<p>(A. Caprara)<\/p>\n","protected":false},"excerpt":{"rendered":"<p>Misure agroambientali \u2013 operazioni 10.1.09 e 10.1.10. &nbsp; Si informano gli interessati che entro il 2017 \u00e8 prevista un\u2019ulteriore attivazione di bandi per i tipi di operazione 10.1.09 Gestione dei collegamenti ecologici dei siti Natura 2000 e conservazione di spazi naturali e seminaturali e del paesaggio agrario e 10.1.10 &#8211; Ritiro dei seminativi dalla produzione<\/p>\n","protected":false},"author":7,"featured_media":0,"comment_status":"open","ping_status":"open","sticky":false,"template":"","format":"standard","meta":{"wp_mapbox_gl_js_media":[],"footnotes":""},"categories":[29],"tags":[],"class_list":["post-1514","post","type-post","status-publish","format-standard","hentry","category-archivio"],"yoast_head":"<!-- This site is optimized with the Yoast SEO plugin v26.8 - https:\/\/yoast.com\/product\/yoast-seo-wordpress\/ -->\n<title>MISURE AGROAMBIENTALI \u2013 OPERAZIONI 10.1.09 E 10.1.10. - Confagricoltura Bologna<\/title>\n<meta name=\"robots\" content=\"index, follow, max-snippet:-1, max-image-preview:large, max-video-preview:-1\" \/>\n<link rel=\"canonical\" href=\"https:\/\/www.confagricoltura.org\/bologna\/misure-agroambientali-operazioni-10-1-09-10-1-10\/\" \/>\n<meta property=\"og:locale\" content=\"it_IT\" \/>\n<meta property=\"og:type\" content=\"article\" \/>\n<meta property=\"og:title\" content=\"MISURE AGROAMBIENTALI \u2013 OPERAZIONI 10.1.09 E 10.1.10. - Confagricoltura Bologna\" \/>\n<meta property=\"og:description\" content=\"Misure agroambientali \u2013 operazioni 10.1.09 e 10.1.10. &nbsp; Si informano gli interessati che entro il 2017 \u00e8 prevista un\u2019ulteriore attivazione di bandi per i tipi di operazione 10.1.09 Gestione dei collegamenti ecologici dei siti Natura 2000 e conservazione di spazi naturali e seminaturali e del paesaggio agrario e 10.1.10 &#8211; Ritiro dei seminativi dalla produzione\" \/>\n<meta property=\"og:url\" content=\"https:\/\/www.confagricoltura.org\/bologna\/misure-agroambientali-operazioni-10-1-09-10-1-10\/\" \/>\n<meta property=\"og:site_name\" content=\"Confagricoltura Bologna\" \/>\n<meta property=\"article:published_time\" content=\"2017-07-31T06:38:36+00:00\" \/>\n<meta property=\"article:modified_time\" content=\"2021-03-11T12:25:59+00:00\" \/>\n<meta name=\"author\" content=\"confagricolturabologna\" \/>\n<meta name=\"twitter:card\" content=\"summary_large_image\" \/>\n<meta name=\"twitter:label1\" content=\"Scritto da\" \/>\n\t<meta name=\"twitter:data1\" content=\"confagricolturabologna\" \/>\n\t<meta name=\"twitter:label2\" content=\"Tempo di lettura stimato\" \/>\n\t<meta name=\"twitter:data2\" content=\"1 minuto\" \/>\n<script type=\"application\/ld+json\" class=\"yoast-schema-graph\">{\"@context\":\"https:\/\/schema.org\",\"@graph\":[{\"@type\":\"Article\",\"@id\":\"https:\/\/www.confagricoltura.org\/bologna\/misure-agroambientali-operazioni-10-1-09-10-1-10\/#article\",\"isPartOf\":{\"@id\":\"https:\/\/www.confagricoltura.org\/bologna\/misure-agroambientali-operazioni-10-1-09-10-1-10\/\"},\"author\":{\"name\":\"confagricolturabologna\",\"@id\":\"https:\/\/www.confagricoltura.org\/bologna\/#\/schema\/person\/277baa2a725fb840103c5f8898746c7f\"},\"headline\":\"MISURE AGROAMBIENTALI \u2013 OPERAZIONI 10.1.09 E 10.1.10.\",\"datePublished\":\"2017-07-31T06:38:36+00:00\",\"dateModified\":\"2021-03-11T12:25:59+00:00\",\"mainEntityOfPage\":{\"@id\":\"https:\/\/www.confagricoltura.org\/bologna\/misure-agroambientali-operazioni-10-1-09-10-1-10\/\"},\"wordCount\":223,\"commentCount\":0,\"articleSection\":[\"Archivio\"],\"inLanguage\":\"it-IT\"},{\"@type\":\"WebPage\",\"@id\":\"https:\/\/www.confagricoltura.org\/bologna\/misure-agroambientali-operazioni-10-1-09-10-1-10\/\",\"url\":\"https:\/\/www.confagricoltura.org\/bologna\/misure-agroambientali-operazioni-10-1-09-10-1-10\/\",\"name\":\"MISURE AGROAMBIENTALI \u2013 OPERAZIONI 10.1.09 E 10.1.10. - Confagricoltura Bologna\",\"isPartOf\":{\"@id\":\"https:\/\/www.confagricoltura.org\/bologna\/#website\"},\"datePublished\":\"2017-07-31T06:38:36+00:00\",\"dateModified\":\"2021-03-11T12:25:59+00:00\",\"author\":{\"@id\":\"https:\/\/www.confagricoltura.org\/bologna\/#\/schema\/person\/277baa2a725fb840103c5f8898746c7f\"},\"breadcrumb\":{\"@id\":\"https:\/\/www.confagricoltura.org\/bologna\/misure-agroambientali-operazioni-10-1-09-10-1-10\/#breadcrumb\"},\"inLanguage\":\"it-IT\",\"potentialAction\":[{\"@type\":\"ReadAction\",\"target\":[\"https:\/\/www.confagricoltura.org\/bologna\/misure-agroambientali-operazioni-10-1-09-10-1-10\/\"]}]},{\"@type\":\"BreadcrumbList\",\"@id\":\"https:\/\/www.confagricoltura.org\/bologna\/misure-agroambientali-operazioni-10-1-09-10-1-10\/#breadcrumb\",\"itemListElement\":[{\"@type\":\"ListItem\",\"position\":1,\"name\":\"Home\",\"item\":\"https:\/\/www.confagricoltura.org\/bologna\/\"},{\"@type\":\"ListItem\",\"position\":2,\"name\":\"MISURE AGROAMBIENTALI \u2013 OPERAZIONI 10.1.09 E 10.1.10.\"}]},{\"@type\":\"WebSite\",\"@id\":\"https:\/\/www.confagricoltura.org\/bologna\/#website\",\"url\":\"https:\/\/www.confagricoltura.org\/bologna\/\",\"name\":\"Confagricoltura Bologna\",\"description\":\"Dalla parte degli Agricoltori\",\"potentialAction\":[{\"@type\":\"SearchAction\",\"target\":{\"@type\":\"EntryPoint\",\"urlTemplate\":\"https:\/\/www.confagricoltura.org\/bologna\/?s={search_term_string}\"},\"query-input\":{\"@type\":\"PropertyValueSpecification\",\"valueRequired\":true,\"valueName\":\"search_term_string\"}}],\"inLanguage\":\"it-IT\"},{\"@type\":\"Person\",\"@id\":\"https:\/\/www.confagricoltura.org\/bologna\/#\/schema\/person\/277baa2a725fb840103c5f8898746c7f\",\"name\":\"confagricolturabologna\",\"image\":{\"@type\":\"ImageObject\",\"inLanguage\":\"it-IT\",\"@id\":\"https:\/\/www.confagricoltura.org\/bologna\/#\/schema\/person\/image\/\",\"url\":\"https:\/\/secure.gravatar.com\/avatar\/edd9a034f35ea6aeadaf9744d1135acc?s=96&d=mm&r=g\",\"contentUrl\":\"https:\/\/secure.gravatar.com\/avatar\/edd9a034f35ea6aeadaf9744d1135acc?s=96&d=mm&r=g\",\"caption\":\"confagricolturabologna\"},\"url\":\"https:\/\/www.confagricoltura.org\/bologna\/author\/confagricolturabologna\/\"}]}<\/script>\n<!-- \/ Yoast SEO plugin. -->","yoast_head_json":{"title":"MISURE AGROAMBIENTALI \u2013 OPERAZIONI 10.1.09 E 10.1.10. - Confagricoltura Bologna","robots":{"index":"index","follow":"follow","max-snippet":"max-snippet:-1","max-image-preview":"max-image-preview:large","max-video-preview":"max-video-preview:-1"},"canonical":"https:\/\/www.confagricoltura.org\/bologna\/misure-agroambientali-operazioni-10-1-09-10-1-10\/","og_locale":"it_IT","og_type":"article","og_title":"MISURE AGROAMBIENTALI \u2013 OPERAZIONI 10.1.09 E 10.1.10. - Confagricoltura Bologna","og_description":"Misure agroambientali \u2013 operazioni 10.1.09 e 10.1.10. &nbsp; Si informano gli interessati che entro il 2017 \u00e8 prevista un\u2019ulteriore attivazione di bandi per i tipi di operazione 10.1.09 Gestione dei collegamenti ecologici dei siti Natura 2000 e conservazione di spazi naturali e seminaturali e del paesaggio agrario e 10.1.10 &#8211; Ritiro dei seminativi dalla produzione","og_url":"https:\/\/www.confagricoltura.org\/bologna\/misure-agroambientali-operazioni-10-1-09-10-1-10\/","og_site_name":"Confagricoltura Bologna","article_published_time":"2017-07-31T06:38:36+00:00","article_modified_time":"2021-03-11T12:25:59+00:00","author":"confagricolturabologna","twitter_card":"summary_large_image","twitter_misc":{"Scritto da":"confagricolturabologna","Tempo di lettura stimato":"1 minuto"},"schema":{"@context":"https:\/\/schema.org","@graph":[{"@type":"Article","@id":"https:\/\/www.confagricoltura.org\/bologna\/misure-agroambientali-operazioni-10-1-09-10-1-10\/#article","isPartOf":{"@id":"https:\/\/www.confagricoltura.org\/bologna\/misure-agroambientali-operazioni-10-1-09-10-1-10\/"},"author":{"name":"confagricolturabologna","@id":"https:\/\/www.confagricoltura.org\/bologna\/#\/schema\/person\/277baa2a725fb840103c5f8898746c7f"},"headline":"MISURE AGROAMBIENTALI \u2013 OPERAZIONI 10.1.09 E 10.1.10.","datePublished":"2017-07-31T06:38:36+00:00","dateModified":"2021-03-11T12:25:59+00:00","mainEntityOfPage":{"@id":"https:\/\/www.confagricoltura.org\/bologna\/misure-agroambientali-operazioni-10-1-09-10-1-10\/"},"wordCount":223,"commentCount":0,"articleSection":["Archivio"],"inLanguage":"it-IT"},{"@type":"WebPage","@id":"https:\/\/www.confagricoltura.org\/bologna\/misure-agroambientali-operazioni-10-1-09-10-1-10\/","url":"https:\/\/www.confagricoltura.org\/bologna\/misure-agroambientali-operazioni-10-1-09-10-1-10\/","name":"MISURE AGROAMBIENTALI \u2013 OPERAZIONI 10.1.09 E 10.1.10. - Confagricoltura Bologna","isPartOf":{"@id":"https:\/\/www.confagricoltura.org\/bologna\/#website"},"datePublished":"2017-07-31T06:38:36+00:00","dateModified":"2021-03-11T12:25:59+00:00","author":{"@id":"https:\/\/www.confagricoltura.org\/bologna\/#\/schema\/person\/277baa2a725fb840103c5f8898746c7f"},"breadcrumb":{"@id":"https:\/\/www.confagricoltura.org\/bologna\/misure-agroambientali-operazioni-10-1-09-10-1-10\/#breadcrumb"},"inLanguage":"it-IT","potentialAction":[{"@type":"ReadAction","target":["https:\/\/www.confagricoltura.org\/bologna\/misure-agroambientali-operazioni-10-1-09-10-1-10\/"]}]},{"@type":"BreadcrumbList","@id":"https:\/\/www.confagricoltura.org\/bologna\/misure-agroambientali-operazioni-10-1-09-10-1-10\/#breadcrumb","itemListElement":[{"@type":"ListItem","position":1,"name":"Home","item":"https:\/\/www.confagricoltura.org\/bologna\/"},{"@type":"ListItem","position":2,"name":"MISURE AGROAMBIENTALI \u2013 OPERAZIONI 10.1.09 E 10.1.10."}]},{"@type":"WebSite","@id":"https:\/\/www.confagricoltura.org\/bologna\/#website","url":"https:\/\/www.confagricoltura.org\/bologna\/","name":"Confagricoltura Bologna","description":"Dalla parte degli Agricoltori","potentialAction":[{"@type":"SearchAction","target":{"@type":"EntryPoint","urlTemplate":"https:\/\/www.confagricoltura.org\/bologna\/?s={search_term_string}"},"query-input":{"@type":"PropertyValueSpecification","valueRequired":true,"valueName":"search_term_string"}}],"inLanguage":"it-IT"},{"@type":"Person","@id":"https:\/\/www.confagricoltura.org\/bologna\/#\/schema\/person\/277baa2a725fb840103c5f8898746c7f","name":"confagricolturabologna","image":{"@type":"ImageObject","inLanguage":"it-IT","@id":"https:\/\/www.confagricoltura.org\/bologna\/#\/schema\/person\/image\/","url":"https:\/\/secure.gravatar.com\/avatar\/edd9a034f35ea6aeadaf9744d1135acc?s=96&d=mm&r=g","contentUrl":"https:\/\/secure.gravatar.com\/avatar\/edd9a034f35ea6aeadaf9744d1135acc?s=96&d=mm&r=g","caption":"confagricolturabologna"},"url":"https:\/\/www.confagricoltura.org\/bologna\/author\/confagricolturabologna\/"}]}},"_links":{"self":[{"href":"https:\/\/www.confagricoltura.org\/bologna\/wp-json\/wp\/v2\/posts\/1514","targetHints":{"allow":["GET"]}}],"collection":[{"href":"https:\/\/www.confagricoltura.org\/bologna\/wp-json\/wp\/v2\/posts"}],"about":[{"href":"https:\/\/www.confagricoltura.org\/bologna\/wp-json\/wp\/v2\/types\/post"}],"author":[{"embeddable":true,"href":"https:\/\/www.confagricoltura.org\/bologna\/wp-json\/wp\/v2\/users\/7"}],"replies":[{"embeddable":true,"href":"https:\/\/www.confagricoltura.org\/bologna\/wp-json\/wp\/v2\/comments?post=1514"}],"version-history":[{"count":1,"href":"https:\/\/www.confagricoltura.org\/bologna\/wp-json\/wp\/v2\/posts\/1514\/revisions"}],"predecessor-version":[{"id":4827,"href":"https:\/\/www.confagricoltura.org\/bologna\/wp-json\/wp\/v2\/posts\/1514\/revisions\/4827"}],"wp:attachment":[{"href":"https:\/\/www.confagricoltura.org\/bologna\/wp-json\/wp\/v2\/media?parent=1514"}],"wp:term":[{"taxonomy":"category","embeddable":true,"href":"https:\/\/www.confagricoltura.org\/bologna\/wp-json\/wp\/v2\/categories?post=1514"},{"taxonomy":"post_tag","embeddable":true,"href":"https:\/\/www.confagricoltura.org\/bologna\/wp-json\/wp\/v2\/tags?post=1514"}],"curies":[{"name":"wp","href":"https:\/\/api.w.org\/{rel}","templated":true}]}}