{"id":1508,"date":"2017-07-31T08:37:08","date_gmt":"2017-07-31T06:37:08","guid":{"rendered":"http:\/\/www.confagricoltura.org\/bologna\/?p=1508"},"modified":"2021-03-11T13:25:59","modified_gmt":"2021-03-11T12:25:59","slug":"avviso-agli-associati-5","status":"publish","type":"post","link":"https:\/\/www.confagricoltura.org\/bologna\/avviso-agli-associati-5\/","title":{"rendered":"AVVISO AGLI ASSOCIATI."},"content":{"rendered":"<p><strong>Avviso agli associati.<\/strong><\/p>\n<p>&nbsp;<\/p>\n<p>A decorrere <strong>dal 31 luglio e sino al 1\u00b0 settembre compresi<\/strong>, l\u2019orario di apertura al pubblico dei nostri uffici centrali e periferici sar\u00e0 il seguente: <u>dal luned\u00ec al venerd\u00ec, dalla ore 8.30 alle ore 13.30<\/u>.<\/p>\n<p>Si comunica, inoltre, che dal giorno 9 agosto al giorno 18 agosto compresi i nostri uffici osserveranno la chiusura per ferie collettive.<\/p>\n<p>(A. Flora)<\/p>\n","protected":false},"excerpt":{"rendered":"<p>Avviso agli associati. &nbsp; A decorrere dal 31 luglio e sino al 1\u00b0 settembre compresi, l\u2019orario di apertura al pubblico dei nostri uffici centrali e periferici sar\u00e0 il seguente: dal luned\u00ec al venerd\u00ec, dalla ore 8.30 alle ore 13.30. Si comunica, inoltre, che dal giorno 9 agosto al giorno 18 agosto compresi i nostri uffici<\/p>\n","protected":false},"author":7,"featured_media":0,"comment_status":"open","ping_status":"open","sticky":false,"template":"","format":"standard","meta":{"wp_mapbox_gl_js_media":[],"footnotes":""},"categories":[29],"tags":[],"class_list":["post-1508","post","type-post","status-publish","format-standard","hentry","category-archivio"],"yoast_head":"<!-- This site is optimized with the Yoast SEO plugin v26.8 - https:\/\/yoast.com\/product\/yoast-seo-wordpress\/ -->\n<title>AVVISO AGLI ASSOCIATI. - Confagricoltura Bologna<\/title>\n<meta name=\"robots\" content=\"index, follow, max-snippet:-1, max-image-preview:large, max-video-preview:-1\" \/>\n<link rel=\"canonical\" href=\"https:\/\/www.confagricoltura.org\/bologna\/avviso-agli-associati-5\/\" \/>\n<meta property=\"og:locale\" content=\"it_IT\" \/>\n<meta property=\"og:type\" content=\"article\" \/>\n<meta property=\"og:title\" content=\"AVVISO AGLI ASSOCIATI. - Confagricoltura Bologna\" \/>\n<meta property=\"og:description\" content=\"Avviso agli associati. &nbsp; A decorrere dal 31 luglio e sino al 1\u00b0 settembre compresi, l\u2019orario di apertura al pubblico dei nostri uffici centrali e periferici sar\u00e0 il seguente: dal luned\u00ec al venerd\u00ec, dalla ore 8.30 alle ore 13.30. Si comunica, inoltre, che dal giorno 9 agosto al giorno 18 agosto compresi i nostri uffici\" \/>\n<meta property=\"og:url\" content=\"https:\/\/www.confagricoltura.org\/bologna\/avviso-agli-associati-5\/\" \/>\n<meta property=\"og:site_name\" content=\"Confagricoltura Bologna\" \/>\n<meta property=\"article:published_time\" content=\"2017-07-31T06:37:08+00:00\" \/>\n<meta property=\"article:modified_time\" content=\"2021-03-11T12:25:59+00:00\" \/>\n<meta name=\"author\" content=\"confagricolturabologna\" \/>\n<meta name=\"twitter:card\" content=\"summary_large_image\" \/>\n<meta name=\"twitter:label1\" content=\"Scritto da\" \/>\n\t<meta name=\"twitter:data1\" content=\"confagricolturabologna\" \/>\n<script type=\"application\/ld+json\" class=\"yoast-schema-graph\">{\"@context\":\"https:\/\/schema.org\",\"@graph\":[{\"@type\":\"Article\",\"@id\":\"https:\/\/www.confagricoltura.org\/bologna\/avviso-agli-associati-5\/#article\",\"isPartOf\":{\"@id\":\"https:\/\/www.confagricoltura.org\/bologna\/avviso-agli-associati-5\/\"},\"author\":{\"name\":\"confagricolturabologna\",\"@id\":\"https:\/\/www.confagricoltura.org\/bologna\/#\/schema\/person\/277baa2a725fb840103c5f8898746c7f\"},\"headline\":\"AVVISO AGLI ASSOCIATI.\",\"datePublished\":\"2017-07-31T06:37:08+00:00\",\"dateModified\":\"2021-03-11T12:25:59+00:00\",\"mainEntityOfPage\":{\"@id\":\"https:\/\/www.confagricoltura.org\/bologna\/avviso-agli-associati-5\/\"},\"wordCount\":61,\"commentCount\":0,\"articleSection\":[\"Archivio\"],\"inLanguage\":\"it-IT\"},{\"@type\":\"WebPage\",\"@id\":\"https:\/\/www.confagricoltura.org\/bologna\/avviso-agli-associati-5\/\",\"url\":\"https:\/\/www.confagricoltura.org\/bologna\/avviso-agli-associati-5\/\",\"name\":\"AVVISO AGLI ASSOCIATI. - Confagricoltura Bologna\",\"isPartOf\":{\"@id\":\"https:\/\/www.confagricoltura.org\/bologna\/#website\"},\"datePublished\":\"2017-07-31T06:37:08+00:00\",\"dateModified\":\"2021-03-11T12:25:59+00:00\",\"author\":{\"@id\":\"https:\/\/www.confagricoltura.org\/bologna\/#\/schema\/person\/277baa2a725fb840103c5f8898746c7f\"},\"breadcrumb\":{\"@id\":\"https:\/\/www.confagricoltura.org\/bologna\/avviso-agli-associati-5\/#breadcrumb\"},\"inLanguage\":\"it-IT\",\"potentialAction\":[{\"@type\":\"ReadAction\",\"target\":[\"https:\/\/www.confagricoltura.org\/bologna\/avviso-agli-associati-5\/\"]}]},{\"@type\":\"BreadcrumbList\",\"@id\":\"https:\/\/www.confagricoltura.org\/bologna\/avviso-agli-associati-5\/#breadcrumb\",\"itemListElement\":[{\"@type\":\"ListItem\",\"position\":1,\"name\":\"Home\",\"item\":\"https:\/\/www.confagricoltura.org\/bologna\/\"},{\"@type\":\"ListItem\",\"position\":2,\"name\":\"AVVISO AGLI ASSOCIATI.\"}]},{\"@type\":\"WebSite\",\"@id\":\"https:\/\/www.confagricoltura.org\/bologna\/#website\",\"url\":\"https:\/\/www.confagricoltura.org\/bologna\/\",\"name\":\"Confagricoltura Bologna\",\"description\":\"Dalla parte degli Agricoltori\",\"potentialAction\":[{\"@type\":\"SearchAction\",\"target\":{\"@type\":\"EntryPoint\",\"urlTemplate\":\"https:\/\/www.confagricoltura.org\/bologna\/?s={search_term_string}\"},\"query-input\":{\"@type\":\"PropertyValueSpecification\",\"valueRequired\":true,\"valueName\":\"search_term_string\"}}],\"inLanguage\":\"it-IT\"},{\"@type\":\"Person\",\"@id\":\"https:\/\/www.confagricoltura.org\/bologna\/#\/schema\/person\/277baa2a725fb840103c5f8898746c7f\",\"name\":\"confagricolturabologna\",\"image\":{\"@type\":\"ImageObject\",\"inLanguage\":\"it-IT\",\"@id\":\"https:\/\/www.confagricoltura.org\/bologna\/#\/schema\/person\/image\/\",\"url\":\"https:\/\/secure.gravatar.com\/avatar\/edd9a034f35ea6aeadaf9744d1135acc?s=96&d=mm&r=g\",\"contentUrl\":\"https:\/\/secure.gravatar.com\/avatar\/edd9a034f35ea6aeadaf9744d1135acc?s=96&d=mm&r=g\",\"caption\":\"confagricolturabologna\"},\"url\":\"https:\/\/www.confagricoltura.org\/bologna\/author\/confagricolturabologna\/\"}]}<\/script>\n<!-- \/ Yoast SEO plugin. -->","yoast_head_json":{"title":"AVVISO AGLI ASSOCIATI. - Confagricoltura Bologna","robots":{"index":"index","follow":"follow","max-snippet":"max-snippet:-1","max-image-preview":"max-image-preview:large","max-video-preview":"max-video-preview:-1"},"canonical":"https:\/\/www.confagricoltura.org\/bologna\/avviso-agli-associati-5\/","og_locale":"it_IT","og_type":"article","og_title":"AVVISO AGLI ASSOCIATI. - Confagricoltura Bologna","og_description":"Avviso agli associati. &nbsp; A decorrere dal 31 luglio e sino al 1\u00b0 settembre compresi, l\u2019orario di apertura al pubblico dei nostri uffici centrali e periferici sar\u00e0 il seguente: dal luned\u00ec al venerd\u00ec, dalla ore 8.30 alle ore 13.30. Si comunica, inoltre, che dal giorno 9 agosto al giorno 18 agosto compresi i nostri uffici","og_url":"https:\/\/www.confagricoltura.org\/bologna\/avviso-agli-associati-5\/","og_site_name":"Confagricoltura Bologna","article_published_time":"2017-07-31T06:37:08+00:00","article_modified_time":"2021-03-11T12:25:59+00:00","author":"confagricolturabologna","twitter_card":"summary_large_image","twitter_misc":{"Scritto da":"confagricolturabologna"},"schema":{"@context":"https:\/\/schema.org","@graph":[{"@type":"Article","@id":"https:\/\/www.confagricoltura.org\/bologna\/avviso-agli-associati-5\/#article","isPartOf":{"@id":"https:\/\/www.confagricoltura.org\/bologna\/avviso-agli-associati-5\/"},"author":{"name":"confagricolturabologna","@id":"https:\/\/www.confagricoltura.org\/bologna\/#\/schema\/person\/277baa2a725fb840103c5f8898746c7f"},"headline":"AVVISO AGLI ASSOCIATI.","datePublished":"2017-07-31T06:37:08+00:00","dateModified":"2021-03-11T12:25:59+00:00","mainEntityOfPage":{"@id":"https:\/\/www.confagricoltura.org\/bologna\/avviso-agli-associati-5\/"},"wordCount":61,"commentCount":0,"articleSection":["Archivio"],"inLanguage":"it-IT"},{"@type":"WebPage","@id":"https:\/\/www.confagricoltura.org\/bologna\/avviso-agli-associati-5\/","url":"https:\/\/www.confagricoltura.org\/bologna\/avviso-agli-associati-5\/","name":"AVVISO AGLI ASSOCIATI. - Confagricoltura Bologna","isPartOf":{"@id":"https:\/\/www.confagricoltura.org\/bologna\/#website"},"datePublished":"2017-07-31T06:37:08+00:00","dateModified":"2021-03-11T12:25:59+00:00","author":{"@id":"https:\/\/www.confagricoltura.org\/bologna\/#\/schema\/person\/277baa2a725fb840103c5f8898746c7f"},"breadcrumb":{"@id":"https:\/\/www.confagricoltura.org\/bologna\/avviso-agli-associati-5\/#breadcrumb"},"inLanguage":"it-IT","potentialAction":[{"@type":"ReadAction","target":["https:\/\/www.confagricoltura.org\/bologna\/avviso-agli-associati-5\/"]}]},{"@type":"BreadcrumbList","@id":"https:\/\/www.confagricoltura.org\/bologna\/avviso-agli-associati-5\/#breadcrumb","itemListElement":[{"@type":"ListItem","position":1,"name":"Home","item":"https:\/\/www.confagricoltura.org\/bologna\/"},{"@type":"ListItem","position":2,"name":"AVVISO AGLI ASSOCIATI."}]},{"@type":"WebSite","@id":"https:\/\/www.confagricoltura.org\/bologna\/#website","url":"https:\/\/www.confagricoltura.org\/bologna\/","name":"Confagricoltura Bologna","description":"Dalla parte degli Agricoltori","potentialAction":[{"@type":"SearchAction","target":{"@type":"EntryPoint","urlTemplate":"https:\/\/www.confagricoltura.org\/bologna\/?s={search_term_string}"},"query-input":{"@type":"PropertyValueSpecification","valueRequired":true,"valueName":"search_term_string"}}],"inLanguage":"it-IT"},{"@type":"Person","@id":"https:\/\/www.confagricoltura.org\/bologna\/#\/schema\/person\/277baa2a725fb840103c5f8898746c7f","name":"confagricolturabologna","image":{"@type":"ImageObject","inLanguage":"it-IT","@id":"https:\/\/www.confagricoltura.org\/bologna\/#\/schema\/person\/image\/","url":"https:\/\/secure.gravatar.com\/avatar\/edd9a034f35ea6aeadaf9744d1135acc?s=96&d=mm&r=g","contentUrl":"https:\/\/secure.gravatar.com\/avatar\/edd9a034f35ea6aeadaf9744d1135acc?s=96&d=mm&r=g","caption":"confagricolturabologna"},"url":"https:\/\/www.confagricoltura.org\/bologna\/author\/confagricolturabologna\/"}]}},"_links":{"self":[{"href":"https:\/\/www.confagricoltura.org\/bologna\/wp-json\/wp\/v2\/posts\/1508","targetHints":{"allow":["GET"]}}],"collection":[{"href":"https:\/\/www.confagricoltura.org\/bologna\/wp-json\/wp\/v2\/posts"}],"about":[{"href":"https:\/\/www.confagricoltura.org\/bologna\/wp-json\/wp\/v2\/types\/post"}],"author":[{"embeddable":true,"href":"https:\/\/www.confagricoltura.org\/bologna\/wp-json\/wp\/v2\/users\/7"}],"replies":[{"embeddable":true,"href":"https:\/\/www.confagricoltura.org\/bologna\/wp-json\/wp\/v2\/comments?post=1508"}],"version-history":[{"count":1,"href":"https:\/\/www.confagricoltura.org\/bologna\/wp-json\/wp\/v2\/posts\/1508\/revisions"}],"predecessor-version":[{"id":4830,"href":"https:\/\/www.confagricoltura.org\/bologna\/wp-json\/wp\/v2\/posts\/1508\/revisions\/4830"}],"wp:attachment":[{"href":"https:\/\/www.confagricoltura.org\/bologna\/wp-json\/wp\/v2\/media?parent=1508"}],"wp:term":[{"taxonomy":"category","embeddable":true,"href":"https:\/\/www.confagricoltura.org\/bologna\/wp-json\/wp\/v2\/categories?post=1508"},{"taxonomy":"post_tag","embeddable":true,"href":"https:\/\/www.confagricoltura.org\/bologna\/wp-json\/wp\/v2\/tags?post=1508"}],"curies":[{"name":"wp","href":"https:\/\/api.w.org\/{rel}","templated":true}]}}