{"id":1485,"date":"2017-07-11T13:56:55","date_gmt":"2017-07-11T11:56:55","guid":{"rendered":"http:\/\/www.confagricoltura.org\/bologna\/?p=1485"},"modified":"2021-03-11T13:25:59","modified_gmt":"2021-03-11T12:25:59","slug":"3-luglio-2017-si-tenuta-lassemblea-generale-aperta-confagri-donna-er","status":"publish","type":"post","link":"https:\/\/www.confagricoltura.org\/bologna\/3-luglio-2017-si-tenuta-lassemblea-generale-aperta-confagri-donna-er\/","title":{"rendered":"Il 3 luglio 2017 si \u00e8 tenuta l\u2019assemblea generale aperta di Confagri Donna ER"},"content":{"rendered":"<p><strong>Il 3 luglio 2017 si \u00e8 tenuta l\u2019assemblea generale aperta di Confagri Donna ER<\/strong>.<\/p>\n<p>&nbsp;<\/p>\n<p>Il 3 luglio u.s., presso la sede di Confagricoltura Bologna, si \u00e8 riunita l\u2019 Assemblea di Confagricoltura Donna Emilia Romagna aperta a tutte le associate.<\/p>\n<p>L\u2019Assemblea ha approvato, all\u2019unanimit\u00e0, il rendiconto economico relativo all\u2019anno 2016 e ha definito le previsioni per il rendiconto economico per il 2017.<\/p>\n<p>Tra i punti maggiormente discussi e condivisi, vi \u00e8 la ravvisata necessit\u00e0 di creare una maggiore sinergia tra Confagricoltura e Confagricoltura Donna, in ogni realt\u00e0 territoriale, dal provinciale al regionale e nazionale. La presidente su questo punto invita le associate a dare la massima visibilit\u00e0 presso la relativa sede associativa di appartenenza.<\/p>\n<p>Si \u00e8, inoltre, dato risalto alle diverse iniziative di Confagricoltura Donna Emilia Romagna, quali il Festival Francescano e la Race for The Cure, che si terranno dal 21 al 24 settembre p.v.; l\u2019organizzazione di Donnagricoltura Tour 2017 e la consueta manifestazione delle \u201cclementine antiviolenza\u201d, inserita nell\u2019iniziativa nazionale contro la violenza sulle donne, che si terr\u00e0 nella pi\u00f9 precisa corrispondenza possibile con il 25 novembre 2017.<\/p>\n<p>&nbsp;<\/p>\n<p><img loading=\"lazy\" decoding=\"async\" class=\"size-full wp-image-1486 img-responsive\" src=\"http:\/\/www.confagricoltura.org\/bologna\/wp-content\/uploads\/sites\/4\/2017\/07\/Foto-Assemblea-generale-Confagricoltura-Donna-ER.jpg\" alt=\"\" width=\"1600\" height=\"762\" \/><\/p>\n<p>&nbsp;<\/p>\n<p><span style=\"line-height: 115%;font-family: 'Footlight MT Light','serif';font-size: 9pt\"><span style=\"color: #000000\">Nella foto, da sinistra, Ilaria Calunga, Vice Presidente (PR), le Associate Danila Massiroli (RA), Gisella Gelsomini (BO) e Vittoria Maccolini (BO), la Presidente Rosanna Scipioni e Maria Stefania Devescovi.<\/span><\/span><\/p>\n<p>&nbsp;<\/p>\n","protected":false},"excerpt":{"rendered":"<p>Il 3 luglio 2017 si \u00e8 tenuta l\u2019assemblea generale aperta di Confagri Donna ER. &nbsp; Il 3 luglio u.s., presso la sede di Confagricoltura Bologna, si \u00e8 riunita l\u2019 Assemblea di Confagricoltura Donna Emilia Romagna aperta a tutte le associate. L\u2019Assemblea ha approvato, all\u2019unanimit\u00e0, il rendiconto economico relativo all\u2019anno 2016 e ha definito le previsioni<\/p>\n","protected":false},"author":7,"featured_media":0,"comment_status":"open","ping_status":"open","sticky":false,"template":"","format":"standard","meta":{"wp_mapbox_gl_js_media":[],"footnotes":""},"categories":[29],"tags":[],"class_list":["post-1485","post","type-post","status-publish","format-standard","hentry","category-archivio"],"yoast_head":"<!-- This site is optimized with the Yoast SEO plugin v26.8 - https:\/\/yoast.com\/product\/yoast-seo-wordpress\/ -->\n<title>Il 3 luglio 2017 si \u00e8 tenuta l\u2019assemblea generale aperta di Confagri Donna ER - Confagricoltura Bologna<\/title>\n<meta name=\"robots\" content=\"index, follow, max-snippet:-1, max-image-preview:large, max-video-preview:-1\" \/>\n<link rel=\"canonical\" href=\"https:\/\/www.confagricoltura.org\/bologna\/3-luglio-2017-si-tenuta-lassemblea-generale-aperta-confagri-donna-er\/\" \/>\n<meta property=\"og:locale\" content=\"it_IT\" \/>\n<meta property=\"og:type\" content=\"article\" \/>\n<meta property=\"og:title\" content=\"Il 3 luglio 2017 si \u00e8 tenuta l\u2019assemblea generale aperta di Confagri Donna ER - Confagricoltura Bologna\" \/>\n<meta property=\"og:description\" content=\"Il 3 luglio 2017 si \u00e8 tenuta l\u2019assemblea generale aperta di Confagri Donna ER. &nbsp; Il 3 luglio u.s., presso la sede di Confagricoltura Bologna, si \u00e8 riunita l\u2019 Assemblea di Confagricoltura Donna Emilia Romagna aperta a tutte le associate. L\u2019Assemblea ha approvato, all\u2019unanimit\u00e0, il rendiconto economico relativo all\u2019anno 2016 e ha definito le previsioni\" \/>\n<meta property=\"og:url\" content=\"https:\/\/www.confagricoltura.org\/bologna\/3-luglio-2017-si-tenuta-lassemblea-generale-aperta-confagri-donna-er\/\" \/>\n<meta property=\"og:site_name\" content=\"Confagricoltura Bologna\" \/>\n<meta property=\"article:published_time\" content=\"2017-07-11T11:56:55+00:00\" \/>\n<meta property=\"article:modified_time\" content=\"2021-03-11T12:25:59+00:00\" \/>\n<meta property=\"og:image\" content=\"http:\/\/www.confagricoltura.org\/bologna\/wp-content\/uploads\/sites\/4\/2017\/07\/Foto-Assemblea-generale-Confagricoltura-Donna-ER.jpg\" \/>\n<meta name=\"author\" content=\"confagricolturabologna\" \/>\n<meta name=\"twitter:card\" content=\"summary_large_image\" \/>\n<meta name=\"twitter:label1\" content=\"Scritto da\" \/>\n\t<meta name=\"twitter:data1\" content=\"confagricolturabologna\" \/>\n\t<meta name=\"twitter:label2\" content=\"Tempo di lettura stimato\" \/>\n\t<meta name=\"twitter:data2\" content=\"1 minuto\" \/>\n<script type=\"application\/ld+json\" class=\"yoast-schema-graph\">{\"@context\":\"https:\/\/schema.org\",\"@graph\":[{\"@type\":\"Article\",\"@id\":\"https:\/\/www.confagricoltura.org\/bologna\/3-luglio-2017-si-tenuta-lassemblea-generale-aperta-confagri-donna-er\/#article\",\"isPartOf\":{\"@id\":\"https:\/\/www.confagricoltura.org\/bologna\/3-luglio-2017-si-tenuta-lassemblea-generale-aperta-confagri-donna-er\/\"},\"author\":{\"name\":\"confagricolturabologna\",\"@id\":\"https:\/\/www.confagricoltura.org\/bologna\/#\/schema\/person\/277baa2a725fb840103c5f8898746c7f\"},\"headline\":\"Il 3 luglio 2017 si \u00e8 tenuta l\u2019assemblea generale aperta di Confagri Donna ER\",\"datePublished\":\"2017-07-11T11:56:55+00:00\",\"dateModified\":\"2021-03-11T12:25:59+00:00\",\"mainEntityOfPage\":{\"@id\":\"https:\/\/www.confagricoltura.org\/bologna\/3-luglio-2017-si-tenuta-lassemblea-generale-aperta-confagri-donna-er\/\"},\"wordCount\":217,\"commentCount\":0,\"image\":{\"@id\":\"https:\/\/www.confagricoltura.org\/bologna\/3-luglio-2017-si-tenuta-lassemblea-generale-aperta-confagri-donna-er\/#primaryimage\"},\"thumbnailUrl\":\"http:\/\/www.confagricoltura.org\/bologna\/wp-content\/uploads\/sites\/4\/2017\/07\/Foto-Assemblea-generale-Confagricoltura-Donna-ER.jpg\",\"articleSection\":[\"Archivio\"],\"inLanguage\":\"it-IT\"},{\"@type\":\"WebPage\",\"@id\":\"https:\/\/www.confagricoltura.org\/bologna\/3-luglio-2017-si-tenuta-lassemblea-generale-aperta-confagri-donna-er\/\",\"url\":\"https:\/\/www.confagricoltura.org\/bologna\/3-luglio-2017-si-tenuta-lassemblea-generale-aperta-confagri-donna-er\/\",\"name\":\"Il 3 luglio 2017 si \u00e8 tenuta l\u2019assemblea generale aperta di Confagri Donna ER - Confagricoltura Bologna\",\"isPartOf\":{\"@id\":\"https:\/\/www.confagricoltura.org\/bologna\/#website\"},\"primaryImageOfPage\":{\"@id\":\"https:\/\/www.confagricoltura.org\/bologna\/3-luglio-2017-si-tenuta-lassemblea-generale-aperta-confagri-donna-er\/#primaryimage\"},\"image\":{\"@id\":\"https:\/\/www.confagricoltura.org\/bologna\/3-luglio-2017-si-tenuta-lassemblea-generale-aperta-confagri-donna-er\/#primaryimage\"},\"thumbnailUrl\":\"http:\/\/www.confagricoltura.org\/bologna\/wp-content\/uploads\/sites\/4\/2017\/07\/Foto-Assemblea-generale-Confagricoltura-Donna-ER.jpg\",\"datePublished\":\"2017-07-11T11:56:55+00:00\",\"dateModified\":\"2021-03-11T12:25:59+00:00\",\"author\":{\"@id\":\"https:\/\/www.confagricoltura.org\/bologna\/#\/schema\/person\/277baa2a725fb840103c5f8898746c7f\"},\"breadcrumb\":{\"@id\":\"https:\/\/www.confagricoltura.org\/bologna\/3-luglio-2017-si-tenuta-lassemblea-generale-aperta-confagri-donna-er\/#breadcrumb\"},\"inLanguage\":\"it-IT\",\"potentialAction\":[{\"@type\":\"ReadAction\",\"target\":[\"https:\/\/www.confagricoltura.org\/bologna\/3-luglio-2017-si-tenuta-lassemblea-generale-aperta-confagri-donna-er\/\"]}]},{\"@type\":\"ImageObject\",\"inLanguage\":\"it-IT\",\"@id\":\"https:\/\/www.confagricoltura.org\/bologna\/3-luglio-2017-si-tenuta-lassemblea-generale-aperta-confagri-donna-er\/#primaryimage\",\"url\":\"http:\/\/www.confagricoltura.org\/bologna\/wp-content\/uploads\/sites\/4\/2017\/07\/Foto-Assemblea-generale-Confagricoltura-Donna-ER.jpg\",\"contentUrl\":\"http:\/\/www.confagricoltura.org\/bologna\/wp-content\/uploads\/sites\/4\/2017\/07\/Foto-Assemblea-generale-Confagricoltura-Donna-ER.jpg\"},{\"@type\":\"BreadcrumbList\",\"@id\":\"https:\/\/www.confagricoltura.org\/bologna\/3-luglio-2017-si-tenuta-lassemblea-generale-aperta-confagri-donna-er\/#breadcrumb\",\"itemListElement\":[{\"@type\":\"ListItem\",\"position\":1,\"name\":\"Home\",\"item\":\"https:\/\/www.confagricoltura.org\/bologna\/\"},{\"@type\":\"ListItem\",\"position\":2,\"name\":\"Il 3 luglio 2017 si \u00e8 tenuta l\u2019assemblea generale aperta di Confagri Donna ER\"}]},{\"@type\":\"WebSite\",\"@id\":\"https:\/\/www.confagricoltura.org\/bologna\/#website\",\"url\":\"https:\/\/www.confagricoltura.org\/bologna\/\",\"name\":\"Confagricoltura Bologna\",\"description\":\"Dalla parte degli Agricoltori\",\"potentialAction\":[{\"@type\":\"SearchAction\",\"target\":{\"@type\":\"EntryPoint\",\"urlTemplate\":\"https:\/\/www.confagricoltura.org\/bologna\/?s={search_term_string}\"},\"query-input\":{\"@type\":\"PropertyValueSpecification\",\"valueRequired\":true,\"valueName\":\"search_term_string\"}}],\"inLanguage\":\"it-IT\"},{\"@type\":\"Person\",\"@id\":\"https:\/\/www.confagricoltura.org\/bologna\/#\/schema\/person\/277baa2a725fb840103c5f8898746c7f\",\"name\":\"confagricolturabologna\",\"image\":{\"@type\":\"ImageObject\",\"inLanguage\":\"it-IT\",\"@id\":\"https:\/\/www.confagricoltura.org\/bologna\/#\/schema\/person\/image\/\",\"url\":\"https:\/\/secure.gravatar.com\/avatar\/edd9a034f35ea6aeadaf9744d1135acc?s=96&d=mm&r=g\",\"contentUrl\":\"https:\/\/secure.gravatar.com\/avatar\/edd9a034f35ea6aeadaf9744d1135acc?s=96&d=mm&r=g\",\"caption\":\"confagricolturabologna\"},\"url\":\"https:\/\/www.confagricoltura.org\/bologna\/author\/confagricolturabologna\/\"}]}<\/script>\n<!-- \/ Yoast SEO plugin. -->","yoast_head_json":{"title":"Il 3 luglio 2017 si \u00e8 tenuta l\u2019assemblea generale aperta di Confagri Donna ER - Confagricoltura Bologna","robots":{"index":"index","follow":"follow","max-snippet":"max-snippet:-1","max-image-preview":"max-image-preview:large","max-video-preview":"max-video-preview:-1"},"canonical":"https:\/\/www.confagricoltura.org\/bologna\/3-luglio-2017-si-tenuta-lassemblea-generale-aperta-confagri-donna-er\/","og_locale":"it_IT","og_type":"article","og_title":"Il 3 luglio 2017 si \u00e8 tenuta l\u2019assemblea generale aperta di Confagri Donna ER - Confagricoltura Bologna","og_description":"Il 3 luglio 2017 si \u00e8 tenuta l\u2019assemblea generale aperta di Confagri Donna ER. &nbsp; Il 3 luglio u.s., presso la sede di Confagricoltura Bologna, si \u00e8 riunita l\u2019 Assemblea di Confagricoltura Donna Emilia Romagna aperta a tutte le associate. L\u2019Assemblea ha approvato, all\u2019unanimit\u00e0, il rendiconto economico relativo all\u2019anno 2016 e ha definito le previsioni","og_url":"https:\/\/www.confagricoltura.org\/bologna\/3-luglio-2017-si-tenuta-lassemblea-generale-aperta-confagri-donna-er\/","og_site_name":"Confagricoltura Bologna","article_published_time":"2017-07-11T11:56:55+00:00","article_modified_time":"2021-03-11T12:25:59+00:00","og_image":[{"url":"http:\/\/www.confagricoltura.org\/bologna\/wp-content\/uploads\/sites\/4\/2017\/07\/Foto-Assemblea-generale-Confagricoltura-Donna-ER.jpg","type":"","width":"","height":""}],"author":"confagricolturabologna","twitter_card":"summary_large_image","twitter_misc":{"Scritto da":"confagricolturabologna","Tempo di lettura stimato":"1 minuto"},"schema":{"@context":"https:\/\/schema.org","@graph":[{"@type":"Article","@id":"https:\/\/www.confagricoltura.org\/bologna\/3-luglio-2017-si-tenuta-lassemblea-generale-aperta-confagri-donna-er\/#article","isPartOf":{"@id":"https:\/\/www.confagricoltura.org\/bologna\/3-luglio-2017-si-tenuta-lassemblea-generale-aperta-confagri-donna-er\/"},"author":{"name":"confagricolturabologna","@id":"https:\/\/www.confagricoltura.org\/bologna\/#\/schema\/person\/277baa2a725fb840103c5f8898746c7f"},"headline":"Il 3 luglio 2017 si \u00e8 tenuta l\u2019assemblea generale aperta di Confagri Donna ER","datePublished":"2017-07-11T11:56:55+00:00","dateModified":"2021-03-11T12:25:59+00:00","mainEntityOfPage":{"@id":"https:\/\/www.confagricoltura.org\/bologna\/3-luglio-2017-si-tenuta-lassemblea-generale-aperta-confagri-donna-er\/"},"wordCount":217,"commentCount":0,"image":{"@id":"https:\/\/www.confagricoltura.org\/bologna\/3-luglio-2017-si-tenuta-lassemblea-generale-aperta-confagri-donna-er\/#primaryimage"},"thumbnailUrl":"http:\/\/www.confagricoltura.org\/bologna\/wp-content\/uploads\/sites\/4\/2017\/07\/Foto-Assemblea-generale-Confagricoltura-Donna-ER.jpg","articleSection":["Archivio"],"inLanguage":"it-IT"},{"@type":"WebPage","@id":"https:\/\/www.confagricoltura.org\/bologna\/3-luglio-2017-si-tenuta-lassemblea-generale-aperta-confagri-donna-er\/","url":"https:\/\/www.confagricoltura.org\/bologna\/3-luglio-2017-si-tenuta-lassemblea-generale-aperta-confagri-donna-er\/","name":"Il 3 luglio 2017 si \u00e8 tenuta l\u2019assemblea generale aperta di Confagri Donna ER - Confagricoltura Bologna","isPartOf":{"@id":"https:\/\/www.confagricoltura.org\/bologna\/#website"},"primaryImageOfPage":{"@id":"https:\/\/www.confagricoltura.org\/bologna\/3-luglio-2017-si-tenuta-lassemblea-generale-aperta-confagri-donna-er\/#primaryimage"},"image":{"@id":"https:\/\/www.confagricoltura.org\/bologna\/3-luglio-2017-si-tenuta-lassemblea-generale-aperta-confagri-donna-er\/#primaryimage"},"thumbnailUrl":"http:\/\/www.confagricoltura.org\/bologna\/wp-content\/uploads\/sites\/4\/2017\/07\/Foto-Assemblea-generale-Confagricoltura-Donna-ER.jpg","datePublished":"2017-07-11T11:56:55+00:00","dateModified":"2021-03-11T12:25:59+00:00","author":{"@id":"https:\/\/www.confagricoltura.org\/bologna\/#\/schema\/person\/277baa2a725fb840103c5f8898746c7f"},"breadcrumb":{"@id":"https:\/\/www.confagricoltura.org\/bologna\/3-luglio-2017-si-tenuta-lassemblea-generale-aperta-confagri-donna-er\/#breadcrumb"},"inLanguage":"it-IT","potentialAction":[{"@type":"ReadAction","target":["https:\/\/www.confagricoltura.org\/bologna\/3-luglio-2017-si-tenuta-lassemblea-generale-aperta-confagri-donna-er\/"]}]},{"@type":"ImageObject","inLanguage":"it-IT","@id":"https:\/\/www.confagricoltura.org\/bologna\/3-luglio-2017-si-tenuta-lassemblea-generale-aperta-confagri-donna-er\/#primaryimage","url":"http:\/\/www.confagricoltura.org\/bologna\/wp-content\/uploads\/sites\/4\/2017\/07\/Foto-Assemblea-generale-Confagricoltura-Donna-ER.jpg","contentUrl":"http:\/\/www.confagricoltura.org\/bologna\/wp-content\/uploads\/sites\/4\/2017\/07\/Foto-Assemblea-generale-Confagricoltura-Donna-ER.jpg"},{"@type":"BreadcrumbList","@id":"https:\/\/www.confagricoltura.org\/bologna\/3-luglio-2017-si-tenuta-lassemblea-generale-aperta-confagri-donna-er\/#breadcrumb","itemListElement":[{"@type":"ListItem","position":1,"name":"Home","item":"https:\/\/www.confagricoltura.org\/bologna\/"},{"@type":"ListItem","position":2,"name":"Il 3 luglio 2017 si \u00e8 tenuta l\u2019assemblea generale aperta di Confagri Donna ER"}]},{"@type":"WebSite","@id":"https:\/\/www.confagricoltura.org\/bologna\/#website","url":"https:\/\/www.confagricoltura.org\/bologna\/","name":"Confagricoltura Bologna","description":"Dalla parte degli Agricoltori","potentialAction":[{"@type":"SearchAction","target":{"@type":"EntryPoint","urlTemplate":"https:\/\/www.confagricoltura.org\/bologna\/?s={search_term_string}"},"query-input":{"@type":"PropertyValueSpecification","valueRequired":true,"valueName":"search_term_string"}}],"inLanguage":"it-IT"},{"@type":"Person","@id":"https:\/\/www.confagricoltura.org\/bologna\/#\/schema\/person\/277baa2a725fb840103c5f8898746c7f","name":"confagricolturabologna","image":{"@type":"ImageObject","inLanguage":"it-IT","@id":"https:\/\/www.confagricoltura.org\/bologna\/#\/schema\/person\/image\/","url":"https:\/\/secure.gravatar.com\/avatar\/edd9a034f35ea6aeadaf9744d1135acc?s=96&d=mm&r=g","contentUrl":"https:\/\/secure.gravatar.com\/avatar\/edd9a034f35ea6aeadaf9744d1135acc?s=96&d=mm&r=g","caption":"confagricolturabologna"},"url":"https:\/\/www.confagricoltura.org\/bologna\/author\/confagricolturabologna\/"}]}},"_links":{"self":[{"href":"https:\/\/www.confagricoltura.org\/bologna\/wp-json\/wp\/v2\/posts\/1485","targetHints":{"allow":["GET"]}}],"collection":[{"href":"https:\/\/www.confagricoltura.org\/bologna\/wp-json\/wp\/v2\/posts"}],"about":[{"href":"https:\/\/www.confagricoltura.org\/bologna\/wp-json\/wp\/v2\/types\/post"}],"author":[{"embeddable":true,"href":"https:\/\/www.confagricoltura.org\/bologna\/wp-json\/wp\/v2\/users\/7"}],"replies":[{"embeddable":true,"href":"https:\/\/www.confagricoltura.org\/bologna\/wp-json\/wp\/v2\/comments?post=1485"}],"version-history":[{"count":1,"href":"https:\/\/www.confagricoltura.org\/bologna\/wp-json\/wp\/v2\/posts\/1485\/revisions"}],"predecessor-version":[{"id":4833,"href":"https:\/\/www.confagricoltura.org\/bologna\/wp-json\/wp\/v2\/posts\/1485\/revisions\/4833"}],"wp:attachment":[{"href":"https:\/\/www.confagricoltura.org\/bologna\/wp-json\/wp\/v2\/media?parent=1485"}],"wp:term":[{"taxonomy":"category","embeddable":true,"href":"https:\/\/www.confagricoltura.org\/bologna\/wp-json\/wp\/v2\/categories?post=1485"},{"taxonomy":"post_tag","embeddable":true,"href":"https:\/\/www.confagricoltura.org\/bologna\/wp-json\/wp\/v2\/tags?post=1485"}],"curies":[{"name":"wp","href":"https:\/\/api.w.org\/{rel}","templated":true}]}}