{"id":1417,"date":"2017-06-12T16:02:52","date_gmt":"2017-06-12T14:02:52","guid":{"rendered":"http:\/\/www.confagricoltura.org\/bologna\/?p=1417"},"modified":"2021-03-11T13:26:00","modified_gmt":"2021-03-11T12:26:00","slug":"contributi-coltivatori-diretti-ia-p-aliquote-2017","status":"publish","type":"post","link":"https:\/\/www.confagricoltura.org\/bologna\/contributi-coltivatori-diretti-ia-p-aliquote-2017\/","title":{"rendered":"CONTRIBUTI COLTIVATORI DIRETTI E IA P &#8211; ALIQUOTE 2017."},"content":{"rendered":"<p><strong>Contributi Coltivatori diretti e IA P &#8211; aliquote 2017.<\/strong><\/p>\n<p>Con circolare n\u00b0 96 del 31\/05\/2017, la Direzione Centrale Entrate dell\u2019INPS ha pubblicato le tabelle contributive per i coltivatori diretti, coloni, mezzadri e imprenditori agricoli professionali per l\u2019anno 2017. Pubblichiamo le tavole riassuntive<\/p>\n<p><strong>Contribuzione IVS<\/strong>.<\/p>\n<p>Il calcolo dei contributi I.V.S., dovuti dai lavoratori autonomi dell\u2019agricoltura, come noto, si basa sulla classificazione delle aziende nelle quattro fasce di reddito convenzionale.<\/p>\n<p>Ciascuna azienda \u00e8 inclusa annualmente nella fascia di reddito convenzionale corrispondente al reddito agrario dei terreni condotti e\/o a quello determinato dall\u2019allevamento degli animali. La contribuzione INPS dovuta \u00e8 determinata sulla base del reddito medio convenzionale, stabilito annualmente con Decreto del Ministero del Lavoro e delle Politiche Sociali. Sul punto tale reddito medio, per l\u2019anno 2017, \u00e8 stato fissato in <strong>Euro<\/strong> <strong>56,83<\/strong>. Queste, quindi, le aliquote da applicare:<\/p>\n<p>&nbsp;<\/p>\n<table>\n<tbody>\n<tr>\n<td colspan=\"5\" width=\"652\"><em>Aliquota <\/em><\/td>\n<\/tr>\n<tr>\n<td width=\"130\">&nbsp;<\/td>\n<td colspan=\"2\" width=\"261\">\n<p style=\"text-align: center\"><em>Zona normale<\/em><\/p>\n<\/td>\n<td colspan=\"2\" width=\"261\">\n<p style=\"text-align: center\"><em>Zona svantaggiata<\/em><\/p>\n<\/td>\n<\/tr>\n<tr>\n<td width=\"130\"><em>Anno<\/em><\/td>\n<td width=\"130\"><em>Maggiore di 21 anni<\/em><\/td>\n<td width=\"130\"><em>Minore di 21 anni<\/em><\/td>\n<td width=\"130\"><em>Maggiore di 21 anni<\/em><\/td>\n<td width=\"130\"><em>Minore di 21 anni<\/em><\/td>\n<\/tr>\n<tr>\n<td width=\"130\">2017<\/td>\n<td width=\"130\">23,6%<\/td>\n<td width=\"130\">23,4%<\/td>\n<td width=\"130\">23,2%<\/td>\n<td width=\"130\">22,5%<\/td>\n<\/tr>\n<tr>\n<td width=\"130\">Dal 2018<\/td>\n<td width=\"130\">24,0%<\/td>\n<td width=\"130\">24,0%<\/td>\n<td width=\"130\">24,0%<\/td>\n<td width=\"130\">24,0%<\/td>\n<\/tr>\n<\/tbody>\n<\/table>\n<p>&nbsp;<\/p>\n<p>&nbsp;<\/p>\n<p>L\u2019importo del contributo addizionale \u00e8 rimasto invariato ed uguale a quello per l\u2019anno 2015, e pari ad \u20ac <strong>0,66 <\/strong>a giornata e per n\u00b0 156 giornate annue.<\/p>\n<p><strong>Contribuzione di maternit\u00e0.<\/strong><\/p>\n<p>Per il 2017 il contributo annuo di maternit\u00e0 (indennit\u00e0 giornaliera di gravidanza o puerperio) \u00e8 invariato nella misura di \u20ac 7,49, ai sensi dell\u2019articolo 49 della legge 23 dicembre 1999, n. 488.<\/p>\n<p><strong>Contribuzione INAIL.<\/strong><\/p>\n<p>Il contributo, dovuto per l\u2019assicurazione contro gli infortuni sul lavoro e le malattie professionali dai coltivatori diretti, mezzadri e coloni, per l\u2019anno 2017 resta fissato nella misura capitaria annua di:<\/p>\n<ul>\n<li>\u20ac 768,50 (per le zone normali)<\/li>\n<li>\u20ac 532,18 (per i territori montani e le zone svantaggiate).<\/li>\n<\/ul>\n<p><strong>Modalit\u00e0 di pagamento.<\/strong><\/p>\n<p>La riscossione dei predetti contributi INPS come \u00e8 noto non avverr\u00e0 pi\u00f9 tramite l&#8217;invio da parte dell\u2019INPS agli interessati di comunicazione dell\u2019importo da versare in quattro rate, tramite modello F24. Dal sito dell\u2019Istituto (www.inps.it) il titolare del nucleo coltivatore diretto\/coloni mezzadri e l\u2019imprenditore agricolo professionale in possesso di P.I.N. potr\u00e0 stampare dal proprio cassetto previdenziale la delega di pagamento F24 accedendo dai servizi on-line a disposizione per l\u2019utenza \u201cCassetto Previdenziale Autonomi Agricoli\u201d, selezionando la voce \u2018Modelli F24 \u2013 Lavoratori Autonomi Agricoli\u2019. I termini di scadenza per il pagamento sono il 18 luglio, il 16 settembre, il 16 novembre 2017 e il 18 gennaio 2018.<\/p>\n<p>Sul punto l\u2019INPS ha comunicato che i modelli F24 saranno disponibili dal 19 giugno 2017.<\/p>\n<p>&nbsp;<\/p>\n<table>\n<tbody>\n<tr>\n<td colspan=\"4\" width=\"643\">IMPORTO ANNUO DEI CONTRIBUTI PREVIDENZIALI<\/p>\n<p>DOVUTI DAI COLTIVATORI DIRETTI, MEZZADRI E COLONI e IMPRENDITORI AGRICOLI PROFESSIONALI<\/p>\n<h4>ANNO 2017<\/h4>\n<\/td>\n<\/tr>\n<tr>\n<td width=\"238\"><strong>\u00a0<\/strong><\/p>\n<p><strong>Contributo<\/strong><\/td>\n<td width=\"84\">&nbsp;<\/p>\n<p><strong>Et\u00e0<\/strong><\/td>\n<td width=\"161\">&nbsp;<\/p>\n<p><strong>Zone normali<\/strong><\/td>\n<td width=\"161\"><strong>Territori montani<\/strong><\/p>\n<p><strong>e<\/strong><\/p>\n<p><strong>zone svantaggiate<\/strong><\/td>\n<\/tr>\n<tr>\n<td rowspan=\"2\" width=\"238\">1) Assicurazione IVS + addizionale IVS Legge 233\/90<\/td>\n<td width=\"84\">&gt; 21<\/td>\n<td width=\"161\">23,6%<\/td>\n<td width=\"161\">23,2%<\/td>\n<\/tr>\n<tr>\n<td width=\"84\">&lt; 21<\/td>\n<td width=\"161\">23,4%<\/td>\n<td width=\"161\">22,5%<\/td>\n<\/tr>\n<tr>\n<td width=\"238\">2) Addizionale IVS Legge 160\/75<\/td>\n<td width=\"84\">&nbsp;<\/td>\n<td width=\"161\">\u20ac 0,66<\/td>\n<td width=\"161\">\u20ac 0,66<\/td>\n<\/tr>\n<tr>\n<td width=\"238\">3) Indennit\u00e0 gravidanza e puerperio<\/td>\n<td width=\"84\">&nbsp;<\/td>\n<td width=\"161\">\u20ac 7,49<\/td>\n<td width=\"161\">\u20ac 7,49<\/td>\n<\/tr>\n<tr>\n<td width=\"238\">4) Assicurazione INAIL<\/td>\n<td width=\"84\">&nbsp;<\/td>\n<td width=\"161\">\u20ac 768,50<\/td>\n<td width=\"161\">\u20ac 532,18<\/td>\n<\/tr>\n<\/tbody>\n<\/table>\n<p>&nbsp;<\/p>\n<p>&nbsp;<\/p>\n<p>Gli imprenditori agricoli professionali (IAP) sono tenuti unicamente al pagamento dei contributi per l\u2019assicurazione contro l\u2019invalidit\u00e0, la vecchiaia ed i superstiti (punti 1 e 2) e al pagamento dei contributi per gravidanza e puerperio (punto 3), con esclusione della quota annua per l\u2019assicurazione INAIL (punto 4).<\/p>\n<p>La legge di bilancio per il 2017 (art. 1, c.344-345 della legge n. 232\/2016) <strong>ha previsto un esonero contributivo per nuovi lavoratori autonomi agricoli sotto i 40anni di et\u00e0, che si iscrivono alla gestione INPS per la prima volta nel 2017 o che si sono iscritti nel 2016 se operanti in zone montane e svantaggiate<\/strong>. L&#8217;esonero \u00e8 totale (100%) per i primi 3 anni di attivit\u00e0, e parziale per i successivi 2 anni (66% per il quarto anno, 50% per il quinto). L\u2019esonero \u00e8 relativo unicamente alla quota INPS per l&#8217;invalidit\u00e0, la vecchiaia ed i superstiti (IVS). Da corrispondere viceversa &#8211; in quanto esclusi dall\u2019agevolazione &#8211; il contributo annuo di maternit\u00e0 (7,49 euro) e il contributo annuo destinato all&#8217;INAIL (768,5 euro dovuto unicamente dai coltivatori diretti). Il beneficio non spetta automaticamente in virt\u00f9 dell&#8217;iscrizione negli elenchi previdenziali dei CD e degli IAP nel 2017 (e nel 2016 per coloro che operano in zone montane e svantaggiate), essendo prevista una apposita istanza da inviarsi in via telematica all\u2019INPS.<\/p>\n<p>&nbsp;<\/p>\n<table style=\"height: 336px\" width=\"458\">\n<tbody>\n<tr>\n<td colspan=\"2\" width=\"617\">\n<p style=\"text-align: center\"><strong><u>CD\/CM<\/u><\/strong><\/p>\n<\/td>\n<\/tr>\n<tr>\n<td colspan=\"2\" width=\"617\"><strong><u>\u00a0<\/u><\/strong><\/td>\n<\/tr>\n<tr>\n<td colspan=\"2\" width=\"617\">\n<p style=\"text-align: center\">IMPORTO ANNUO DEI CONTRIBUTI DOVUTI DAI COLTIVATORI DIRETTI, COLONI, MEZZADRI<\/p>\n<\/td>\n<\/tr>\n<tr>\n<td colspan=\"2\" width=\"617\">\n<p style=\"text-align: center\"><strong>ANNO 2017<\/strong><\/p>\n<\/td>\n<\/tr>\n<tr>\n<td colspan=\"2\" width=\"617\">Maggiori di 21 anni &#8211; Zone normali<\/td>\n<\/tr>\n<tr>\n<td width=\"195\">&nbsp;<\/td>\n<td width=\"423\">\n<p style=\"text-align: center\"><strong>CD\/CM<\/strong><\/p>\n<\/td>\n<\/tr>\n<tr>\n<td width=\"195\">FASCIA\u00a0\u00a0 1<\/td>\n<td width=\"423\">\n<p style=\"text-align: center\">\u20ac 2.971,20<\/p>\n<\/td>\n<\/tr>\n<tr>\n<td width=\"195\">FASCIA\u00a0\u00a0 2<\/td>\n<td width=\"423\">\n<p style=\"text-align: center\">\u20ac 3.668,62<\/p>\n<\/td>\n<\/tr>\n<tr>\n<td width=\"195\">FASCIA\u00a0\u00a0 3<\/td>\n<td width=\"423\">\n<p style=\"text-align: center\">\u20ac 4.366,04<\/p>\n<\/td>\n<\/tr>\n<tr>\n<td width=\"195\">FASCIA\u00a0\u00a0 4<\/td>\n<td width=\"423\">\n<p style=\"text-align: center\">\u20ac 5.063,46<\/p>\n<\/td>\n<\/tr>\n<\/tbody>\n<\/table>\n<p>&nbsp;<\/p>\n<table style=\"height: 269px\" width=\"457\">\n<tbody>\n<tr>\n<td colspan=\"2\" width=\"617\">\n<p style=\"text-align: center\">IMPORTO ANNUO DEI CONTRIBUTI DOVUTI DAI COLTIVATORI DIRETTI, COLONI,\u00a0 MEZZADRI<\/p>\n<\/td>\n<\/tr>\n<tr>\n<td colspan=\"2\" width=\"617\">\n<p style=\"text-align: center\"><strong>ANNO 2017<\/strong><\/p>\n<\/td>\n<\/tr>\n<tr>\n<td colspan=\"2\" width=\"617\">Maggiori di 21 anni &#8211; Territori montani e zone svantaggiate<\/td>\n<\/tr>\n<tr>\n<td width=\"195\">&nbsp;<\/td>\n<td width=\"423\">\n<p style=\"text-align: center\"><strong>CD\/CM<\/strong><\/p>\n<\/td>\n<\/tr>\n<tr>\n<td width=\"195\">FASCIA\u00a0\u00a0 1<\/td>\n<td width=\"423\">\n<p style=\"text-align: center\">\u20ac 2.699,42<\/p>\n<\/td>\n<\/tr>\n<tr>\n<td width=\"195\">FASCIA\u00a0\u00a0 2<\/td>\n<td width=\"423\">\n<p style=\"text-align: center\">\u20ac 3.385,02<\/p>\n<\/td>\n<\/tr>\n<tr>\n<td width=\"195\">FASCIA\u00a0\u00a0 3<\/td>\n<td width=\"423\">\n<p style=\"text-align: center\">\u20ac 4.070,62<\/p>\n<\/td>\n<\/tr>\n<tr>\n<td width=\"195\">FASCIA\u00a0\u00a0 4<\/td>\n<td width=\"423\">\n<p style=\"text-align: center\">\u20ac 4.756,21<\/p>\n<\/td>\n<\/tr>\n<\/tbody>\n<\/table>\n<p>&nbsp;<\/p>\n<table style=\"height: 269px\" width=\"460\">\n<tbody>\n<tr>\n<td colspan=\"2\" width=\"617\">\n<p style=\"text-align: center\">IMPORTO ANNUO DEI CONTRIBUTI DOVUTI DAI COLTIVATORI DIRETTI, COLONI, MEZZADRI<\/p>\n<\/td>\n<\/tr>\n<tr>\n<td colspan=\"2\" width=\"617\">\n<p style=\"text-align: center\"><strong>ANNO 2017<\/strong><\/p>\n<\/td>\n<\/tr>\n<tr>\n<td colspan=\"2\" width=\"617\">Minori di 21 anni &#8211; Zone normali<\/td>\n<\/tr>\n<tr>\n<td width=\"195\">&nbsp;<\/td>\n<td width=\"423\">\n<p style=\"text-align: center\"><strong>CD\/CM<\/strong><\/p>\n<\/td>\n<\/tr>\n<tr>\n<td width=\"195\">FASCIA\u00a0\u00a0 1<\/td>\n<td width=\"423\">\n<p style=\"text-align: center\">\u20ac 2.953,47<\/p>\n<\/td>\n<\/tr>\n<tr>\n<td width=\"195\">FASCIA\u00a0\u00a0 2<\/td>\n<td width=\"423\">\n<p style=\"text-align: center\">\u20ac 3.644,98<\/p>\n<\/td>\n<\/tr>\n<tr>\n<td width=\"195\">FASCIA\u00a0\u00a0 3<\/td>\n<td width=\"423\">\n<p style=\"text-align: center\">\u20ac 4.336,49<\/p>\n<\/td>\n<\/tr>\n<tr>\n<td width=\"195\">FASCIA\u00a0\u00a0 4<\/td>\n<td width=\"423\">\n<p style=\"text-align: center\">\u20ac 5.027,99<\/p>\n<\/td>\n<\/tr>\n<\/tbody>\n<\/table>\n<p>&nbsp;<\/p>\n<table style=\"height: 270px\" width=\"460\">\n<tbody>\n<tr>\n<td colspan=\"2\" width=\"617\">\n<p style=\"text-align: center\">IMPORTO ANNUO DEI CONTRIBUTI DOVUTI DAI COLTIVATORI DIRETTI, COLONI, MEZZADRI<\/p>\n<\/td>\n<\/tr>\n<tr>\n<td colspan=\"2\" width=\"617\">\n<p style=\"text-align: center\"><strong>ANNO 2017<\/strong><\/p>\n<\/td>\n<\/tr>\n<tr>\n<td colspan=\"2\" width=\"617\">Minori di 21 anni &#8211; Territori montani e zone svantaggiate<\/td>\n<\/tr>\n<tr>\n<td width=\"195\">&nbsp;<\/td>\n<td width=\"423\">\n<p style=\"text-align: center\"><strong>CD\/CM<\/strong><\/p>\n<\/td>\n<\/tr>\n<tr>\n<td width=\"195\">FASCIA\u00a0\u00a0 1<\/td>\n<td width=\"423\">\n<p style=\"text-align: center\">\u20ac 2.637,36<\/p>\n<\/td>\n<\/tr>\n<tr>\n<td width=\"195\">FASCIA\u00a0\u00a0 2<\/td>\n<td width=\"423\">\n<p style=\"text-align: center\">\u20ac 3.302,27<\/p>\n<\/td>\n<\/tr>\n<tr>\n<td width=\"195\">FASCIA\u00a0\u00a0 3<\/td>\n<td width=\"423\">\n<p style=\"text-align: center\">\u20ac 3.967,19<\/p>\n<\/td>\n<\/tr>\n<tr>\n<td width=\"195\">FASCIA\u00a0\u00a0 4<\/td>\n<td width=\"423\">\n<p style=\"text-align: center\">\u20ac 4.632,10<\/p>\n<\/td>\n<\/tr>\n<\/tbody>\n<\/table>\n<p>&nbsp;<\/p>\n<table style=\"height: 269px\" width=\"460\">\n<tbody>\n<tr>\n<td colspan=\"2\" width=\"617\">\n<p style=\"text-align: center\">IMPORTO ANNUO DEI CONTRIBUTI DOVUTI DAI COLTIVATORI DIRETTI, COLONI, MEZZADRI<\/p>\n<\/td>\n<\/tr>\n<tr>\n<td colspan=\"2\" width=\"617\">\n<p style=\"text-align: center\"><strong>ANNO 2017<\/strong><\/p>\n<\/td>\n<\/tr>\n<tr>\n<td colspan=\"2\" width=\"617\">Ultrasessantacinquenni pensionati \u2013 Zone normali<\/td>\n<\/tr>\n<tr>\n<td width=\"195\">&nbsp;<\/td>\n<td width=\"423\">\n<p style=\"text-align: center\"><strong>CD\/CM<\/strong><\/p>\n<\/td>\n<\/tr>\n<tr>\n<td width=\"195\">FASCIA 1<\/td>\n<td width=\"423\">\n<p style=\"text-align: center\">\u20ac 1.873,60<\/p>\n<\/td>\n<\/tr>\n<tr>\n<td width=\"195\">FASCIA 2<\/td>\n<td width=\"423\">\n<p style=\"text-align: center\">\u20ac 2.222,31<\/p>\n<\/td>\n<\/tr>\n<tr>\n<td width=\"195\">FASCIA 3<\/td>\n<td width=\"423\">\n<p style=\"text-align: center\">\u20ac 2.571,01<\/p>\n<\/td>\n<\/tr>\n<tr>\n<td width=\"195\">FASCIA 4<\/td>\n<td width=\"423\">\n<p style=\"text-align: center\">\u20ac 2.919,72<\/p>\n<\/td>\n<\/tr>\n<\/tbody>\n<\/table>\n<p>&nbsp;<\/p>\n<table style=\"height: 268px\" width=\"460\">\n<tbody>\n<tr>\n<td colspan=\"2\" width=\"617\">\n<p style=\"text-align: center\">IMPORTO ANNUO DEI CONTRIBUTI DOVUTI DAI COLTIVATORI DIRETTI, COLONI, MEZZADRI<\/p>\n<\/td>\n<\/tr>\n<tr>\n<td colspan=\"2\" width=\"617\">\n<p style=\"text-align: center\"><strong>ANNO 2017<\/strong><\/p>\n<\/td>\n<\/tr>\n<tr>\n<td colspan=\"2\" width=\"617\">Ultrasessantacinquenni pensionati &#8211; Territori montani e zone svantaggiate<\/td>\n<\/tr>\n<tr>\n<td width=\"195\">&nbsp;<\/td>\n<td width=\"423\">\n<p style=\"text-align: center\"><strong>CD\/CM<\/strong><\/p>\n<\/td>\n<\/tr>\n<tr>\n<td width=\"195\">FASCIA 1<\/td>\n<td width=\"423\">\n<p style=\"text-align: center\">\u20ac 1.619,55<\/p>\n<\/td>\n<\/tr>\n<tr>\n<td width=\"195\">FASCIA 2<\/td>\n<td width=\"423\">\n<p style=\"text-align: center\">\u20ac 1.962,34<\/p>\n<\/td>\n<\/tr>\n<tr>\n<td width=\"195\">FASCIA 3<\/td>\n<td width=\"423\">\n<p style=\"text-align: center\">\u20ac 2.305,14<\/p>\n<\/td>\n<\/tr>\n<tr>\n<td width=\"195\">FASCIA 4<\/td>\n<td width=\"423\">\n<p style=\"text-align: center\">\u20ac 2.647,94<\/p>\n<\/td>\n<\/tr>\n<\/tbody>\n<\/table>\n<p>&nbsp;<\/p>\n<p>&nbsp;<\/p>\n<table style=\"height: 594px\" width=\"517\">\n<tbody>\n<tr>\n<td colspan=\"2\" width=\"617\">\n<p style=\"text-align: center\"><strong><u>IAP<\/u><\/strong><\/p>\n<\/td>\n<\/tr>\n<tr>\n<td colspan=\"2\" width=\"617\">&nbsp;<\/td>\n<\/tr>\n<tr>\n<td colspan=\"2\" width=\"617\">IMPORTO ANNUO DEI CONTRIBUTI DOVUTI DAGLI IMPRENDITORI AGRICOLI PROFESSIONALI<\/td>\n<\/tr>\n<tr>\n<td colspan=\"2\" width=\"617\">\n<p style=\"text-align: center\"><strong>ANNO 2017<\/strong><\/p>\n<\/td>\n<\/tr>\n<tr>\n<td colspan=\"2\" width=\"617\">Maggiori di 21 anni &#8211; Zone normali<\/td>\n<\/tr>\n<tr>\n<td width=\"195\">&nbsp;<\/td>\n<td width=\"423\">\n<p style=\"text-align: center\"><strong>IAP<\/strong><\/p>\n<\/td>\n<\/tr>\n<tr>\n<td width=\"195\">FASCIA\u00a0\u00a0 1<\/td>\n<td width=\"423\">\n<p style=\"text-align: center\">\u20ac 2.202,70<\/p>\n<\/td>\n<\/tr>\n<tr>\n<td width=\"195\">FASCIA\u00a0\u00a0 2<\/td>\n<td width=\"423\">\n<p style=\"text-align: center\">\u20ac 2.900,12<\/p>\n<\/td>\n<\/tr>\n<tr>\n<td width=\"195\">FASCIA\u00a0\u00a0 3<\/td>\n<td width=\"423\">\n<p style=\"text-align: center\">\u20ac 3.597,54<\/p>\n<\/td>\n<\/tr>\n<tr>\n<td width=\"195\">FASCIA\u00a0\u00a0 4<\/td>\n<td width=\"423\">\n<p style=\"text-align: center\">\u20ac 4.294,96<\/p>\n<\/td>\n<\/tr>\n<tr>\n<td colspan=\"2\" width=\"617\">\n<p style=\"text-align: center\">IMPORTO ANNUO DEI CONTRIBUTI DOVUTI DAGLI IMPRENDITORI AGRICOLI PROFESSIONALI<\/p>\n<\/td>\n<\/tr>\n<tr>\n<td colspan=\"2\" width=\"617\">\n<p style=\"text-align: center\"><strong>ANNO 2017<\/strong><\/p>\n<\/td>\n<\/tr>\n<tr>\n<td colspan=\"2\" width=\"617\">Maggiori di 21 anni &#8211; Territori montani e zone svantaggiate<\/td>\n<\/tr>\n<tr>\n<td width=\"195\">&nbsp;<\/td>\n<td width=\"423\">\n<p style=\"text-align: center\"><strong>IAP<\/strong><\/p>\n<\/td>\n<\/tr>\n<tr>\n<td width=\"195\">FASCIA\u00a0\u00a0 1<\/td>\n<td width=\"423\">\n<p style=\"text-align: center\">\u20ac 2.167,24<\/p>\n<\/td>\n<\/tr>\n<tr>\n<td width=\"195\">FASCIA\u00a0\u00a0 2<\/td>\n<td width=\"423\">\n<p style=\"text-align: center\">\u20ac 2.852,84<\/p>\n<\/td>\n<\/tr>\n<tr>\n<td width=\"195\">FASCIA\u00a0\u00a0 3<\/td>\n<td width=\"423\">\n<p style=\"text-align: center\">\u20ac 3.538,44<\/p>\n<\/td>\n<\/tr>\n<tr>\n<td width=\"195\">FASCIA\u00a0\u00a0 4<\/td>\n<td width=\"423\">\n<p style=\"text-align: center\">\u20ac 4.224,03<\/p>\n<\/td>\n<\/tr>\n<\/tbody>\n<\/table>\n<p>&nbsp;<\/p>\n<p>&nbsp;<\/p>\n<table style=\"height: 269px\" width=\"516\">\n<tbody>\n<tr>\n<td colspan=\"2\" width=\"617\">\n<p style=\"text-align: center\">IMPORTO ANNUO DEI CONTRIBUTI DOVUTI DAGLI IMPRENDITORI AGRICOLI PROFESSIONALI<\/p>\n<\/td>\n<\/tr>\n<tr>\n<td colspan=\"2\" width=\"617\">\n<p style=\"text-align: center\"><strong>ANNO 2017<\/strong><\/p>\n<\/td>\n<\/tr>\n<tr>\n<td colspan=\"2\" width=\"617\">Minori di 21 anni &#8211; Zone normali<\/td>\n<\/tr>\n<tr>\n<td width=\"195\">&nbsp;<\/td>\n<td width=\"423\">\n<p style=\"text-align: center\"><strong>IAP<\/strong><\/p>\n<\/td>\n<\/tr>\n<tr>\n<td width=\"195\">FASCIA\u00a0\u00a0 1<\/td>\n<td width=\"423\">\n<p style=\"text-align: center\">\u20ac 2.184,97<\/p>\n<\/td>\n<\/tr>\n<tr>\n<td width=\"195\">FASCIA\u00a0\u00a0 2<\/td>\n<td width=\"423\">\n<p style=\"text-align: center\">\u20ac 2.876,48<\/p>\n<\/td>\n<\/tr>\n<tr>\n<td width=\"195\">FASCIA\u00a0\u00a0 3<\/td>\n<td width=\"423\">\n<p style=\"text-align: center\">\u20ac 3.567,99<\/p>\n<\/td>\n<\/tr>\n<tr>\n<td width=\"195\">FASCIA\u00a0\u00a0 4<\/td>\n<td width=\"423\">\n<p style=\"text-align: center\">\u20ac 4.259,49<\/p>\n<\/td>\n<\/tr>\n<\/tbody>\n<\/table>\n<p>&nbsp;<\/p>\n<p>&nbsp;<\/p>\n<table style=\"height: 269px\" width=\"514\">\n<tbody>\n<tr>\n<td colspan=\"2\" width=\"617\">\n<p style=\"text-align: center\">IMPORTO ANNUO DEI CONTRIBUTI DOVUTI DAGLI IMPRENDITORI AGRICOLI PROFESSIONALI<\/p>\n<\/td>\n<\/tr>\n<tr>\n<td colspan=\"2\" width=\"617\">\n<p style=\"text-align: center\"><strong>ANNO 2017<\/strong><\/p>\n<\/td>\n<\/tr>\n<tr>\n<td colspan=\"2\" width=\"617\">Minori di 21 anni &#8211; Territori montani e zone svantaggiate<\/td>\n<\/tr>\n<tr>\n<td width=\"195\">&nbsp;<\/td>\n<td width=\"423\">\n<p style=\"text-align: center\"><strong>IAP<\/strong><\/p>\n<\/td>\n<\/tr>\n<tr>\n<td width=\"195\">FASCIA\u00a0\u00a0 1<\/td>\n<td width=\"423\">\n<p style=\"text-align: center\">\u20ac 2.105,18<\/p>\n<\/td>\n<\/tr>\n<tr>\n<td width=\"195\">FASCIA\u00a0\u00a0 2<\/td>\n<td width=\"423\">\n<p style=\"text-align: center\">\u20ac 2.770,09<\/p>\n<\/td>\n<\/tr>\n<tr>\n<td width=\"195\">FASCIA\u00a0\u00a0 3<\/td>\n<td width=\"423\">\n<p style=\"text-align: center\">\u20ac 3.435,01<\/p>\n<\/td>\n<\/tr>\n<tr>\n<td width=\"195\">FASCIA\u00a0\u00a0 4<\/td>\n<td width=\"423\">\n<p style=\"text-align: center\">\u20ac 4.099,92<\/p>\n<\/td>\n<\/tr>\n<\/tbody>\n<\/table>\n<p>&nbsp;<\/p>\n<p>&nbsp;<\/p>\n<table style=\"height: 269px\" width=\"514\">\n<tbody>\n<tr>\n<td colspan=\"2\" width=\"617\">\n<p style=\"text-align: center\">IMPORTO ANNUO DEI CONTRIBUTI DOVUTI DAGLI IMPRENDITORI AGRICOLI PROFESSIONALI<\/p>\n<\/td>\n<\/tr>\n<tr>\n<td colspan=\"2\" width=\"617\">\n<p style=\"text-align: center\"><strong>ANNO 2017<\/strong><\/p>\n<\/td>\n<\/tr>\n<tr>\n<td colspan=\"2\" width=\"617\">Ultrasessantacinquenni pensionati \u2013 Zone normali<\/td>\n<\/tr>\n<tr>\n<td width=\"195\">&nbsp;<\/td>\n<td width=\"423\">\n<p style=\"text-align: center\"><strong>IAP<\/strong><\/p>\n<\/td>\n<\/tr>\n<tr>\n<td width=\"195\">FASCIA 1<\/td>\n<td width=\"423\">\n<p style=\"text-align: center\">\u20ac 1.105,10<\/p>\n<\/td>\n<\/tr>\n<tr>\n<td width=\"195\">FASCIA 2<\/td>\n<td width=\"423\">\n<p style=\"text-align: center\">\u20ac 1.453,81<\/p>\n<\/td>\n<\/tr>\n<tr>\n<td width=\"195\">FASCIA 3<\/td>\n<td width=\"423\">\n<p style=\"text-align: center\">\u20ac 1.802,51<\/p>\n<\/td>\n<\/tr>\n<tr>\n<td width=\"195\">FASCIA 4<\/td>\n<td width=\"423\">\n<p style=\"text-align: center\">\u20ac 2.151,22<\/p>\n<\/td>\n<\/tr>\n<\/tbody>\n<\/table>\n<p>&nbsp;<\/p>\n<p>&nbsp;<\/p>\n<table style=\"height: 269px\" width=\"513\">\n<tbody>\n<tr>\n<td colspan=\"2\" width=\"617\">\n<p style=\"text-align: center\">IMPORTO ANNUO DEI CONTRIBUTI DOVUTI DAGLI IMPRENDITORI AGRICOLI PROFESSIONALI<\/p>\n<\/td>\n<\/tr>\n<tr>\n<td colspan=\"2\" width=\"617\">\n<p style=\"text-align: center\"><strong>ANNO 2017<\/strong><\/p>\n<\/td>\n<\/tr>\n<tr>\n<td colspan=\"2\" width=\"617\">Ultrasessantacinquenni pensionati &#8211; Territori montani e zone svantaggiate<\/td>\n<\/tr>\n<tr>\n<td width=\"195\">&nbsp;<\/td>\n<td width=\"423\">\n<p style=\"text-align: center\"><strong>IAP<\/strong><\/p>\n<\/td>\n<\/tr>\n<tr>\n<td width=\"195\">FASCIA 1<\/td>\n<td width=\"423\">\n<p style=\"text-align: center\">\u20ac 1.087.37<\/p>\n<\/td>\n<\/tr>\n<tr>\n<td width=\"195\">FASCIA 2<\/td>\n<td width=\"423\">\n<p style=\"text-align: center\">\u20ac 1.430,16<\/p>\n<\/td>\n<\/tr>\n<tr>\n<td width=\"195\">FASCIA 3<\/td>\n<td width=\"423\">\n<p style=\"text-align: center\">\u20ac 1.772,96<\/p>\n<\/td>\n<\/tr>\n<tr>\n<td width=\"195\">FASCIA 4<\/td>\n<td width=\"423\">\n<p style=\"text-align: center\">\u20ac 2.115,76<\/p>\n<\/td>\n<\/tr>\n<\/tbody>\n<\/table>\n<p>&nbsp;<\/p>\n<p>(M. Mazzanti)<\/p>\n<p>&nbsp;<\/p>\n<p>&nbsp;<\/p>\n<p>&nbsp;<\/p>\n<p>&nbsp;<\/p>\n<p>&nbsp;<\/p>\n<p>&nbsp;<\/p>\n<p>&nbsp;<\/p>\n<p>&nbsp;<\/p>\n<p>&nbsp;<\/p>\n<p>&nbsp;<\/p>\n<p>&nbsp;<\/p>\n<p>&nbsp;<\/p>\n<p>&nbsp;<\/p>\n<p>&nbsp;<\/p>\n<p>&nbsp;<\/p>\n<p>&nbsp;<\/p>\n<p>&nbsp;<\/p>\n<p>&nbsp;<\/p>\n<p>&nbsp;<\/p>\n<p>&nbsp;<\/p>\n<p>&nbsp;<\/p>\n<p>&nbsp;<\/p>\n","protected":false},"excerpt":{"rendered":"<p>Contributi Coltivatori diretti e IA P &#8211; aliquote 2017. Con circolare n\u00b0 96 del 31\/05\/2017, la Direzione Centrale Entrate dell\u2019INPS ha pubblicato le tabelle contributive per i coltivatori diretti, coloni, mezzadri e imprenditori agricoli professionali per l\u2019anno 2017. Pubblichiamo le tavole riassuntive Contribuzione IVS. Il calcolo dei contributi I.V.S., dovuti dai lavoratori autonomi dell\u2019agricoltura, come<\/p>\n","protected":false},"author":7,"featured_media":0,"comment_status":"open","ping_status":"open","sticky":false,"template":"","format":"standard","meta":{"wp_mapbox_gl_js_media":[],"footnotes":""},"categories":[29],"tags":[],"class_list":["post-1417","post","type-post","status-publish","format-standard","hentry","category-archivio"],"yoast_head":"<!-- This site is optimized with the Yoast SEO plugin v26.8 - https:\/\/yoast.com\/product\/yoast-seo-wordpress\/ -->\n<title>CONTRIBUTI COLTIVATORI DIRETTI E IA P - ALIQUOTE 2017. - Confagricoltura Bologna<\/title>\n<meta name=\"robots\" content=\"index, follow, max-snippet:-1, max-image-preview:large, max-video-preview:-1\" \/>\n<link rel=\"canonical\" href=\"https:\/\/www.confagricoltura.org\/bologna\/contributi-coltivatori-diretti-ia-p-aliquote-2017\/\" \/>\n<meta property=\"og:locale\" content=\"it_IT\" \/>\n<meta property=\"og:type\" content=\"article\" \/>\n<meta property=\"og:title\" content=\"CONTRIBUTI COLTIVATORI DIRETTI E IA P - ALIQUOTE 2017. - Confagricoltura Bologna\" \/>\n<meta property=\"og:description\" content=\"Contributi Coltivatori diretti e IA P &#8211; aliquote 2017. Con circolare n\u00b0 96 del 31\/05\/2017, la Direzione Centrale Entrate dell\u2019INPS ha pubblicato le tabelle contributive per i coltivatori diretti, coloni, mezzadri e imprenditori agricoli professionali per l\u2019anno 2017. Pubblichiamo le tavole riassuntive Contribuzione IVS. Il calcolo dei contributi I.V.S., dovuti dai lavoratori autonomi dell\u2019agricoltura, come\" \/>\n<meta property=\"og:url\" content=\"https:\/\/www.confagricoltura.org\/bologna\/contributi-coltivatori-diretti-ia-p-aliquote-2017\/\" \/>\n<meta property=\"og:site_name\" content=\"Confagricoltura Bologna\" \/>\n<meta property=\"article:published_time\" content=\"2017-06-12T14:02:52+00:00\" \/>\n<meta property=\"article:modified_time\" content=\"2021-03-11T12:26:00+00:00\" \/>\n<meta name=\"author\" content=\"confagricolturabologna\" \/>\n<meta name=\"twitter:card\" content=\"summary_large_image\" \/>\n<meta name=\"twitter:label1\" content=\"Scritto da\" \/>\n\t<meta name=\"twitter:data1\" content=\"confagricolturabologna\" \/>\n\t<meta name=\"twitter:label2\" content=\"Tempo di lettura stimato\" \/>\n\t<meta name=\"twitter:data2\" content=\"5 minuti\" \/>\n<script type=\"application\/ld+json\" class=\"yoast-schema-graph\">{\"@context\":\"https:\/\/schema.org\",\"@graph\":[{\"@type\":\"Article\",\"@id\":\"https:\/\/www.confagricoltura.org\/bologna\/contributi-coltivatori-diretti-ia-p-aliquote-2017\/#article\",\"isPartOf\":{\"@id\":\"https:\/\/www.confagricoltura.org\/bologna\/contributi-coltivatori-diretti-ia-p-aliquote-2017\/\"},\"author\":{\"name\":\"confagricolturabologna\",\"@id\":\"https:\/\/www.confagricoltura.org\/bologna\/#\/schema\/person\/277baa2a725fb840103c5f8898746c7f\"},\"headline\":\"CONTRIBUTI COLTIVATORI DIRETTI E IA P &#8211; ALIQUOTE 2017.\",\"datePublished\":\"2017-06-12T14:02:52+00:00\",\"dateModified\":\"2021-03-11T12:26:00+00:00\",\"mainEntityOfPage\":{\"@id\":\"https:\/\/www.confagricoltura.org\/bologna\/contributi-coltivatori-diretti-ia-p-aliquote-2017\/\"},\"wordCount\":974,\"commentCount\":1,\"articleSection\":[\"Archivio\"],\"inLanguage\":\"it-IT\"},{\"@type\":\"WebPage\",\"@id\":\"https:\/\/www.confagricoltura.org\/bologna\/contributi-coltivatori-diretti-ia-p-aliquote-2017\/\",\"url\":\"https:\/\/www.confagricoltura.org\/bologna\/contributi-coltivatori-diretti-ia-p-aliquote-2017\/\",\"name\":\"CONTRIBUTI COLTIVATORI DIRETTI E IA P - ALIQUOTE 2017. - Confagricoltura Bologna\",\"isPartOf\":{\"@id\":\"https:\/\/www.confagricoltura.org\/bologna\/#website\"},\"datePublished\":\"2017-06-12T14:02:52+00:00\",\"dateModified\":\"2021-03-11T12:26:00+00:00\",\"author\":{\"@id\":\"https:\/\/www.confagricoltura.org\/bologna\/#\/schema\/person\/277baa2a725fb840103c5f8898746c7f\"},\"breadcrumb\":{\"@id\":\"https:\/\/www.confagricoltura.org\/bologna\/contributi-coltivatori-diretti-ia-p-aliquote-2017\/#breadcrumb\"},\"inLanguage\":\"it-IT\",\"potentialAction\":[{\"@type\":\"ReadAction\",\"target\":[\"https:\/\/www.confagricoltura.org\/bologna\/contributi-coltivatori-diretti-ia-p-aliquote-2017\/\"]}]},{\"@type\":\"BreadcrumbList\",\"@id\":\"https:\/\/www.confagricoltura.org\/bologna\/contributi-coltivatori-diretti-ia-p-aliquote-2017\/#breadcrumb\",\"itemListElement\":[{\"@type\":\"ListItem\",\"position\":1,\"name\":\"Home\",\"item\":\"https:\/\/www.confagricoltura.org\/bologna\/\"},{\"@type\":\"ListItem\",\"position\":2,\"name\":\"CONTRIBUTI COLTIVATORI DIRETTI E IA P &#8211; ALIQUOTE 2017.\"}]},{\"@type\":\"WebSite\",\"@id\":\"https:\/\/www.confagricoltura.org\/bologna\/#website\",\"url\":\"https:\/\/www.confagricoltura.org\/bologna\/\",\"name\":\"Confagricoltura Bologna\",\"description\":\"Dalla parte degli Agricoltori\",\"potentialAction\":[{\"@type\":\"SearchAction\",\"target\":{\"@type\":\"EntryPoint\",\"urlTemplate\":\"https:\/\/www.confagricoltura.org\/bologna\/?s={search_term_string}\"},\"query-input\":{\"@type\":\"PropertyValueSpecification\",\"valueRequired\":true,\"valueName\":\"search_term_string\"}}],\"inLanguage\":\"it-IT\"},{\"@type\":\"Person\",\"@id\":\"https:\/\/www.confagricoltura.org\/bologna\/#\/schema\/person\/277baa2a725fb840103c5f8898746c7f\",\"name\":\"confagricolturabologna\",\"image\":{\"@type\":\"ImageObject\",\"inLanguage\":\"it-IT\",\"@id\":\"https:\/\/www.confagricoltura.org\/bologna\/#\/schema\/person\/image\/\",\"url\":\"https:\/\/secure.gravatar.com\/avatar\/edd9a034f35ea6aeadaf9744d1135acc?s=96&d=mm&r=g\",\"contentUrl\":\"https:\/\/secure.gravatar.com\/avatar\/edd9a034f35ea6aeadaf9744d1135acc?s=96&d=mm&r=g\",\"caption\":\"confagricolturabologna\"},\"url\":\"https:\/\/www.confagricoltura.org\/bologna\/author\/confagricolturabologna\/\"}]}<\/script>\n<!-- \/ Yoast SEO plugin. -->","yoast_head_json":{"title":"CONTRIBUTI COLTIVATORI DIRETTI E IA P - ALIQUOTE 2017. - Confagricoltura Bologna","robots":{"index":"index","follow":"follow","max-snippet":"max-snippet:-1","max-image-preview":"max-image-preview:large","max-video-preview":"max-video-preview:-1"},"canonical":"https:\/\/www.confagricoltura.org\/bologna\/contributi-coltivatori-diretti-ia-p-aliquote-2017\/","og_locale":"it_IT","og_type":"article","og_title":"CONTRIBUTI COLTIVATORI DIRETTI E IA P - ALIQUOTE 2017. - Confagricoltura Bologna","og_description":"Contributi Coltivatori diretti e IA P &#8211; aliquote 2017. Con circolare n\u00b0 96 del 31\/05\/2017, la Direzione Centrale Entrate dell\u2019INPS ha pubblicato le tabelle contributive per i coltivatori diretti, coloni, mezzadri e imprenditori agricoli professionali per l\u2019anno 2017. Pubblichiamo le tavole riassuntive Contribuzione IVS. Il calcolo dei contributi I.V.S., dovuti dai lavoratori autonomi dell\u2019agricoltura, come","og_url":"https:\/\/www.confagricoltura.org\/bologna\/contributi-coltivatori-diretti-ia-p-aliquote-2017\/","og_site_name":"Confagricoltura Bologna","article_published_time":"2017-06-12T14:02:52+00:00","article_modified_time":"2021-03-11T12:26:00+00:00","author":"confagricolturabologna","twitter_card":"summary_large_image","twitter_misc":{"Scritto da":"confagricolturabologna","Tempo di lettura stimato":"5 minuti"},"schema":{"@context":"https:\/\/schema.org","@graph":[{"@type":"Article","@id":"https:\/\/www.confagricoltura.org\/bologna\/contributi-coltivatori-diretti-ia-p-aliquote-2017\/#article","isPartOf":{"@id":"https:\/\/www.confagricoltura.org\/bologna\/contributi-coltivatori-diretti-ia-p-aliquote-2017\/"},"author":{"name":"confagricolturabologna","@id":"https:\/\/www.confagricoltura.org\/bologna\/#\/schema\/person\/277baa2a725fb840103c5f8898746c7f"},"headline":"CONTRIBUTI COLTIVATORI DIRETTI E IA P &#8211; ALIQUOTE 2017.","datePublished":"2017-06-12T14:02:52+00:00","dateModified":"2021-03-11T12:26:00+00:00","mainEntityOfPage":{"@id":"https:\/\/www.confagricoltura.org\/bologna\/contributi-coltivatori-diretti-ia-p-aliquote-2017\/"},"wordCount":974,"commentCount":1,"articleSection":["Archivio"],"inLanguage":"it-IT"},{"@type":"WebPage","@id":"https:\/\/www.confagricoltura.org\/bologna\/contributi-coltivatori-diretti-ia-p-aliquote-2017\/","url":"https:\/\/www.confagricoltura.org\/bologna\/contributi-coltivatori-diretti-ia-p-aliquote-2017\/","name":"CONTRIBUTI COLTIVATORI DIRETTI E IA P - ALIQUOTE 2017. - Confagricoltura Bologna","isPartOf":{"@id":"https:\/\/www.confagricoltura.org\/bologna\/#website"},"datePublished":"2017-06-12T14:02:52+00:00","dateModified":"2021-03-11T12:26:00+00:00","author":{"@id":"https:\/\/www.confagricoltura.org\/bologna\/#\/schema\/person\/277baa2a725fb840103c5f8898746c7f"},"breadcrumb":{"@id":"https:\/\/www.confagricoltura.org\/bologna\/contributi-coltivatori-diretti-ia-p-aliquote-2017\/#breadcrumb"},"inLanguage":"it-IT","potentialAction":[{"@type":"ReadAction","target":["https:\/\/www.confagricoltura.org\/bologna\/contributi-coltivatori-diretti-ia-p-aliquote-2017\/"]}]},{"@type":"BreadcrumbList","@id":"https:\/\/www.confagricoltura.org\/bologna\/contributi-coltivatori-diretti-ia-p-aliquote-2017\/#breadcrumb","itemListElement":[{"@type":"ListItem","position":1,"name":"Home","item":"https:\/\/www.confagricoltura.org\/bologna\/"},{"@type":"ListItem","position":2,"name":"CONTRIBUTI COLTIVATORI DIRETTI E IA P &#8211; ALIQUOTE 2017."}]},{"@type":"WebSite","@id":"https:\/\/www.confagricoltura.org\/bologna\/#website","url":"https:\/\/www.confagricoltura.org\/bologna\/","name":"Confagricoltura Bologna","description":"Dalla parte degli Agricoltori","potentialAction":[{"@type":"SearchAction","target":{"@type":"EntryPoint","urlTemplate":"https:\/\/www.confagricoltura.org\/bologna\/?s={search_term_string}"},"query-input":{"@type":"PropertyValueSpecification","valueRequired":true,"valueName":"search_term_string"}}],"inLanguage":"it-IT"},{"@type":"Person","@id":"https:\/\/www.confagricoltura.org\/bologna\/#\/schema\/person\/277baa2a725fb840103c5f8898746c7f","name":"confagricolturabologna","image":{"@type":"ImageObject","inLanguage":"it-IT","@id":"https:\/\/www.confagricoltura.org\/bologna\/#\/schema\/person\/image\/","url":"https:\/\/secure.gravatar.com\/avatar\/edd9a034f35ea6aeadaf9744d1135acc?s=96&d=mm&r=g","contentUrl":"https:\/\/secure.gravatar.com\/avatar\/edd9a034f35ea6aeadaf9744d1135acc?s=96&d=mm&r=g","caption":"confagricolturabologna"},"url":"https:\/\/www.confagricoltura.org\/bologna\/author\/confagricolturabologna\/"}]}},"_links":{"self":[{"href":"https:\/\/www.confagricoltura.org\/bologna\/wp-json\/wp\/v2\/posts\/1417","targetHints":{"allow":["GET"]}}],"collection":[{"href":"https:\/\/www.confagricoltura.org\/bologna\/wp-json\/wp\/v2\/posts"}],"about":[{"href":"https:\/\/www.confagricoltura.org\/bologna\/wp-json\/wp\/v2\/types\/post"}],"author":[{"embeddable":true,"href":"https:\/\/www.confagricoltura.org\/bologna\/wp-json\/wp\/v2\/users\/7"}],"replies":[{"embeddable":true,"href":"https:\/\/www.confagricoltura.org\/bologna\/wp-json\/wp\/v2\/comments?post=1417"}],"version-history":[{"count":1,"href":"https:\/\/www.confagricoltura.org\/bologna\/wp-json\/wp\/v2\/posts\/1417\/revisions"}],"predecessor-version":[{"id":4849,"href":"https:\/\/www.confagricoltura.org\/bologna\/wp-json\/wp\/v2\/posts\/1417\/revisions\/4849"}],"wp:attachment":[{"href":"https:\/\/www.confagricoltura.org\/bologna\/wp-json\/wp\/v2\/media?parent=1417"}],"wp:term":[{"taxonomy":"category","embeddable":true,"href":"https:\/\/www.confagricoltura.org\/bologna\/wp-json\/wp\/v2\/categories?post=1417"},{"taxonomy":"post_tag","embeddable":true,"href":"https:\/\/www.confagricoltura.org\/bologna\/wp-json\/wp\/v2\/tags?post=1417"}],"curies":[{"name":"wp","href":"https:\/\/api.w.org\/{rel}","templated":true}]}}