{"id":1338,"date":"2017-05-15T16:22:16","date_gmt":"2017-05-15T14:22:16","guid":{"rendered":"http:\/\/www.confagricoltura.org\/bologna\/?p=1338"},"modified":"2021-03-11T13:26:00","modified_gmt":"2021-03-11T12:26:00","slug":"cristina-orsini-holerilla-si-racconta-al-convegno-inventarsi-un-lavoro-montecitorio-15-maggio","status":"publish","type":"post","link":"https:\/\/www.confagricoltura.org\/bologna\/cristina-orsini-holerilla-si-racconta-al-convegno-inventarsi-un-lavoro-montecitorio-15-maggio\/","title":{"rendered":"Cristina Orsini (Holerilla) si racconta al convegno &#8220;Inventarsi un lavoro&#8221; a Montecitorio il 15 maggio"},"content":{"rendered":"<p>La disoccupazione femminile in Italia \u00e8 tra le pi\u00f9 elevate d&#8217;Europa, tante donne non riescono a rimanere occupate dopo aver avuto un figlio e siamo ancora lontani dalla parit\u00e0 salariale. In questo scenario negativo spicca una tendenza decisamente opposta: l&#8217;imprenditoria femminile cresce moltissimo ed \u00e8 cresciuta soprattutto dall&#8217;inizio della crisi ad oggi. Ed \u00e8 proprio di imprenditoria femminile in tempo di crisi che si \u00e8 parlato il 15 maggio, nella Sala Aldo Moro di palazzo Montecitorio, con Mario Catania, Alberta Parissi, Eva Barrera, ed alcune donne imprenditrici, tra le quali due di Confagricoltura Donna: Arianna Vulpiani, di Bio Farm Orto, e Maria Cristina Orsini, dell&#8217;azienda Holerilla, associata a Confagricoltura Bologna.<\/p>\n<p>Vulpiani \u00e8 una giovane imprenditrice appartenente ad una famiglia di agricoltori da generazioni. Produce olio extravergine della Sabina, in provincia di Rieti. Ha preso inoltre in affitto tre ettari di terreno alle porte di Roma, tra la via Tiberina e la via Flaminia, dove si coltivano ortaggi biologici destinati ai cittadini della Capitale.<\/p>\n<p>Orsini \u00e8 titolare di Holerilla (dal latino holera-verdure e illa-piccole). La sua azienda nasce due anni fa all\u2019interno di un edificio rurale dismesso grazie all\u2019idea di Cristina, agronoma e ricercatrice universitaria, che da vera pioniera in Italia si \u00e8 cimentata nella produzione di piante edibili, seguendo gli esempi di aziende d\u2019oltreoceano dove i microgreen sono gi\u00e0 un business.<\/p>\n<p>Le storie d\u2019impresa sono state tutte raccolte tramite una call aperta e selezionate in modo da offrire il pi\u00f9 vario campione possibile.<\/p>\n","protected":false},"excerpt":{"rendered":"<p>La disoccupazione femminile in Italia \u00e8 tra le pi\u00f9 elevate d&#8217;Europa, tante donne non riescono a rimanere occupate dopo aver avuto un figlio e siamo ancora lontani dalla parit\u00e0 salariale. In questo scenario negativo spicca una tendenza decisamente opposta: l&#8217;imprenditoria femminile cresce moltissimo ed \u00e8 cresciuta soprattutto dall&#8217;inizio della crisi ad oggi. Ed \u00e8 proprio<\/p>\n","protected":false},"author":7,"featured_media":1339,"comment_status":"open","ping_status":"open","sticky":true,"template":"","format":"standard","meta":{"wp_mapbox_gl_js_media":[],"footnotes":""},"categories":[29],"tags":[],"class_list":["post-1338","post","type-post","status-publish","format-standard","has-post-thumbnail","hentry","category-archivio"],"yoast_head":"<!-- This site is optimized with the Yoast SEO plugin v26.8 - https:\/\/yoast.com\/product\/yoast-seo-wordpress\/ -->\n<title>Cristina Orsini (Holerilla) si racconta al convegno &quot;Inventarsi un lavoro&quot; a Montecitorio il 15 maggio - Confagricoltura Bologna<\/title>\n<meta name=\"robots\" content=\"index, follow, max-snippet:-1, max-image-preview:large, max-video-preview:-1\" \/>\n<link rel=\"canonical\" href=\"https:\/\/www.confagricoltura.org\/bologna\/cristina-orsini-holerilla-si-racconta-al-convegno-inventarsi-un-lavoro-montecitorio-15-maggio\/\" \/>\n<meta property=\"og:locale\" content=\"it_IT\" \/>\n<meta property=\"og:type\" content=\"article\" \/>\n<meta property=\"og:title\" content=\"Cristina Orsini (Holerilla) si racconta al convegno &quot;Inventarsi un lavoro&quot; a Montecitorio il 15 maggio - Confagricoltura Bologna\" \/>\n<meta property=\"og:description\" content=\"La disoccupazione femminile in Italia \u00e8 tra le pi\u00f9 elevate d&#8217;Europa, tante donne non riescono a rimanere occupate dopo aver avuto un figlio e siamo ancora lontani dalla parit\u00e0 salariale. In questo scenario negativo spicca una tendenza decisamente opposta: l&#8217;imprenditoria femminile cresce moltissimo ed \u00e8 cresciuta soprattutto dall&#8217;inizio della crisi ad oggi. Ed \u00e8 proprio\" \/>\n<meta property=\"og:url\" content=\"https:\/\/www.confagricoltura.org\/bologna\/cristina-orsini-holerilla-si-racconta-al-convegno-inventarsi-un-lavoro-montecitorio-15-maggio\/\" \/>\n<meta property=\"og:site_name\" content=\"Confagricoltura Bologna\" \/>\n<meta property=\"article:published_time\" content=\"2017-05-15T14:22:16+00:00\" \/>\n<meta property=\"article:modified_time\" content=\"2021-03-11T12:26:00+00:00\" \/>\n<meta name=\"author\" content=\"confagricolturabologna\" \/>\n<meta name=\"twitter:card\" content=\"summary_large_image\" \/>\n<meta name=\"twitter:label1\" content=\"Scritto da\" \/>\n\t<meta name=\"twitter:data1\" content=\"confagricolturabologna\" \/>\n\t<meta name=\"twitter:label2\" content=\"Tempo di lettura stimato\" \/>\n\t<meta name=\"twitter:data2\" content=\"1 minuto\" \/>\n<script type=\"application\/ld+json\" class=\"yoast-schema-graph\">{\"@context\":\"https:\/\/schema.org\",\"@graph\":[{\"@type\":\"Article\",\"@id\":\"https:\/\/www.confagricoltura.org\/bologna\/cristina-orsini-holerilla-si-racconta-al-convegno-inventarsi-un-lavoro-montecitorio-15-maggio\/#article\",\"isPartOf\":{\"@id\":\"https:\/\/www.confagricoltura.org\/bologna\/cristina-orsini-holerilla-si-racconta-al-convegno-inventarsi-un-lavoro-montecitorio-15-maggio\/\"},\"author\":{\"name\":\"confagricolturabologna\",\"@id\":\"https:\/\/www.confagricoltura.org\/bologna\/#\/schema\/person\/277baa2a725fb840103c5f8898746c7f\"},\"headline\":\"Cristina Orsini (Holerilla) si racconta al convegno &#8220;Inventarsi un lavoro&#8221; a Montecitorio il 15 maggio\",\"datePublished\":\"2017-05-15T14:22:16+00:00\",\"dateModified\":\"2021-03-11T12:26:00+00:00\",\"mainEntityOfPage\":{\"@id\":\"https:\/\/www.confagricoltura.org\/bologna\/cristina-orsini-holerilla-si-racconta-al-convegno-inventarsi-un-lavoro-montecitorio-15-maggio\/\"},\"wordCount\":257,\"commentCount\":0,\"image\":{\"@id\":\"https:\/\/www.confagricoltura.org\/bologna\/cristina-orsini-holerilla-si-racconta-al-convegno-inventarsi-un-lavoro-montecitorio-15-maggio\/#primaryimage\"},\"thumbnailUrl\":\"\",\"articleSection\":[\"Archivio\"],\"inLanguage\":\"it-IT\"},{\"@type\":\"WebPage\",\"@id\":\"https:\/\/www.confagricoltura.org\/bologna\/cristina-orsini-holerilla-si-racconta-al-convegno-inventarsi-un-lavoro-montecitorio-15-maggio\/\",\"url\":\"https:\/\/www.confagricoltura.org\/bologna\/cristina-orsini-holerilla-si-racconta-al-convegno-inventarsi-un-lavoro-montecitorio-15-maggio\/\",\"name\":\"Cristina Orsini (Holerilla) si racconta al convegno \\\"Inventarsi un lavoro\\\" a Montecitorio il 15 maggio - Confagricoltura Bologna\",\"isPartOf\":{\"@id\":\"https:\/\/www.confagricoltura.org\/bologna\/#website\"},\"primaryImageOfPage\":{\"@id\":\"https:\/\/www.confagricoltura.org\/bologna\/cristina-orsini-holerilla-si-racconta-al-convegno-inventarsi-un-lavoro-montecitorio-15-maggio\/#primaryimage\"},\"image\":{\"@id\":\"https:\/\/www.confagricoltura.org\/bologna\/cristina-orsini-holerilla-si-racconta-al-convegno-inventarsi-un-lavoro-montecitorio-15-maggio\/#primaryimage\"},\"thumbnailUrl\":\"\",\"datePublished\":\"2017-05-15T14:22:16+00:00\",\"dateModified\":\"2021-03-11T12:26:00+00:00\",\"author\":{\"@id\":\"https:\/\/www.confagricoltura.org\/bologna\/#\/schema\/person\/277baa2a725fb840103c5f8898746c7f\"},\"breadcrumb\":{\"@id\":\"https:\/\/www.confagricoltura.org\/bologna\/cristina-orsini-holerilla-si-racconta-al-convegno-inventarsi-un-lavoro-montecitorio-15-maggio\/#breadcrumb\"},\"inLanguage\":\"it-IT\",\"potentialAction\":[{\"@type\":\"ReadAction\",\"target\":[\"https:\/\/www.confagricoltura.org\/bologna\/cristina-orsini-holerilla-si-racconta-al-convegno-inventarsi-un-lavoro-montecitorio-15-maggio\/\"]}]},{\"@type\":\"ImageObject\",\"inLanguage\":\"it-IT\",\"@id\":\"https:\/\/www.confagricoltura.org\/bologna\/cristina-orsini-holerilla-si-racconta-al-convegno-inventarsi-un-lavoro-montecitorio-15-maggio\/#primaryimage\",\"url\":\"\",\"contentUrl\":\"\"},{\"@type\":\"BreadcrumbList\",\"@id\":\"https:\/\/www.confagricoltura.org\/bologna\/cristina-orsini-holerilla-si-racconta-al-convegno-inventarsi-un-lavoro-montecitorio-15-maggio\/#breadcrumb\",\"itemListElement\":[{\"@type\":\"ListItem\",\"position\":1,\"name\":\"Home\",\"item\":\"https:\/\/www.confagricoltura.org\/bologna\/\"},{\"@type\":\"ListItem\",\"position\":2,\"name\":\"Cristina Orsini (Holerilla) si racconta al convegno &#8220;Inventarsi un lavoro&#8221; a Montecitorio il 15 maggio\"}]},{\"@type\":\"WebSite\",\"@id\":\"https:\/\/www.confagricoltura.org\/bologna\/#website\",\"url\":\"https:\/\/www.confagricoltura.org\/bologna\/\",\"name\":\"Confagricoltura Bologna\",\"description\":\"Dalla parte degli Agricoltori\",\"potentialAction\":[{\"@type\":\"SearchAction\",\"target\":{\"@type\":\"EntryPoint\",\"urlTemplate\":\"https:\/\/www.confagricoltura.org\/bologna\/?s={search_term_string}\"},\"query-input\":{\"@type\":\"PropertyValueSpecification\",\"valueRequired\":true,\"valueName\":\"search_term_string\"}}],\"inLanguage\":\"it-IT\"},{\"@type\":\"Person\",\"@id\":\"https:\/\/www.confagricoltura.org\/bologna\/#\/schema\/person\/277baa2a725fb840103c5f8898746c7f\",\"name\":\"confagricolturabologna\",\"image\":{\"@type\":\"ImageObject\",\"inLanguage\":\"it-IT\",\"@id\":\"https:\/\/www.confagricoltura.org\/bologna\/#\/schema\/person\/image\/\",\"url\":\"https:\/\/secure.gravatar.com\/avatar\/edd9a034f35ea6aeadaf9744d1135acc?s=96&d=mm&r=g\",\"contentUrl\":\"https:\/\/secure.gravatar.com\/avatar\/edd9a034f35ea6aeadaf9744d1135acc?s=96&d=mm&r=g\",\"caption\":\"confagricolturabologna\"},\"url\":\"https:\/\/www.confagricoltura.org\/bologna\/author\/confagricolturabologna\/\"}]}<\/script>\n<!-- \/ Yoast SEO plugin. -->","yoast_head_json":{"title":"Cristina Orsini (Holerilla) si racconta al convegno \"Inventarsi un lavoro\" a Montecitorio il 15 maggio - Confagricoltura Bologna","robots":{"index":"index","follow":"follow","max-snippet":"max-snippet:-1","max-image-preview":"max-image-preview:large","max-video-preview":"max-video-preview:-1"},"canonical":"https:\/\/www.confagricoltura.org\/bologna\/cristina-orsini-holerilla-si-racconta-al-convegno-inventarsi-un-lavoro-montecitorio-15-maggio\/","og_locale":"it_IT","og_type":"article","og_title":"Cristina Orsini (Holerilla) si racconta al convegno \"Inventarsi un lavoro\" a Montecitorio il 15 maggio - Confagricoltura Bologna","og_description":"La disoccupazione femminile in Italia \u00e8 tra le pi\u00f9 elevate d&#8217;Europa, tante donne non riescono a rimanere occupate dopo aver avuto un figlio e siamo ancora lontani dalla parit\u00e0 salariale. In questo scenario negativo spicca una tendenza decisamente opposta: l&#8217;imprenditoria femminile cresce moltissimo ed \u00e8 cresciuta soprattutto dall&#8217;inizio della crisi ad oggi. Ed \u00e8 proprio","og_url":"https:\/\/www.confagricoltura.org\/bologna\/cristina-orsini-holerilla-si-racconta-al-convegno-inventarsi-un-lavoro-montecitorio-15-maggio\/","og_site_name":"Confagricoltura Bologna","article_published_time":"2017-05-15T14:22:16+00:00","article_modified_time":"2021-03-11T12:26:00+00:00","author":"confagricolturabologna","twitter_card":"summary_large_image","twitter_misc":{"Scritto da":"confagricolturabologna","Tempo di lettura stimato":"1 minuto"},"schema":{"@context":"https:\/\/schema.org","@graph":[{"@type":"Article","@id":"https:\/\/www.confagricoltura.org\/bologna\/cristina-orsini-holerilla-si-racconta-al-convegno-inventarsi-un-lavoro-montecitorio-15-maggio\/#article","isPartOf":{"@id":"https:\/\/www.confagricoltura.org\/bologna\/cristina-orsini-holerilla-si-racconta-al-convegno-inventarsi-un-lavoro-montecitorio-15-maggio\/"},"author":{"name":"confagricolturabologna","@id":"https:\/\/www.confagricoltura.org\/bologna\/#\/schema\/person\/277baa2a725fb840103c5f8898746c7f"},"headline":"Cristina Orsini (Holerilla) si racconta al convegno &#8220;Inventarsi un lavoro&#8221; a Montecitorio il 15 maggio","datePublished":"2017-05-15T14:22:16+00:00","dateModified":"2021-03-11T12:26:00+00:00","mainEntityOfPage":{"@id":"https:\/\/www.confagricoltura.org\/bologna\/cristina-orsini-holerilla-si-racconta-al-convegno-inventarsi-un-lavoro-montecitorio-15-maggio\/"},"wordCount":257,"commentCount":0,"image":{"@id":"https:\/\/www.confagricoltura.org\/bologna\/cristina-orsini-holerilla-si-racconta-al-convegno-inventarsi-un-lavoro-montecitorio-15-maggio\/#primaryimage"},"thumbnailUrl":"","articleSection":["Archivio"],"inLanguage":"it-IT"},{"@type":"WebPage","@id":"https:\/\/www.confagricoltura.org\/bologna\/cristina-orsini-holerilla-si-racconta-al-convegno-inventarsi-un-lavoro-montecitorio-15-maggio\/","url":"https:\/\/www.confagricoltura.org\/bologna\/cristina-orsini-holerilla-si-racconta-al-convegno-inventarsi-un-lavoro-montecitorio-15-maggio\/","name":"Cristina Orsini (Holerilla) si racconta al convegno \"Inventarsi un lavoro\" a Montecitorio il 15 maggio - Confagricoltura Bologna","isPartOf":{"@id":"https:\/\/www.confagricoltura.org\/bologna\/#website"},"primaryImageOfPage":{"@id":"https:\/\/www.confagricoltura.org\/bologna\/cristina-orsini-holerilla-si-racconta-al-convegno-inventarsi-un-lavoro-montecitorio-15-maggio\/#primaryimage"},"image":{"@id":"https:\/\/www.confagricoltura.org\/bologna\/cristina-orsini-holerilla-si-racconta-al-convegno-inventarsi-un-lavoro-montecitorio-15-maggio\/#primaryimage"},"thumbnailUrl":"","datePublished":"2017-05-15T14:22:16+00:00","dateModified":"2021-03-11T12:26:00+00:00","author":{"@id":"https:\/\/www.confagricoltura.org\/bologna\/#\/schema\/person\/277baa2a725fb840103c5f8898746c7f"},"breadcrumb":{"@id":"https:\/\/www.confagricoltura.org\/bologna\/cristina-orsini-holerilla-si-racconta-al-convegno-inventarsi-un-lavoro-montecitorio-15-maggio\/#breadcrumb"},"inLanguage":"it-IT","potentialAction":[{"@type":"ReadAction","target":["https:\/\/www.confagricoltura.org\/bologna\/cristina-orsini-holerilla-si-racconta-al-convegno-inventarsi-un-lavoro-montecitorio-15-maggio\/"]}]},{"@type":"ImageObject","inLanguage":"it-IT","@id":"https:\/\/www.confagricoltura.org\/bologna\/cristina-orsini-holerilla-si-racconta-al-convegno-inventarsi-un-lavoro-montecitorio-15-maggio\/#primaryimage","url":"","contentUrl":""},{"@type":"BreadcrumbList","@id":"https:\/\/www.confagricoltura.org\/bologna\/cristina-orsini-holerilla-si-racconta-al-convegno-inventarsi-un-lavoro-montecitorio-15-maggio\/#breadcrumb","itemListElement":[{"@type":"ListItem","position":1,"name":"Home","item":"https:\/\/www.confagricoltura.org\/bologna\/"},{"@type":"ListItem","position":2,"name":"Cristina Orsini (Holerilla) si racconta al convegno &#8220;Inventarsi un lavoro&#8221; a Montecitorio il 15 maggio"}]},{"@type":"WebSite","@id":"https:\/\/www.confagricoltura.org\/bologna\/#website","url":"https:\/\/www.confagricoltura.org\/bologna\/","name":"Confagricoltura Bologna","description":"Dalla parte degli Agricoltori","potentialAction":[{"@type":"SearchAction","target":{"@type":"EntryPoint","urlTemplate":"https:\/\/www.confagricoltura.org\/bologna\/?s={search_term_string}"},"query-input":{"@type":"PropertyValueSpecification","valueRequired":true,"valueName":"search_term_string"}}],"inLanguage":"it-IT"},{"@type":"Person","@id":"https:\/\/www.confagricoltura.org\/bologna\/#\/schema\/person\/277baa2a725fb840103c5f8898746c7f","name":"confagricolturabologna","image":{"@type":"ImageObject","inLanguage":"it-IT","@id":"https:\/\/www.confagricoltura.org\/bologna\/#\/schema\/person\/image\/","url":"https:\/\/secure.gravatar.com\/avatar\/edd9a034f35ea6aeadaf9744d1135acc?s=96&d=mm&r=g","contentUrl":"https:\/\/secure.gravatar.com\/avatar\/edd9a034f35ea6aeadaf9744d1135acc?s=96&d=mm&r=g","caption":"confagricolturabologna"},"url":"https:\/\/www.confagricoltura.org\/bologna\/author\/confagricolturabologna\/"}]}},"_links":{"self":[{"href":"https:\/\/www.confagricoltura.org\/bologna\/wp-json\/wp\/v2\/posts\/1338","targetHints":{"allow":["GET"]}}],"collection":[{"href":"https:\/\/www.confagricoltura.org\/bologna\/wp-json\/wp\/v2\/posts"}],"about":[{"href":"https:\/\/www.confagricoltura.org\/bologna\/wp-json\/wp\/v2\/types\/post"}],"author":[{"embeddable":true,"href":"https:\/\/www.confagricoltura.org\/bologna\/wp-json\/wp\/v2\/users\/7"}],"replies":[{"embeddable":true,"href":"https:\/\/www.confagricoltura.org\/bologna\/wp-json\/wp\/v2\/comments?post=1338"}],"version-history":[{"count":1,"href":"https:\/\/www.confagricoltura.org\/bologna\/wp-json\/wp\/v2\/posts\/1338\/revisions"}],"predecessor-version":[{"id":4863,"href":"https:\/\/www.confagricoltura.org\/bologna\/wp-json\/wp\/v2\/posts\/1338\/revisions\/4863"}],"wp:featuredmedia":[{"embeddable":true,"href":"https:\/\/www.confagricoltura.org\/bologna\/wp-json\/"}],"wp:attachment":[{"href":"https:\/\/www.confagricoltura.org\/bologna\/wp-json\/wp\/v2\/media?parent=1338"}],"wp:term":[{"taxonomy":"category","embeddable":true,"href":"https:\/\/www.confagricoltura.org\/bologna\/wp-json\/wp\/v2\/categories?post=1338"},{"taxonomy":"post_tag","embeddable":true,"href":"https:\/\/www.confagricoltura.org\/bologna\/wp-json\/wp\/v2\/tags?post=1338"}],"curies":[{"name":"wp","href":"https:\/\/api.w.org\/{rel}","templated":true}]}}